{"id":10384,"date":"2021-05-27T15:02:20","date_gmt":"2021-05-27T13:02:20","guid":{"rendered":"http:\/\/rt-europaallee.org\/wordpress\/?p=10384"},"modified":"2021-05-27T15:02:20","modified_gmt":"2021-05-27T13:02:20","slug":"goettinger-verkehrsbetriebe-eine-demonstration-in-goettinger-innenstadt-am-samstag-29-05-2021","status":"publish","type":"post","link":"https:\/\/rt-europaallee.de\/wordpress\/2021\/05\/goettinger-verkehrsbetriebe-eine-demonstration-in-goettinger-innenstadt-am-samstag-29-05-2021\/","title":{"rendered":"G\u00f6ttinger Verkehrsbetriebe: Eine Demonstration in G\u00f6ttinger Innenstadt am Samstag, 29.05.2021"},"content":{"rendered":"<p>(Quelle:\u00a0<a href=\"https:\/\/www.goevb.de\/service\/news\/details\/demonstration-am-samstag-29052021\">https:\/\/www.goevb.de\/service\/news\/details\/demonstration-am-samstag-29052021<\/a>)<\/p>\n<p>&nbsp;<\/p>\n<blockquote>\n<div class=\"col-header\">\n<h1>Demonstration am Samstag, 29.05.2021<\/h1>\n<div class=\"meta\"><a class=\"category\" href=\"https:\/\/www.goevb.de\/service\/news\/kategorie\/demonstration\">Demonstration <\/a> <span class=\"date\"> 27.05.2021 <\/span> <span class=\"news-backlink-wrap\"> <a title=\"Zur\u00fcck\"> zur\u00fcck <\/a> <\/span><\/div>\n<\/div>\n<div class=\"preview\">\n<div class=\"wrap-content fullwidth\">\n<div>\n<p>Am Samstag, 29.05.2021 findet in der Zeit von ca. 14:00 Uhr &#8211; 17:00 Uhr eine Demonstration unter dem Motto:<\/p>\n<p>&#8222;African Liberation Day&#8220;<\/p>\n<p>statt.<\/p>\n<p>Die Versammlung beginnt und endet beim G\u00e4nseliesel.<\/p>\n<p>Die Fortbewegungsstrecke:<\/p>\n<ul>\n<li>G\u00e4nseliesel<\/li>\n<li>Weender Str.<\/li>\n<li>Weender Landstr.<\/li>\n<li>Berliner Str.<\/li>\n<li>Goethe-Allee<\/li>\n<li>Prinzen Str.<\/li>\n<li>Gotmar Str.<\/li>\n<li>Zindel Str.<\/li>\n<li>Groner Str.<\/li>\n<li>Kornmarkt<\/li>\n<li>G\u00e4nseliesel<\/li>\n<\/ul>\n<\/div>\n<\/div>\n<\/div>\n<\/blockquote>\n","protected":false},"excerpt":{"rendered":"<p>(Quelle:\u00a0https:\/\/www.goevb.de\/service\/news\/details\/demonstration-am-samstag-29052021) &nbsp; Demonstration am Samstag, 29.05.2021 Demonstration 27.05.2021 zur\u00fcck Am Samstag, 29.05.2021 findet in der Zeit von ca. 14:00 Uhr &#8211; 17:00 Uhr eine Demonstration unter dem Motto: &#8222;African Liberation Day&#8220; statt. Die Versammlung beginnt und endet beim G\u00e4nseliesel. Die Fortbewegungsstrecke: G\u00e4nseliesel Weender Str. Weender Landstr. Berliner Str. Goethe-Allee Prinzen Str. Gotmar Str. Zindel Str. &#8230; <a title=\"G\u00f6ttinger Verkehrsbetriebe: Eine Demonstration in G\u00f6ttinger Innenstadt am Samstag, 29.05.2021\" class=\"read-more\" href=\"https:\/\/rt-europaallee.de\/wordpress\/2021\/05\/goettinger-verkehrsbetriebe-eine-demonstration-in-goettinger-innenstadt-am-samstag-29-05-2021\/\" aria-label=\"Mehr Informationen \u00fcber G\u00f6ttinger Verkehrsbetriebe: Eine Demonstration in G\u00f6ttinger Innenstadt am Samstag, 29.05.2021\">Weiterlesen<\/a><\/p>\n","protected":false},"author":3,"featured_media":0,"comment_status":"closed","ping_status":"open","sticky":false,"template":"","format":"standard","meta":{"footnotes":""},"categories":[1],"tags":[],"class_list":["post-10384","post","type-post","status-publish","format-standard","hentry","category-allgemein"],"_links":{"self":[{"href":"https:\/\/rt-europaallee.de\/wordpress\/wp-json\/wp\/v2\/posts\/10384","targetHints":{"allow":["GET"]}}],"collection":[{"href":"https:\/\/rt-europaallee.de\/wordpress\/wp-json\/wp\/v2\/posts"}],"about":[{"href":"https:\/\/rt-europaallee.de\/wordpress\/wp-json\/wp\/v2\/types\/post"}],"author":[{"embeddable":true,"href":"https:\/\/rt-europaallee.de\/wordpress\/wp-json\/wp\/v2\/users\/3"}],"replies":[{"embeddable":true,"href":"https:\/\/rt-europaallee.de\/wordpress\/wp-json\/wp\/v2\/comments?post=10384"}],"version-history":[{"count":1,"href":"https:\/\/rt-europaallee.de\/wordpress\/wp-json\/wp\/v2\/posts\/10384\/revisions"}],"predecessor-version":[{"id":10385,"href":"https:\/\/rt-europaallee.de\/wordpress\/wp-json\/wp\/v2\/posts\/10384\/revisions\/10385"}],"wp:attachment":[{"href":"https:\/\/rt-europaallee.de\/wordpress\/wp-json\/wp\/v2\/media?parent=10384"}],"wp:term":[{"taxonomy":"category","embeddable":true,"href":"https:\/\/rt-europaallee.de\/wordpress\/wp-json\/wp\/v2\/categories?post=10384"},{"taxonomy":"post_tag","embeddable":true,"href":"https:\/\/rt-europaallee.de\/wordpress\/wp-json\/wp\/v2\/tags?post=10384"}],"curies":[{"name":"wp","href":"https:\/\/api.w.org\/{rel}","templated":true}]}}