{"id":10386,"date":"2021-05-27T15:10:35","date_gmt":"2021-05-27T13:10:35","guid":{"rendered":"http:\/\/rt-europaallee.org\/wordpress\/?p=10386"},"modified":"2021-05-27T15:11:24","modified_gmt":"2021-05-27T13:11:24","slug":"hermann-kolbe-strasse-aufgrund-einer-baumassnahme-sartorius-von-montag-31-05-2021-bis-voraussichtlich-montag-28-06-2021-vollgesperrt","status":"publish","type":"post","link":"https:\/\/rt-europaallee.de\/wordpress\/2021\/05\/hermann-kolbe-strasse-aufgrund-einer-baumassnahme-sartorius-von-montag-31-05-2021-bis-voraussichtlich-montag-28-06-2021-vollgesperrt\/","title":{"rendered":"Hermann-Kolbe-Stra\u00dfe aufgrund einer Bauma\u00dfnahme (Sartorius) von Montag, 31.05.2021 bis voraussichtlich Montag, 28.06.2021 vollgesperrt."},"content":{"rendered":"<h4>(Quelle: <a href=\"https:\/\/www.goevb.de\/service\/news\/details\/sperrung-hermann-kolbe-strasse-1\">https:\/\/www.goevb.de\/service\/news\/details\/sperrung-hermann-kolbe-strasse-1<\/a>):<\/h4>\n<blockquote>\n<section class=\"no-space-bottom\">\n<div class=\"container\">\n<div class=\"row news news-single \">\n<div class=\"article intro\">\n<div class=\"col-header\">\n<h1>Sperrung Hermann-Kolbe-Stra\u00dfe<\/h1>\n<div class=\"meta\"><a class=\"category\" href=\"https:\/\/www.goevb.de\/service\/news\/kategorie\/baustelle\">Baustelle <\/a><a class=\"affected-routes affected-route-purple\" title=\"zu den Linien 71 \/ 72\" href=\"https:\/\/www.goevb.de\/fahrplaene\/linien#c8\"> 71 72 <\/a><a class=\"affected-routes affected-route-green-light\" title=\"zu den Linien 33\" href=\"https:\/\/www.goevb.de\/fahrplaene\/linien#c23\"> 33 <\/a><span class=\"date\"> 27.05.2021\u00a0<\/span><\/div>\n<\/div>\n<div class=\"preview\">\n<div class=\"wrap-image\"><\/div>\n<div class=\"wrap-content \">\n<div>\n<p>Die Hermann-Kolbe-Stra\u00dfe wird aufgrund einer Bauma\u00dfnahme<\/p>\n<p>von Montag, 31.05.2021 bis voraussichtlich Montag, 28.06.2021 vollgesperrt.<\/p>\n<\/div>\n<\/div>\n<\/div>\n<\/div>\n<\/div>\n<\/div>\n<\/section>\n<\/blockquote>\n<hr \/>\n<h4>(Quelle: <a href=\"https:\/\/vsninfo.de\/de\/verkehrsmeldungen\/stadt-goettingen\/baustelle-sartorius-einschraenkungen-in-goettingen-986?fbclid=IwAR3ja1Uw9XLPrxLppjYPIbkxbA3ktNANd49kgvpFOlqfXFlkmPgPMPW9gYI\">https:\/\/vsninfo.de\/de\/verkehrsmeldungen\/stadt-goettingen\/baustelle-sartorius-einschraenkungen-in-goettingen-986?<\/a>):<\/h4>\n<blockquote>\n<h1>Baustelle Sartorius &#8211; Einschr\u00e4nkungen in G\u00f6ttingen<\/h1>\n<h2>Linie: 110, 210, 220<\/h2>\n<p>Im Zuge der r\u00e4umlichen Expansion der Firma Sartorius stehen f\u00fcr die n\u00e4chsten Monate auf den Linien 110,210 und 220 diverse Sperrungen und Umleitungen bevor.<\/p>\n<p>Dies geschieht in drei Bauabschnitten:<\/p>\n<p><strong>1. Bauabschnitt:<\/strong><br \/>\nEin Teil der Herman-Kolbe-Stra\u00dfe wird voll gesperrt. Die stadtausw\u00e4rts fahrenden Busse der Linien 210 und 220 werden \u00fcber die Robert-Bosch-Breite und Otto-Brenner-Stra\u00dfe umgeleitet.\u00a0Die Busse der Linie 110 werden auch stadteinw\u00e4rts \u00fcber die Otto-Brenner-Stra\u00dfe umgeleitet. Die Haltestellen August-Spindler-Stra\u00dfe und Wilhelm-Berg-Stra\u00dfe k\u00f6nnen nicht bedient werden.<\/p>\n<p><strong>2. Bauabschnitt:<br \/>\n<\/strong> Ein Teil der Eisenbreite wird voll gesperrt. Die stadtausw\u00e4rts fahrenden Busse der Linien 210 und 220 werden \u00fcber die Hermann-Kolbe-Stra\u00dfe, Lenglerner Stra\u00dfe und Eisenbreite umgeleitet.<\/p>\n<p><strong>3. Bauabschnitt:<\/strong><br \/>\nDie Abfahrt B27 zum Kreisel Sartorius wird voll gesperrt. Die stadteinw\u00e4rts fahrenden Busse der Linie 220 werden weiter auf der B27 bis Abfahrt Rinschenrott \u00fcber den Maschm\u00fchlenweg und Hagenweg zur K\u00f6nigsallee, die Linie 210 wird \u00fcber Esebeck und Elliehausen umgeleitet.<br \/>\nDie Haltestellen Wilhelm-Berg-Stra\u00dfe, August-Spindler-Stra\u00dfe, Robert-Bosch-Breite, Wilhelm-Lambrecht-Stra\u00dfe, Florenz-Startorius-Stra\u00dfe, Rudolf-Winkel-Stra\u00dfe und Levinpark k\u00f6nnen durch die Linie 220 stadteinw\u00e4rts in Richtung ZOB nicht bedient werden. Die Stadtbushaltestelle Gr\u00e4tzelstra\u00dfe wird f\u00fcr Schulfahrten bedient. Die Linien 110 und 210 bedienen planm\u00e4\u00dfig alle Haltestellen im Stadtgebiet G\u00f6ttingen.<br \/>\nDie Bedienung von Lenglern durch die Linie 210 an den Wochenenden entf\u00e4llt in Fahrtrichtung G\u00f6ttingen. Bitte weichen Sie auf die Linien 220 sowie die Z\u00fcge der RB85 aus.<\/p>\n<p>Informationen zu der Umleitung der Stadtbusse erhalten Sie unter <a href=\"http:\/\/www.goevb.de\">www.goevb.de<\/a><\/p><\/blockquote>\n","protected":false},"excerpt":{"rendered":"<p>(Quelle: https:\/\/www.goevb.de\/service\/news\/details\/sperrung-hermann-kolbe-strasse-1): Sperrung Hermann-Kolbe-Stra\u00dfe Baustelle 71 72 33 27.05.2021\u00a0 Die Hermann-Kolbe-Stra\u00dfe wird aufgrund einer Bauma\u00dfnahme von Montag, 31.05.2021 bis voraussichtlich Montag, 28.06.2021 vollgesperrt. (Quelle: https:\/\/vsninfo.de\/de\/verkehrsmeldungen\/stadt-goettingen\/baustelle-sartorius-einschraenkungen-in-goettingen-986?): Baustelle Sartorius &#8211; Einschr\u00e4nkungen in G\u00f6ttingen Linie: 110, 210, 220 Im Zuge der r\u00e4umlichen Expansion der Firma Sartorius stehen f\u00fcr die n\u00e4chsten Monate auf den Linien 110,210 und 220 diverse &#8230; <a title=\"Hermann-Kolbe-Stra\u00dfe aufgrund einer Bauma\u00dfnahme (Sartorius) von Montag, 31.05.2021 bis voraussichtlich Montag, 28.06.2021 vollgesperrt.\" class=\"read-more\" href=\"https:\/\/rt-europaallee.de\/wordpress\/2021\/05\/hermann-kolbe-strasse-aufgrund-einer-baumassnahme-sartorius-von-montag-31-05-2021-bis-voraussichtlich-montag-28-06-2021-vollgesperrt\/\" aria-label=\"Mehr Informationen \u00fcber Hermann-Kolbe-Stra\u00dfe aufgrund einer Bauma\u00dfnahme (Sartorius) von Montag, 31.05.2021 bis voraussichtlich Montag, 28.06.2021 vollgesperrt.\">Weiterlesen<\/a><\/p>\n","protected":false},"author":3,"featured_media":0,"comment_status":"closed","ping_status":"open","sticky":false,"template":"","format":"standard","meta":{"footnotes":""},"categories":[1],"tags":[],"class_list":["post-10386","post","type-post","status-publish","format-standard","hentry","category-allgemein"],"_links":{"self":[{"href":"https:\/\/rt-europaallee.de\/wordpress\/wp-json\/wp\/v2\/posts\/10386","targetHints":{"allow":["GET"]}}],"collection":[{"href":"https:\/\/rt-europaallee.de\/wordpress\/wp-json\/wp\/v2\/posts"}],"about":[{"href":"https:\/\/rt-europaallee.de\/wordpress\/wp-json\/wp\/v2\/types\/post"}],"author":[{"embeddable":true,"href":"https:\/\/rt-europaallee.de\/wordpress\/wp-json\/wp\/v2\/users\/3"}],"replies":[{"embeddable":true,"href":"https:\/\/rt-europaallee.de\/wordpress\/wp-json\/wp\/v2\/comments?post=10386"}],"version-history":[{"count":3,"href":"https:\/\/rt-europaallee.de\/wordpress\/wp-json\/wp\/v2\/posts\/10386\/revisions"}],"predecessor-version":[{"id":10389,"href":"https:\/\/rt-europaallee.de\/wordpress\/wp-json\/wp\/v2\/posts\/10386\/revisions\/10389"}],"wp:attachment":[{"href":"https:\/\/rt-europaallee.de\/wordpress\/wp-json\/wp\/v2\/media?parent=10386"}],"wp:term":[{"taxonomy":"category","embeddable":true,"href":"https:\/\/rt-europaallee.de\/wordpress\/wp-json\/wp\/v2\/categories?post=10386"},{"taxonomy":"post_tag","embeddable":true,"href":"https:\/\/rt-europaallee.de\/wordpress\/wp-json\/wp\/v2\/tags?post=10386"}],"curies":[{"name":"wp","href":"https:\/\/api.w.org\/{rel}","templated":true}]}}