{"id":10409,"date":"2021-06-02T00:02:22","date_gmt":"2021-06-01T22:02:22","guid":{"rendered":"http:\/\/rt-europaallee.org\/wordpress\/?p=10409"},"modified":"2021-06-02T00:12:02","modified_gmt":"2021-06-01T22:12:02","slug":"goesf-feriensportangebote-in-goettingen","status":"publish","type":"post","link":"https:\/\/rt-europaallee.de\/wordpress\/2021\/06\/goesf-feriensportangebote-in-goettingen\/","title":{"rendered":"GoeSF: Feriensportangebote in G\u00f6ttingen"},"content":{"rendered":"<p>(Quelle: <a href=\"https:\/\/www.goesf.de\/feriensport\">https:\/\/www.goesf.de\/feriensport<\/a>)<\/p>\n<p>&nbsp;<\/p>\n<blockquote>\n<div class=\"row\">\n<div class=\"col-12\">\n<div class=\"section section-default\">\n<div class=\"h1-panel\">\n<h1>Feriensport<\/h1>\n<\/div>\n<\/div>\n<\/div>\n<\/div>\n<div class=\"row\">\n<div class=\"col-12 col-lg-8\">\n<div class=\"section section-default\">\n<div id=\"c473\" class=\"frame frame-default frame-type-textpic frame-layout-0\">\n<header>\n<div class=\"h2-panel\">\n<h2 class=\"\">Feriensportangebote<\/h2>\n<\/div>\n<\/header>\n<div class=\"ce-textpic ce-right ce-intext\">\n<div class=\"ce-bodytext\">\n<p>Die G\u00f6ttinger Sport und Freizeit hat zusammen mit Vereinen und Organisationen aus G\u00f6ttingen auch f\u00fcr die Ferien 2021 ein umfangreiches Feriensportprogramm zusammengestellt. Wir bieten euch in den Sommerferien eine Vielzahl an Indoor- und Outdoorsportarten. Ob Angeln, Inline Skating, Kanu, Segeln oder Tennis \u2013 wer gerne drau\u00dfen ist, kommt hier oder bei vielen weiteren M\u00f6glichkeiten auf seine Kosten. Aber auch in der Halle ist Bewegung angesagt. Unsere Sportkurse von Parcours bis Turnen bieten abwechslungsreiche Sportaktivit\u00e4ten \u00fcber die gesamten Ferien. Wer seinen Sommer lieber in den G\u00f6ttinger Freib\u00e4dern verbringen m\u00f6chte, ist mit dem Freibadpass perfekt ausgestattet.<\/p>\n<p><strong>Die Anmeldung ist ab sofort m\u00f6glich.<\/strong><\/p>\n<p>&nbsp;<\/p>\n<p>Die Sportkurse und Ferienfreizeiten k\u00f6nnen bequem per Lastschriftverfahren \u00fcber unsere neue Homepage <a class=\"external-link-new-window\" title=\"\u00d6ffnet externen Link in neuem Fenster\" href=\"https:\/\/feriensport.goesf.de\/sports\/sportcategory\/3\" target=\"_blank\" rel=\"noopener noreferrer\">feriensport.goesf.de<\/a> gebucht werden. Beachten Sie dabei unseren Buchungshinweis.<\/p>\n<\/div>\n<\/div>\n<\/div>\n<div id=\"c1286\" class=\"frame frame-default frame-type-textpic frame-layout-0 frame-space-before-extra-small\">\n<header>\n<div class=\"h2-panel\">\n<h2 class=\"\">Wichtige Information zur aktuellen Situation<\/h2>\n<\/div>\n<\/header>\n<div class=\"ce-textpic ce-center ce-above\">\n<div class=\"ce-bodytext\">\n<p>Das Feriensportprogramm der GoeSF in Kooperation mit den G\u00f6ttinger Sportvereinen kann voraussichtlich stattfinden. Dabei werden die aktuellen Hygiene- und Abstandsregeln selbstverst\u00e4ndlich beachtet. Einen entsprechenden Hinweis dazu findet sich bei jedem Kurs im <a href=\"https:\/\/sport.goesf.de\/sports\/sportcategory\/3\" target=\"_blank\" rel=\"noopener noreferrer\">Buchungsportal<\/a>.<\/p>\n<p>Leider kann es aufgrund der schwierigen Planbarkeit immer dazu kommen, dass Kurse nachtr\u00e4glich abgesagt oder die Anzahl der Pl\u00e4tze verringert werden m\u00fcssen. Das liegt leider nicht in unserem Einflussbereich.<\/p>\n<p>\u00dcber alle \u00c4nderungen des Programms werden alle Teilnehmer nat\u00fcrlich so fr\u00fch wie m\u00f6glich informiert.<\/p>\n<p>Die Kursgeb\u00fchr wird in jedem Fall erst eingezogen, wenn der Kurs tats\u00e4chlich beginnt, sodass Ihr Euch ganz entspannt auf Euer Sportprogramm freuen k\u00f6nnt.<\/p>\n<\/div>\n<\/div>\n<\/div>\n<div id=\"c857\" class=\"frame frame-default frame-type-html frame-layout-0\">\n<p>&nbsp;<\/p>\n<p><a class=\"button-register-extern\" href=\"https:\/\/feriensport.goesf.de\/\" target=\"_blank\" rel=\"noopener noreferrer\">Zur Anmeldung<\/a><\/p>\n<p>&nbsp;<\/p>\n<\/div>\n<\/div>\n<\/div>\n<\/div>\n<\/blockquote>\n","protected":false},"excerpt":{"rendered":"<p>(Quelle: https:\/\/www.goesf.de\/feriensport) &nbsp; Feriensport Feriensportangebote Die G\u00f6ttinger Sport und Freizeit hat zusammen mit Vereinen und Organisationen aus G\u00f6ttingen auch f\u00fcr die Ferien 2021 ein umfangreiches Feriensportprogramm zusammengestellt. Wir bieten euch in den Sommerferien eine Vielzahl an Indoor- und Outdoorsportarten. Ob Angeln, Inline Skating, Kanu, Segeln oder Tennis \u2013 wer gerne drau\u00dfen ist, kommt hier oder &#8230; <a title=\"GoeSF: Feriensportangebote in G\u00f6ttingen\" class=\"read-more\" href=\"https:\/\/rt-europaallee.de\/wordpress\/2021\/06\/goesf-feriensportangebote-in-goettingen\/\" aria-label=\"Mehr Informationen \u00fcber GoeSF: Feriensportangebote in G\u00f6ttingen\">Weiterlesen<\/a><\/p>\n","protected":false},"author":3,"featured_media":0,"comment_status":"closed","ping_status":"open","sticky":false,"template":"","format":"standard","meta":{"footnotes":""},"categories":[1],"tags":[],"class_list":["post-10409","post","type-post","status-publish","format-standard","hentry","category-allgemein"],"_links":{"self":[{"href":"https:\/\/rt-europaallee.de\/wordpress\/wp-json\/wp\/v2\/posts\/10409","targetHints":{"allow":["GET"]}}],"collection":[{"href":"https:\/\/rt-europaallee.de\/wordpress\/wp-json\/wp\/v2\/posts"}],"about":[{"href":"https:\/\/rt-europaallee.de\/wordpress\/wp-json\/wp\/v2\/types\/post"}],"author":[{"embeddable":true,"href":"https:\/\/rt-europaallee.de\/wordpress\/wp-json\/wp\/v2\/users\/3"}],"replies":[{"embeddable":true,"href":"https:\/\/rt-europaallee.de\/wordpress\/wp-json\/wp\/v2\/comments?post=10409"}],"version-history":[{"count":2,"href":"https:\/\/rt-europaallee.de\/wordpress\/wp-json\/wp\/v2\/posts\/10409\/revisions"}],"predecessor-version":[{"id":10411,"href":"https:\/\/rt-europaallee.de\/wordpress\/wp-json\/wp\/v2\/posts\/10409\/revisions\/10411"}],"wp:attachment":[{"href":"https:\/\/rt-europaallee.de\/wordpress\/wp-json\/wp\/v2\/media?parent=10409"}],"wp:term":[{"taxonomy":"category","embeddable":true,"href":"https:\/\/rt-europaallee.de\/wordpress\/wp-json\/wp\/v2\/categories?post=10409"},{"taxonomy":"post_tag","embeddable":true,"href":"https:\/\/rt-europaallee.de\/wordpress\/wp-json\/wp\/v2\/tags?post=10409"}],"curies":[{"name":"wp","href":"https:\/\/api.w.org\/{rel}","templated":true}]}}