{"id":10412,"date":"2021-06-02T00:39:21","date_gmt":"2021-06-01T22:39:21","guid":{"rendered":"http:\/\/rt-europaallee.org\/wordpress\/?p=10412"},"modified":"2021-06-02T00:39:50","modified_gmt":"2021-06-01T22:39:50","slug":"die-baeder-freibaeder-oeffnen-wieder","status":"publish","type":"post","link":"https:\/\/rt-europaallee.de\/wordpress\/2021\/06\/die-baeder-freibaeder-oeffnen-wieder\/","title":{"rendered":"Die B\u00e4der\/ Freib\u00e4der \u00f6ffnen wieder"},"content":{"rendered":"<p><strong>Das Freibad Rosdorf<\/strong> (Quelle: <a href=\"https:\/\/www.facebook.com\/Freibad-Rosdorf-252336105311758\/\">https:\/\/www.facebook.com\/Freibad-Rosdorf-252336105311758\/<\/a>):<\/p>\n<blockquote>\n<div>\n<div class=\"pybr56ya dati1w0a hv4rvrfc n851cfcs btwxx1t3 j83agx80 ll8tlv6m\">\n<div class=\"oi9244e8 do00u71z j83agx80\">\n<div class=\"q676j6op qypqp5cg\">\n<div>\n<div class=\"pybr56ya dati1w0a hv4rvrfc n851cfcs btwxx1t3 j83agx80 ll8tlv6m\">\n<div class=\"oi9244e8 do00u71z j83agx80\"><\/div>\n<div class=\"buofh1pr\">\n<div class=\"j83agx80 cbu4d94t ew0dbk1b irj2b8pg\">\n<div class=\"qzhwtbm6 knvmm38d\">\n<h2 id=\"jsc_c_2s\" class=\"gmql0nx0 l94mrbxd p1ri9a11 lzcic4wl aahdfvyu hzawbc8m\" dir=\"auto\"><span class=\"nc684nl6\"><a class=\"oajrlxb2 g5ia77u1 qu0x051f esr5mh6w e9989ue4 r7d6kgcz rq0escxv nhd2j8a9 nc684nl6 p7hjln8o kvgmc6g5 cxmmr5t8 oygrvhab hcukyx3x jb3vyjys rz4wbd8a qt6c0cv9 a8nywdso i1ao9s8h esuyzwwr f1sip0of lzcic4wl oo9gr5id gpro0wi8 lrazzd5p\" tabindex=\"0\" href=\"https:\/\/www.facebook.com\/Freibad-Rosdorf-252336105311758\/?__cft__[0]=AZWT0-NWY049N5bNkHNDAqUni6OO8tzgofvy-Ywi5HQxK5lW-l2wjWuywltw6yIrPE0mdw8Oi8pF0QKN6ODrBXfEHsxbb-LO7ODQstuVHeNGvt6VO-joAlCY93m7hEUSUkYa0kSJMYucXNi8o0CZsVb0&amp;__tn__=-UC%2CP-R\"><strong>Freibad Rosdorf<\/strong><\/a><\/span><\/h2>\n<\/div>\n<div class=\"qzhwtbm6 knvmm38d\"><span class=\"d2edcug0 hpfvmrgz qv66sw1b c1et5uql lr9zc1uh a8c37x1j keod5gw0 nxhoafnm aigsh9s9 d9wwppkn fe6kdd0r mau55g9w c8b282yb mdeji52x e9vueds3 j5wam9gi knj5qynh m9osqain hzawbc8m\" dir=\"auto\"><span id=\"jsc_c_2t\"><span class=\"jpp8pzdo\">(<a href=\"https:\/\/www.facebook.com\/permalink.php?story_fbid=928130651065630&amp;id=252336105311758&amp;__cft__[0]=AZWT0-NWY049N5bNkHNDAqUni6OO8tzgofvy-Ywi5HQxK5lW-l2wjWuywltw6yIrPE0mdw8Oi8pF0QKN6ODrBXfEHsxbb-LO7ODQstuVHeNGvt6VO-joAlCY93m7hEUSUkYa0kSJMYucXNi8o0CZsVb0&amp;__tn__=%2CO%2CP-R\">https:\/\/www.facebook.com\/permalink.php?<\/a>)<\/span><\/span><\/span><\/div>\n<div class=\"qzhwtbm6 knvmm38d\"><\/div>\n<\/div>\n<\/div>\n<\/div>\n<\/div>\n<div>\n<div class=\"\" dir=\"auto\">\n<div id=\"jsc_c_2u\" class=\"ecm0bbzt hv4rvrfc e5nlhep0 dati1w0a\" data-ad-comet-preview=\"message\" data-ad-preview=\"message\">\n<div class=\"j83agx80 cbu4d94t ew0dbk1b irj2b8pg\">\n<div class=\"qzhwtbm6 knvmm38d\">\n<div class=\"kvgmc6g5 cxmmr5t8 oygrvhab hcukyx3x c1et5uql ii04i59q\">\n<div dir=\"auto\">UPDATE 31.05.2021<\/div>\n<div dir=\"auto\">Das Freibad \u00f6ffnet wie gehabt, jedoch entf\u00e4llt die Testpflicht, sowie eine Registrierung der Besucher, laut aktuellem Stufenplan.<\/div>\n<div dir=\"auto\">Unser Hygienekonzept bleibt dennoch bestehen<\/div>\n<div dir=\"auto\">Bis morgen.<\/div>\n<div dir=\"auto\">LG euer Freibad Team<\/div>\n<\/div>\n<\/div>\n<\/div>\n<\/div>\n<\/div>\n<\/div>\n<\/div>\n<\/div>\n<div class=\"buofh1pr\">\n<div class=\"j83agx80 cbu4d94t ew0dbk1b irj2b8pg\">\n<div class=\"qzhwtbm6 knvmm38d\">\n<h2 id=\"jsc_c_3c\" class=\"gmql0nx0 l94mrbxd p1ri9a11 lzcic4wl aahdfvyu hzawbc8m\" dir=\"auto\"><span class=\"nc684nl6\"><a class=\"oajrlxb2 g5ia77u1 qu0x051f esr5mh6w e9989ue4 r7d6kgcz rq0escxv nhd2j8a9 nc684nl6 p7hjln8o kvgmc6g5 cxmmr5t8 oygrvhab hcukyx3x jb3vyjys rz4wbd8a qt6c0cv9 a8nywdso i1ao9s8h esuyzwwr f1sip0of lzcic4wl oo9gr5id gpro0wi8 lrazzd5p\" tabindex=\"0\" href=\"https:\/\/www.facebook.com\/Freibad-Rosdorf-252336105311758\/?__cft__[0]=AZUmiDgbe4kwxSjpQ_9UYfBGewLkaUb3FqXqm5zMKXTTVo31ZxLz5l9UGNGBQIULY4utMhLCeZLmMbqGvSXXkyL9tMqNC7BvI7daqMiHsEwTeRsAEYTB5l2Rnv1xsvPXl--6ezA5u6CqQ3dejZpCJpyp&amp;__tn__=-UC%2CP-R\"><strong>Freibad Rosdorf<\/strong><\/a><\/span><\/h2>\n<\/div>\n<div class=\"qzhwtbm6 knvmm38d\">( <a href=\"https:\/\/www.facebook.com\/permalink.php?story_fbid=926317497913612&amp;id=252336105311758&amp;__cft__[0]=AZUmiDgbe4kwxSjpQ_9UYfBGewLkaUb3FqXqm5zMKXTTVo31ZxLz5l9UGNGBQIULY4utMhLCeZLmMbqGvSXXkyL9tMqNC7BvI7daqMiHsEwTeRsAEYTB5l2Rnv1xsvPXl--6ezA5u6CqQ3dejZpCJpyp&amp;__tn__=%2CO%2CP-R\">https:\/\/www.facebook.com\/permalink.php?<\/a>)<\/div>\n<\/div>\n<\/div>\n<div class=\"nqmvxvec j83agx80 jnigpg78 cxgpxx05 dflh9lhu sj5x9vvc scb9dxdr odw8uiq3\">\u00a028.05.2021<\/div>\n<div class=\"nqmvxvec j83agx80 jnigpg78 cxgpxx05 dflh9lhu sj5x9vvc scb9dxdr odw8uiq3\"><\/div>\n<\/div>\n<\/div>\n<div>\n<div class=\"\" dir=\"auto\">\n<div id=\"jsc_c_3e\" class=\"ecm0bbzt hv4rvrfc e5nlhep0 dati1w0a\" data-ad-comet-preview=\"message\" data-ad-preview=\"message\">\n<div class=\"j83agx80 cbu4d94t ew0dbk1b irj2b8pg\">\n<div class=\"qzhwtbm6 knvmm38d\">\n<div class=\"kvgmc6g5 cxmmr5t8 oygrvhab hcukyx3x c1et5uql ii04i59q\">\n<div dir=\"auto\">Das Rosdorfer Freibad wird am 01.06.2021 ge\u00f6ffnet und freut sich sehr auf seine Badeg\u00e4ste.<\/div>\n<\/div>\n<div class=\"o9v6fnle cxmmr5t8 oygrvhab hcukyx3x c1et5uql ii04i59q\">\n<div dir=\"auto\">Zeitgleich d\u00fcrfen maximal 320 Personen das Freibad besuchen.<\/div>\n<\/div>\n<div class=\"o9v6fnle cxmmr5t8 oygrvhab hcukyx3x c1et5uql ii04i59q\">\n<div dir=\"auto\">Update 31.12.2021<\/div>\n<div dir=\"auto\">Keine Testpflicht und keine Registrierung laut aktuellem Stufenplan.<\/div>\n<\/div>\n<div class=\"o9v6fnle cxmmr5t8 oygrvhab hcukyx3x c1et5uql ii04i59q\">\n<div dir=\"auto\">Das Schwimmerbecken wird wie in der letzten Saison in drei Bereiche aufgeteilt \u2013 zum normalen, zum schnellen und zum sportlichen Schwimmen.<\/div>\n<\/div>\n<div class=\"o9v6fnle cxmmr5t8 oygrvhab hcukyx3x c1et5uql ii04i59q\">\n<div dir=\"auto\">Wir freuen uns auf Euren Besuch!<\/div>\n<div dir=\"auto\">Euer Freibad Team<\/div>\n<\/div>\n<\/div>\n<\/div>\n<\/div>\n<\/div>\n<\/div>\n<\/blockquote>\n<div dir=\"auto\">\n<hr \/>\n<\/div>\n<div dir=\"auto\"><strong>Die G\u00f6ttinger B\u00e4der<\/strong> (Quelle: <a href=\"https:\/\/www.goesf.de\/\">https:\/\/www.goesf.de\/<\/a>\u00a0\u21d2\u00a0B\u00e4der):<\/div>\n<div dir=\"auto\"><\/div>\n<blockquote>\n<div dir=\"auto\">\n<div id=\"c275\" class=\"frame frame-default frame-type-text frame-layout-0\">\n<h3>Badeparadies Eiswiese<\/h3>\n<p>(<a href=\"https:\/\/www.badeparadies.de\/\">https:\/\/www.badeparadies.de\/<\/a>)<\/p>\n<p class=\"header\">Liebe G\u00e4ste,<\/p>\n<p>das Badeparadies Eiswiese (inkl. Sauna) ist noch bis einschlie\u00dflich 06.06.2021 geschlossen. Am Montag, 07.06.2021, sind wir wieder f\u00fcr Sie da. \u00dcber Eintrittsmodalit\u00e4ten informieren Sie sich ab dem 31.05. bitte auf unserer Website.<br \/>\nF\u00fcr Fragen stehen wir Ihnen montags bis freitags von 08:00 bis 16:00 Uhr unter der Tel. <a href=\"tel:+49551507090\">0551-507090<\/a> oder per Mail an <a href=\"mailto:info@goesf.de\">info@goesf.de<\/a> zur Verf\u00fcgung.<\/p>\n<p>&nbsp;<\/p>\n<h3>Saisonbeginn\u00a0im Freibad Brauweg<\/h3>\n<p>(<a href=\"https:\/\/www.goesf.de\/baeder\/freibad-am-brauweg\">https:\/\/www.goesf.de\/baeder\/freibad-am-brauweg<\/a>)<\/p>\n<p>Liebe Besucherinnen und Besucher,<\/p>\n<p>das\u00a0<strong>Freibad am Brauweg beginnt voraussichtlich am Montag, 07.06.2021,<\/strong><strong>\u00a0die\u00a0Freibadsaison 2021.<\/strong><\/p>\n<p>Wir freuen uns, dass wir voraussichtlich auch 2021 das Freibad Brauweg unter Corona-Auflagen\u00a0\u00f6ffnen k\u00f6nnen und eine hoffentlich entsprechend gute Saison vor uns haben werden.\u00a0Unsere Besucher*innen haben\u00a0im letzten Jahr bewiesen, dass Freibad mit bzw. in der\u00a0Pandemie funktionieren kann und\u00a0haben die Abstandsregelungen und Hygienevorschriften vorbildlich eingehalten, so dass wir auch in diesem Jahr guter Dinge sind. Schwimmen, Planschen, Rutschen und Springen wird im Freibad stattfinden und so ein St\u00fcckweit Normalit\u00e4t in der Pandemie schaffen.<br \/>\nWir freuen uns schon jetzt auf die Saison 2021 und hoffen, dass wir die ca. 70.000 Besucherinnen und Besucher, die 2020 im Freibad Brauweg waren, in diesem Jahr \u00fcberbieten. Also Daumen dr\u00fccken f\u00fcr gutes Freibadwetter. \ud83d\ude42<\/p>\n<p>Ihr Team vom Freibad Brauweg<\/p>\n<p>&nbsp;<\/p>\n<h3>\u00a0Saisonbeginn\u00a0im Naturerlebnisbad Grone<\/h3>\n<p>(<a href=\"https:\/\/www.goesf.de\/baeder\/naturerlebnisbad-grone\">https:\/\/www.goesf.de\/baeder\/naturerlebnisbad-grone<\/a>)<\/p>\n<div id=\"c277\" class=\"frame frame-default frame-type-text frame-layout-0\">\n<p>Liebe Besucherinnen und Besucher,<\/p>\n<p>das\u00a0<strong>Naturerlebnisbad Grone beginnt voraussichtlich am Montag, 07.06.2021,<\/strong><strong>\u00a0die\u00a0Freibadsaison 2021.<\/strong><\/p>\n<p>Wir freuen uns, dass wir voraussichtlich auch 2021 das NEB unter Corona-Auflagen\u00a0\u00f6ffnen k\u00f6nnen und eine hoffentlich entsprechend gute Saison vor uns haben werden.\u00a0Unsere Besucher*innen haben\u00a0im letzten Jahr bewiesen, dass Freibad mit bzw. in der\u00a0Pandemie funktionieren kann und\u00a0haben die Abstandsregelungen und Hygienevorschriften vorbildlich eingehalten, so dass wir auch in diesem Jahr guter Dinge sind. Schwimmen, Planschen, Rutschen und Springen wird im Freibad stattfinden und so ein St\u00fcckweit Normalit\u00e4t in der Pandemie schaffen.<br \/>\nWir freuen uns schon jetzt auf die Saison 2021 und hoffen, dass wir die ca. 30.000 Besucherinnen und Besucher, die 2020 im NEB\u00a0waren, in diesem Jahr \u00fcberbieten. Also Daumen dr\u00fccken f\u00fcr gutes Freibadwetter. \ud83d\ude42<\/p>\n<p>Ihr Team vom Naturerlebnisbad Grone<\/p>\n<p>&nbsp;<\/p>\n<div id=\"c276\" class=\"frame frame-default frame-type-text frame-layout-0\">\n<h3>Saisonbeginn\u00a0im Parkbad Weende<\/h3>\n<p>(<a href=\"https:\/\/www.goesf.de\/baeder\/parkbad-weende\">https:\/\/www.goesf.de\/baeder\/parkbad-weende<\/a>)<\/p>\n<p>Liebe Besucherinnen und Besucher,<\/p>\n<p>das\u00a0<strong>Parkbad Weende beginnt voraussichtlich am Montag, 07.06.2021,\u00a0die\u00a0Freibadsaison 2021.<\/strong><\/p>\n<p>Wir freuen uns, dass wir voraussichtlich auch 2021 das PBW unter Corona-Auflagen\u00a0\u00f6ffnen k\u00f6nnen und eine hoffentlich entsprechend gute Saison vor uns haben werden.\u00a0Unsere Besucher*innen haben\u00a0im letzten Jahr bewiesen, dass Freibad mit bzw. in der\u00a0Pandemie funktionieren kann und\u00a0haben die Abstandsregelungen und Hygienevorschriften vorbildlich eingehalten, so dass wir auch in diesem Jahr guter Dinge sind. Schwimmen, Planschen, Rutschen und Springen wird im Freibad stattfinden und so ein St\u00fcckweit Normalit\u00e4t in der Pandemie schaffen.<br \/>\nWir freuen uns schon jetzt auf die Saison 2021 und hoffen, dass wir die ca. 21.000 Besucherinnen und Besucher, die 2020 im PBW\u00a0waren, in diesem Jahr \u00fcberbieten. Also Daumen dr\u00fccken f\u00fcr gutes Freibadwetter. \ud83d\ude42<\/p>\n<p>Ihr Team vom Parkbad Weende<\/p>\n<\/div>\n<\/div>\n<\/div>\n<\/div>\n<\/blockquote>\n<div dir=\"auto\"><\/div>\n<div dir=\"auto\"><\/div>\n<div dir=\"auto\"><\/div>\n","protected":false},"excerpt":{"rendered":"<p>Das Freibad Rosdorf (Quelle: https:\/\/www.facebook.com\/Freibad-Rosdorf-252336105311758\/): Freibad Rosdorf (https:\/\/www.facebook.com\/permalink.php?) UPDATE 31.05.2021 Das Freibad \u00f6ffnet wie gehabt, jedoch entf\u00e4llt die Testpflicht, sowie eine Registrierung der Besucher, laut aktuellem Stufenplan. Unser Hygienekonzept bleibt dennoch bestehen Bis morgen. LG euer Freibad Team Freibad Rosdorf ( https:\/\/www.facebook.com\/permalink.php?) \u00a028.05.2021 Das Rosdorfer Freibad wird am 01.06.2021 ge\u00f6ffnet und freut sich sehr auf &#8230; <a title=\"Die B\u00e4der\/ Freib\u00e4der \u00f6ffnen wieder\" class=\"read-more\" href=\"https:\/\/rt-europaallee.de\/wordpress\/2021\/06\/die-baeder-freibaeder-oeffnen-wieder\/\" aria-label=\"Mehr Informationen \u00fcber Die B\u00e4der\/ Freib\u00e4der \u00f6ffnen wieder\">Weiterlesen<\/a><\/p>\n","protected":false},"author":3,"featured_media":0,"comment_status":"closed","ping_status":"open","sticky":false,"template":"","format":"standard","meta":{"footnotes":""},"categories":[1],"tags":[],"class_list":["post-10412","post","type-post","status-publish","format-standard","hentry","category-allgemein"],"_links":{"self":[{"href":"https:\/\/rt-europaallee.de\/wordpress\/wp-json\/wp\/v2\/posts\/10412","targetHints":{"allow":["GET"]}}],"collection":[{"href":"https:\/\/rt-europaallee.de\/wordpress\/wp-json\/wp\/v2\/posts"}],"about":[{"href":"https:\/\/rt-europaallee.de\/wordpress\/wp-json\/wp\/v2\/types\/post"}],"author":[{"embeddable":true,"href":"https:\/\/rt-europaallee.de\/wordpress\/wp-json\/wp\/v2\/users\/3"}],"replies":[{"embeddable":true,"href":"https:\/\/rt-europaallee.de\/wordpress\/wp-json\/wp\/v2\/comments?post=10412"}],"version-history":[{"count":2,"href":"https:\/\/rt-europaallee.de\/wordpress\/wp-json\/wp\/v2\/posts\/10412\/revisions"}],"predecessor-version":[{"id":10414,"href":"https:\/\/rt-europaallee.de\/wordpress\/wp-json\/wp\/v2\/posts\/10412\/revisions\/10414"}],"wp:attachment":[{"href":"https:\/\/rt-europaallee.de\/wordpress\/wp-json\/wp\/v2\/media?parent=10412"}],"wp:term":[{"taxonomy":"category","embeddable":true,"href":"https:\/\/rt-europaallee.de\/wordpress\/wp-json\/wp\/v2\/categories?post=10412"},{"taxonomy":"post_tag","embeddable":true,"href":"https:\/\/rt-europaallee.de\/wordpress\/wp-json\/wp\/v2\/tags?post=10412"}],"curies":[{"name":"wp","href":"https:\/\/api.w.org\/{rel}","templated":true}]}}