{"id":10415,"date":"2021-06-02T01:05:58","date_gmt":"2021-06-01T23:05:58","guid":{"rendered":"http:\/\/rt-europaallee.org\/wordpress\/?p=10415"},"modified":"2021-06-02T01:05:58","modified_gmt":"2021-06-01T23:05:58","slug":"neue-corona-verordnung-niedersachsen-weitreichende-lockerungen-ab-31-05-2021-bei-inzidenzwert-unter-35","status":"publish","type":"post","link":"https:\/\/rt-europaallee.de\/wordpress\/2021\/06\/neue-corona-verordnung-niedersachsen-weitreichende-lockerungen-ab-31-05-2021-bei-inzidenzwert-unter-35\/","title":{"rendered":"Neue Corona-Verordnung (Niedersachsen): Weitreichende Lockerungen ab 31.05.2021 bei Inzidenzwert unter 35"},"content":{"rendered":"<p>(Quelle: <a href=\"https:\/\/www.goettingen.de\/aktuelles\/weiterreichende-lockerungen-im-landkreis-goettingen-2021-05-30.html\">https:\/\/www.goettingen.de\/aktuelles\/weiterreichende-lockerungen-im-landkreis-goettingen-2021-05-30.html<\/a>)<\/p>\n<p>&nbsp;<\/p>\n<blockquote>\n<div class=\"text artikeldatum bottom left\">30.05.2021<\/div>\n<div class=\"magazinetitle\">Corona-Pandemie<\/div>\n<div class=\"content-header \">\n<div class=\"content-title\">\n<h1 class=\"content-title\">Weiterreichende Lockerungen im Landkreis G\u00f6ttingen<\/h1>\n<\/div>\n<div class=\"dots\"><\/div>\n<\/div>\n<div class=\"content-text twocolumn \">\n<div class=\"magazinetext\">\n<div class=\"magazineshorttext\">Die Nieders\u00e4chsische Landesregierung hat am Sonntagabend, 30. Mai 2021, die neue Corona-Verordnung beschlossen. Diese sieht weitreichende Lockerungen f\u00fcr Landkreise und kreisfreie St\u00e4dte vor, solange der jeweilige Inzidenzwert f\u00fcnf Werktage hintereinander unter 35 liegt (Sonn- und Feiertage z\u00e4hlen nicht mit).<\/div>\n<\/div>\n<div class=\"magazinetext\">\n<p><a class=\"intern\" title=\"Im Landkreis G\u00f6ttingen lag der Inzidenzwert in den letzten ma\u00dfgeblichen f\u00fcnf Tagen unter 35.\" href=\"https:\/\/www.goettingen.de\/pics\/download\/1_1622285759\/AB_19_vom_29.05.2021.pdf\">Im Landkreis G\u00f6ttingen lag der Inzidenzwert in den letzten ma\u00dfgeblichen f\u00fcnf Tagen unter 35.<\/a><\/p>\n<div class=\"internerlinkouter\"><\/div>\n<p>Damit gilt das Infektionsgeschehen in der Region als erh\u00f6ht (Stufe 1), die Lockerungen aus <a class=\"extern\" title=\"der neuen Corona-Verordnung\" href=\"https:\/\/www.niedersachsen.de\/download\/169252\" target=\"_blank\" rel=\"noopener noreferrer\">der neuen Corona-Verordnung\u00a0<\/a><\/div>\n<\/div>\n<p>treten im Landkreis G\u00f6ttingen ab dem morgigen Montag, 31. Mai 2021, in Kraft.<\/p>\n<p>&nbsp;<\/p>\n<p>Zu den Lockerungen z\u00e4hlt beispielsweise die <a class=\"intern\" title=\"R\u00fcckkehr der Sch\u00fcler*innen in den Pr\u00e4senzunterricht ab dem morgigen Montag, 31. Mai 2021\" href=\"https:\/\/www.goettingen.de\/aktuelles\/unterricht-ab-montag-wieder-in-voller-klassenstaerke-2021-05-27.html\">R\u00fcckkehr der Sch\u00fcler*innen in den Pr\u00e4senzunterricht ab dem morgigen Montag, 31. Mai 2021<\/a><\/p>\n<div class=\"internerlinkouter\"><\/div>\n<p>. Weitere Lockerungen betreffen die Gastronomie, kulturelle Einrichtungen oder beispielsweise Freizeitaktivit\u00e4ten. Die neuen Lockerungen gelten, solange der Inzidenzwert die Marke von 35 an drei aufeinander folgenden Werktagen nicht wieder \u00fcberschreitet. Sollte dies der Fall sein, rutscht der Landkreis G\u00f6ttingen in die Stufe 2 \u201eHohes Infektionsgeschehen\u201c, die Schutz- und Sicherheitsvorkehrungen werden dann wieder erh\u00f6ht.<\/p>\n<p>&nbsp;<\/p>\n<p>&nbsp;<\/p>\n<h3>Info-Hotlines &amp; Liveblog<\/h3>\n<p>Stadt und Landkreis G\u00f6ttingen haben\u00a0<a class=\"intern\" title=\"Hotlines f\u00fcr B\u00fcrgerinnen und B\u00fcrger, Gewerbetreibende und Unternehmen geschaltet\" href=\"http:\/\/www.goettingen.de\/aktuelles\/buergertelefon-zum-coronavirus-eingerichtet-2020-03-04.html\">Hotlines f\u00fcr B\u00fcrgerinnen und B\u00fcrger, Gewerbetreibende und Unternehmen geschaltet<\/a><\/p>\n<div class=\"internerlinkouter\"><\/div>\n<p>. Zum Thema Coronavirus gibt es au\u00dferdem einen <a class=\"intern\" title=\"Liveblog\" href=\"https:\/\/www.goettingen.de\/aktuelles\/coronavirus-das-gesundheitsamt-informiert-2020-02-17.html\">Liveblog<\/a><\/p>\n<div class=\"internerlinkouter\"><\/div>\n<div class=\"magazinetext\">\n<p>.<\/p>\n<p>&nbsp;<\/p>\n<div id=\"cw-accordion-1\" class=\"cw-accordion ui-accordion ui-widget ui-helper-reset\">\n<h3 id=\"ui-id-1\" class=\"accordion-title ui-accordion-header ui-state-default ui-corner-all ui-accordion-icons\" tabindex=\"0\">Die Stadtverwaltung auf Messenger-Services<\/h3>\n<\/div>\n<p>&nbsp;<\/p>\n<p><em>Anregungen oder Meinungen zu dieser Mitteilung k\u00f6nnen Sie direkt an <a class=\"mail\" title=\"IhreMeinung@goettingen.de\" href=\"mailto:IhreMeinung@goettingen.de\">IhreMeinung@goettingen.de<\/a> senden. Wir leiten Ihre Nachricht an den zust\u00e4ndigen Fachdienst weiter. <\/em><\/p>\n<\/div>\n<div><\/div>\n<div><\/div>\n<div class=\"text artikelautor bottom right\">Referat f\u00fcr \u00d6ffentlichkeitsarbeit<\/div>\n<\/blockquote>\n","protected":false},"excerpt":{"rendered":"<p>(Quelle: https:\/\/www.goettingen.de\/aktuelles\/weiterreichende-lockerungen-im-landkreis-goettingen-2021-05-30.html) &nbsp; 30.05.2021 Corona-Pandemie Weiterreichende Lockerungen im Landkreis G\u00f6ttingen Die Nieders\u00e4chsische Landesregierung hat am Sonntagabend, 30. Mai 2021, die neue Corona-Verordnung beschlossen. Diese sieht weitreichende Lockerungen f\u00fcr Landkreise und kreisfreie St\u00e4dte vor, solange der jeweilige Inzidenzwert f\u00fcnf Werktage hintereinander unter 35 liegt (Sonn- und Feiertage z\u00e4hlen nicht mit). Im Landkreis G\u00f6ttingen lag der Inzidenzwert &#8230; <a title=\"Neue Corona-Verordnung (Niedersachsen): Weitreichende Lockerungen ab 31.05.2021 bei Inzidenzwert unter 35\" class=\"read-more\" href=\"https:\/\/rt-europaallee.de\/wordpress\/2021\/06\/neue-corona-verordnung-niedersachsen-weitreichende-lockerungen-ab-31-05-2021-bei-inzidenzwert-unter-35\/\" aria-label=\"Mehr Informationen \u00fcber Neue Corona-Verordnung (Niedersachsen): Weitreichende Lockerungen ab 31.05.2021 bei Inzidenzwert unter 35\">Weiterlesen<\/a><\/p>\n","protected":false},"author":3,"featured_media":0,"comment_status":"closed","ping_status":"open","sticky":false,"template":"","format":"standard","meta":{"footnotes":""},"categories":[1],"tags":[],"class_list":["post-10415","post","type-post","status-publish","format-standard","hentry","category-allgemein"],"_links":{"self":[{"href":"https:\/\/rt-europaallee.de\/wordpress\/wp-json\/wp\/v2\/posts\/10415","targetHints":{"allow":["GET"]}}],"collection":[{"href":"https:\/\/rt-europaallee.de\/wordpress\/wp-json\/wp\/v2\/posts"}],"about":[{"href":"https:\/\/rt-europaallee.de\/wordpress\/wp-json\/wp\/v2\/types\/post"}],"author":[{"embeddable":true,"href":"https:\/\/rt-europaallee.de\/wordpress\/wp-json\/wp\/v2\/users\/3"}],"replies":[{"embeddable":true,"href":"https:\/\/rt-europaallee.de\/wordpress\/wp-json\/wp\/v2\/comments?post=10415"}],"version-history":[{"count":1,"href":"https:\/\/rt-europaallee.de\/wordpress\/wp-json\/wp\/v2\/posts\/10415\/revisions"}],"predecessor-version":[{"id":10416,"href":"https:\/\/rt-europaallee.de\/wordpress\/wp-json\/wp\/v2\/posts\/10415\/revisions\/10416"}],"wp:attachment":[{"href":"https:\/\/rt-europaallee.de\/wordpress\/wp-json\/wp\/v2\/media?parent=10415"}],"wp:term":[{"taxonomy":"category","embeddable":true,"href":"https:\/\/rt-europaallee.de\/wordpress\/wp-json\/wp\/v2\/categories?post=10415"},{"taxonomy":"post_tag","embeddable":true,"href":"https:\/\/rt-europaallee.de\/wordpress\/wp-json\/wp\/v2\/tags?post=10415"}],"curies":[{"name":"wp","href":"https:\/\/api.w.org\/{rel}","templated":true}]}}