{"id":10418,"date":"2021-06-03T00:43:56","date_gmt":"2021-06-02T22:43:56","guid":{"rendered":"http:\/\/rt-europaallee.org\/wordpress\/?p=10418"},"modified":"2021-06-03T00:43:56","modified_gmt":"2021-06-02T22:43:56","slug":"goesf-oeffnung-der-freibaeder-goettingen-ab-donnerstag-03-06-2021","status":"publish","type":"post","link":"https:\/\/rt-europaallee.de\/wordpress\/2021\/06\/goesf-oeffnung-der-freibaeder-goettingen-ab-donnerstag-03-06-2021\/","title":{"rendered":"GoeSF: \u00d6ffnung der Freib\u00e4der G\u00f6ttingen ab Donnerstag, 03.06.2021"},"content":{"rendered":"<p>(Quelle: https:\/\/www.goesf.de\/aktuelles\/aktuelles\/oeffnung-der-freibaeder-am-31-mai-2021)<\/p>\n<blockquote>\n<header>\n<div class=\"h2-panel\">\n<h2 class=\"\"><a href=\"https:\/\/www.goesf.de\/aktuelles\/aktuelles\/oeffnung-der-freibaeder-am-31-mai-2021\">\u00d6ffnung der Freib\u00e4der ab Donnerstag, 03.06.2021<\/a><\/h2>\n<\/div>\n<h3 class=\"\">NEB Grone ab 03.06., FB Brauweg ab 05.06., PB Weende ab 07.06.<\/h3>\n<p class=\"\"><time datetime=\"2021-06-02\"> Juni 2, 2021 <\/time><\/p>\n<\/header>\n<div class=\"ce-textpic ce-left ce-intext\">\n<div class=\"ce-gallery\" data-ce-columns=\"2\" data-ce-images=\"4\">\n<div class=\"ce-row\">\n<div class=\"ce-column\">\n<figure class=\"image\"><a href=\"https:\/\/www.goesf.de\/index.php?eID=tx_cms_showpic&amp;file=6451&amp;md5=6891e937362aa7d41fbe0cb91bc4235860e364a3&amp;parameters%5B0%5D=eyJ3aWR0aCI6IjgwMG0iLCJoZWlnaHQiOiI2MDBtIiwiYm9keVRhZyI6Ijxib2R5&amp;parameters%5B1%5D=IHN0eWxlPVwibWFyZ2luOjA7IGJhY2tncm91bmQ6I2ZmZjtcIj4iLCJ3cmFwIjoi&amp;parameters%5B2%5D=PGEgaHJlZj1cImphdmFzY3JpcHQ6Y2xvc2UoKTtcIj4gfCA8XC9hPiIsImNyb3Ai&amp;parameters%5B3%5D=OiJ7XCJkZWZhdWx0XCI6e1wiY3JvcEFyZWFcIjp7XCJ4XCI6MCxcInlcIjowLFwi&amp;parameters%5B4%5D=d2lkdGhcIjoxLFwiaGVpZ2h0XCI6MX0sXCJzZWxlY3RlZFJhdGlvXCI6XCJOYU5c&amp;parameters%5B5%5D=IixcImZvY3VzQXJlYVwiOm51bGx9fSJ9\" target=\"thePicture\"><img loading=\"lazy\" decoding=\"async\" class=\"image-embed-item alignleft\" src=\"https:\/\/www.goesf.de\/fileadmin\/_processed_\/4\/3\/csm_20180818_BILD_Ender_Luftbild_NEB__4__web_801663814a.jpg\" alt=\"\" width=\"144\" height=\"81\" \/><\/a><a href=\"https:\/\/www.goesf.de\/index.php?eID=tx_cms_showpic&amp;file=6452&amp;md5=1654ef143e4e7cb6e7d6dd80cf8f25a0c0d640ba&amp;parameters%5B0%5D=eyJ3aWR0aCI6IjgwMG0iLCJoZWlnaHQiOiI2MDBtIiwiYm9keVRhZyI6Ijxib2R5&amp;parameters%5B1%5D=IHN0eWxlPVwibWFyZ2luOjA7IGJhY2tncm91bmQ6I2ZmZjtcIj4iLCJ3cmFwIjoi&amp;parameters%5B2%5D=PGEgaHJlZj1cImphdmFzY3JpcHQ6Y2xvc2UoKTtcIj4gfCA8XC9hPiIsImNyb3Ai&amp;parameters%5B3%5D=OiJ7XCJkZWZhdWx0XCI6e1wiY3JvcEFyZWFcIjp7XCJ4XCI6MCxcInlcIjowLFwi&amp;parameters%5B4%5D=d2lkdGhcIjoxLFwiaGVpZ2h0XCI6MX0sXCJzZWxlY3RlZFJhdGlvXCI6XCJOYU5c&amp;parameters%5B5%5D=IixcImZvY3VzQXJlYVwiOm51bGx9fSJ9\" target=\"thePicture\"><img loading=\"lazy\" decoding=\"async\" class=\"image-embed-item alignright\" src=\"https:\/\/www.goesf.de\/fileadmin\/_processed_\/4\/e\/csm_20180827_BILD_Ender_NEB_Model__2__HP_2_49c255d29b.jpg\" alt=\"\" width=\"108\" height=\"81\" \/><\/a><a href=\"https:\/\/www.goesf.de\/index.php?eID=tx_cms_showpic&amp;file=6453&amp;md5=a9434410f59658286b1be27f732653a270b17f69&amp;parameters%5B0%5D=eyJ3aWR0aCI6IjgwMG0iLCJoZWlnaHQiOiI2MDBtIiwiYm9keVRhZyI6Ijxib2R5&amp;parameters%5B1%5D=IHN0eWxlPVwibWFyZ2luOjA7IGJhY2tncm91bmQ6I2ZmZjtcIj4iLCJ3cmFwIjoi&amp;parameters%5B2%5D=PGEgaHJlZj1cImphdmFzY3JpcHQ6Y2xvc2UoKTtcIj4gfCA8XC9hPiIsImNyb3Ai&amp;parameters%5B3%5D=OiJ7XCJkZWZhdWx0XCI6e1wiY3JvcEFyZWFcIjp7XCJ4XCI6MCxcInlcIjowLFwi&amp;parameters%5B4%5D=d2lkdGhcIjoxLFwiaGVpZ2h0XCI6MX0sXCJzZWxlY3RlZFJhdGlvXCI6XCJOYU5c&amp;parameters%5B5%5D=IixcImZvY3VzQXJlYVwiOm51bGx9fSJ9\" target=\"thePicture\"><img loading=\"lazy\" decoding=\"async\" class=\"image-embed-item\" src=\"https:\/\/www.goesf.de\/fileadmin\/_processed_\/f\/1\/csm_20190614_BILD_Goe-Flug_BP_RMH_FBBW__18__web_70a2d3190d.jpg\" alt=\"\" width=\"121\" height=\"81\" \/><\/a><a href=\"https:\/\/www.goesf.de\/index.php?eID=tx_cms_showpic&amp;file=6155&amp;md5=61df0aca763d9bc6219b2ab5c18e277fcb0ba5db&amp;parameters%5B0%5D=eyJ3aWR0aCI6IjgwMG0iLCJoZWlnaHQiOiI2MDBtIiwiYm9keVRhZyI6Ijxib2R5&amp;parameters%5B1%5D=IHN0eWxlPVwibWFyZ2luOjA7IGJhY2tncm91bmQ6I2ZmZjtcIj4iLCJ3cmFwIjoi&amp;parameters%5B2%5D=PGEgaHJlZj1cImphdmFzY3JpcHQ6Y2xvc2UoKTtcIj4gfCA8XC9hPiIsImNyb3Ai&amp;parameters%5B3%5D=OiJ7XCJkZWZhdWx0XCI6e1wiY3JvcEFyZWFcIjp7XCJ4XCI6MCxcInlcIjowLFwi&amp;parameters%5B4%5D=d2lkdGhcIjoxLFwiaGVpZ2h0XCI6MX0sXCJzZWxlY3RlZFJhdGlvXCI6XCJOYU5c&amp;parameters%5B5%5D=IixcImZvY3VzQXJlYVwiOm51bGx9fSJ9\" target=\"thePicture\"><img loading=\"lazy\" decoding=\"async\" class=\"image-embed-item\" src=\"https:\/\/www.goesf.de\/fileadmin\/_processed_\/2\/a\/csm_20190629_BILD_Goe-Flug_PBW__12__HP_22d6621de4.jpg\" alt=\"\" width=\"167\" height=\"81\" \/><\/a><\/figure>\n<\/div>\n<div class=\"ce-column\"><\/div>\n<\/div>\n<\/div>\n<div class=\"ce-bodytext\">\n<p><strong>Bahnen ziehen unter freiem Himmel, Sonnenbaden auf unseren gro\u00dfz\u00fcgigen Liegewiesen, Freibadpommes und Beachvolleyball<\/strong>. All dies ist ab Donnerstag, 03.06., endlich wieder m\u00f6glich: Gem\u00e4\u00df des Stufenplans 2.0 der Nieders\u00e4chsischen Corona-Verordnung werden\u00a0wir am <strong>Donnerstag, 03.06., 9:00 Uhr das Naturerlebnisbad Grone, ab Samstag, 05.06., 08:00 Uhr, das Freibad Brauweg und am\u00a0Montag, 07.06.2021<\/strong>, <strong>das Parkbad Weende\u00a0mit Hygienekonzept \u00f6ffnen<\/strong>. Voraussetzung ist eine Inzidenz unter 35 an f\u00fcnf Werktagen in Folge. Ein Test-, Impf- oder Genesungsnachweis ist nicht notwendig, Vorabreservierungen und Terminbuchungnen sind nicht m\u00f6glich oder n\u00f6tig. Aktuell d\u00fcrfen wir <strong>800 G\u00e4ste <\/strong>zeitgleich ins<strong> Freibad Brauweg, 600<\/strong> ins<strong> NEB Grone <\/strong>und <strong>333 <\/strong>ins<strong> Parkbad Weende<\/strong> lassen. Wir freuen uns im Rahmen der aktuellen Gegebenheiten auf einen sonnigen und warmen Sommer und eine erfolgreiche Freibadsaison.<\/p>\n<p><strong>Abstands- und Hygieneregeln im Freibad<\/strong><br \/>\n&#8211; Einhalten eines Mindestabstands von 2 m &#8211; auch im Wasser<br \/>\n&#8211;\u00a0Ansammlungen von Personen sind zu vermeiden<br \/>\n&#8211; Festlegung einer Obergrenze der Personanzahl auf dem Gel\u00e4nde und in den Becken gem\u00e4\u00df Pandemieplan der Deutschen Gesellschaft f\u00fcr das Badewesen (DGfdB)<br \/>\n&#8211; Einlasskontrollen durch Personal und Markierungen<br \/>\n&#8211; Auslastung der Umkleidebereiche und Warmwasserduschen auf max. 50%<br \/>\n&#8211; WC-Anlagen sind ge\u00f6ffnet, Eintritt immer nur f\u00fcr 1 Person<br \/>\n&#8211; Regelm\u00e4\u00dfige und intensive Reinigungsleistung in allen relevanten Bereichen<br \/>\n&#8211; Regelm\u00e4\u00dfige Kontrollen der Liegefl\u00e4chen, der Becken, der Sanit\u00e4ranlagen und sonstiger Bereiche<br \/>\n&#8211; Nutzungszeit im Bad kann durch die GoeSF begrenzt werden, um mehr Personen die M\u00f6glichkeit des Schwimmens zu erm\u00f6glichen und um lange Warteschlangen vorm Eingang zu vermeiden<br \/>\n&#8211; Der Kiosk\u00a0ist unter Einhaltung der\u00a0aktuellen Bestimmungen f\u00fcr Gastronomiebetriebe ge\u00f6ffnet<br \/>\n&#8211; Kein Verkauf von Saisonkarten m\u00f6glich (u.a. weil kein volles Angebot zur Verf\u00fcgung steht und eine Schlie\u00dfung jederzeit m\u00f6glich ist)<br \/>\n&#8211; Vorzeitige Schlie\u00dfung einzelner Freib\u00e4der durch die GoeSF m\u00f6glich, sofern die Nutzung unter einen bestimmten Prozentsatz sinkt oder falls die Inzidenzen wieder zu stark ansteigen.<\/p>\n<p>Weitere Informationen:\u00a0<a href=\"https:\/\/www.goesf.de\/fileadmin\/user_upload\/Corona_InfoPlakat_DINA3_DGfdB.pdf\" target=\"_blank\" rel=\"noopener noreferrer\">DGfdB-Corona-Infos Freibad<\/a>,\u00a0<a href=\"https:\/\/www.goesf.de\/fileadmin\/user_upload\/200326_BZgA_Hygiene_schuetzt.pdf\" target=\"_blank\" rel=\"noopener noreferrer\">Merkblatt &#8222;Virusinfektionen &#8211; Hygiene sch\u00fctzt!&#8220;<\/a><\/p>\n<p><strong>\u00d6ffnungszeiten der Freib\u00e4der im \u00dcberblick:<br \/>\nFreibad Brauweg<\/strong><br \/>\nFr\u00fchschwimmen Montag-Freitag 06:30 &#8211; 10:00 Uhr<br \/>\nMontag-Freitag 10:00 &#8211;\u00a020:00 Uhr<br \/>\nSamstag, Sonntag und an Feiertagen 08:00 &#8211; 19:00 Uhr<br \/>\n<strong>Ansprechpartner: Rolf Nietzold:\u00a00551 50709 190<\/strong><\/p>\n<p><strong>Naturerlebnisbad Grone<\/strong><br \/>\nMontag-Freitag 09:00\u00a0&#8211; 20:00 Uhr, Samstag, Sonntag und an Feiertagen 09:00 &#8211; 19:00 Uhr<br \/>\n<strong>Ansprechpartner: Rigobert K\u00f6hler:\u00a00551 61742<\/strong><\/p>\n<p><strong>Parkbad Weende<\/strong><br \/>\nMontag-Freitag 12:00 &#8211; 20:00 Uhr, Samstag, Sonntag und an Feiertagen 10:00 &#8211; 19:00 Uhr<br \/>\n<em>In den Sommerferien:<\/em><br \/>\nMontag-Freitag 10:00 &#8211; 20:00 Uhr, Samstag, Sonntag und an Feiertagen 10:00 &#8211; 19:00 Uhr<br \/>\n<strong>Ansprechpartnerin: Heike Reinemann: 0551 31436<\/strong><\/p>\n<p><strong>Preise<\/strong><br \/>\nErwachsene: 3,50 Euro<br \/>\nErm\u00e4\u00dfigte: 2,20 Euro<\/p>\n<p><strong>Kassenschluss<\/strong><br \/>\nEine halbe Stunde vor Beendigung des Badebetriebes<\/p>\n<\/div>\n<\/div>\n<\/blockquote>\n","protected":false},"excerpt":{"rendered":"<p>(Quelle: https:\/\/www.goesf.de\/aktuelles\/aktuelles\/oeffnung-der-freibaeder-am-31-mai-2021) \u00d6ffnung der Freib\u00e4der ab Donnerstag, 03.06.2021 NEB Grone ab 03.06., FB Brauweg ab 05.06., PB Weende ab 07.06. Juni 2, 2021 Bahnen ziehen unter freiem Himmel, Sonnenbaden auf unseren gro\u00dfz\u00fcgigen Liegewiesen, Freibadpommes und Beachvolleyball. All dies ist ab Donnerstag, 03.06., endlich wieder m\u00f6glich: Gem\u00e4\u00df des Stufenplans 2.0 der Nieders\u00e4chsischen Corona-Verordnung werden\u00a0wir am Donnerstag, &#8230; <a title=\"GoeSF: \u00d6ffnung der Freib\u00e4der G\u00f6ttingen ab Donnerstag, 03.06.2021\" class=\"read-more\" href=\"https:\/\/rt-europaallee.de\/wordpress\/2021\/06\/goesf-oeffnung-der-freibaeder-goettingen-ab-donnerstag-03-06-2021\/\" aria-label=\"Mehr Informationen \u00fcber GoeSF: \u00d6ffnung der Freib\u00e4der G\u00f6ttingen ab Donnerstag, 03.06.2021\">Weiterlesen<\/a><\/p>\n","protected":false},"author":3,"featured_media":0,"comment_status":"closed","ping_status":"open","sticky":false,"template":"","format":"standard","meta":{"footnotes":""},"categories":[1],"tags":[],"class_list":["post-10418","post","type-post","status-publish","format-standard","hentry","category-allgemein"],"_links":{"self":[{"href":"https:\/\/rt-europaallee.de\/wordpress\/wp-json\/wp\/v2\/posts\/10418","targetHints":{"allow":["GET"]}}],"collection":[{"href":"https:\/\/rt-europaallee.de\/wordpress\/wp-json\/wp\/v2\/posts"}],"about":[{"href":"https:\/\/rt-europaallee.de\/wordpress\/wp-json\/wp\/v2\/types\/post"}],"author":[{"embeddable":true,"href":"https:\/\/rt-europaallee.de\/wordpress\/wp-json\/wp\/v2\/users\/3"}],"replies":[{"embeddable":true,"href":"https:\/\/rt-europaallee.de\/wordpress\/wp-json\/wp\/v2\/comments?post=10418"}],"version-history":[{"count":1,"href":"https:\/\/rt-europaallee.de\/wordpress\/wp-json\/wp\/v2\/posts\/10418\/revisions"}],"predecessor-version":[{"id":10419,"href":"https:\/\/rt-europaallee.de\/wordpress\/wp-json\/wp\/v2\/posts\/10418\/revisions\/10419"}],"wp:attachment":[{"href":"https:\/\/rt-europaallee.de\/wordpress\/wp-json\/wp\/v2\/media?parent=10418"}],"wp:term":[{"taxonomy":"category","embeddable":true,"href":"https:\/\/rt-europaallee.de\/wordpress\/wp-json\/wp\/v2\/categories?post=10418"},{"taxonomy":"post_tag","embeddable":true,"href":"https:\/\/rt-europaallee.de\/wordpress\/wp-json\/wp\/v2\/tags?post=10418"}],"curies":[{"name":"wp","href":"https:\/\/api.w.org\/{rel}","templated":true}]}}