{"id":10420,"date":"2021-06-03T00:57:58","date_gmt":"2021-06-02T22:57:58","guid":{"rendered":"http:\/\/rt-europaallee.org\/wordpress\/?p=10420"},"modified":"2021-06-03T00:57:58","modified_gmt":"2021-06-02T22:57:58","slug":"stadt-goettingen-wegen-vorfaelle-am-wilhelmsplatz-ausweitung-der-maskenpflicht","status":"publish","type":"post","link":"https:\/\/rt-europaallee.de\/wordpress\/2021\/06\/stadt-goettingen-wegen-vorfaelle-am-wilhelmsplatz-ausweitung-der-maskenpflicht\/","title":{"rendered":"Stadt G\u00f6ttingen: Wegen Vorf\u00e4lle am Wilhelmsplatz Ausweitung der Maskenpflicht"},"content":{"rendered":"<p>(Quelle: <a href=\"https:\/\/www.goettingen.de\/aktuelles\/stadt-zieht-konsequenzen-aus-ereignissen-am-wilhelmsplatz-2021-06-01.html?fbclid=IwAR0uFT-rLyIuVMxWeS0_GxR6CZJcK_FL2oghpd-ljUu78SOUM7G6dmWXmVY\">https:\/\/www.goettingen.de\/aktuelles\/stadt-zieht-konsequenzen-aus-ereignissen-am-wilhelmsplatz-2021-06-01.html?<\/a>)<\/p>\n<p>&nbsp;<\/p>\n<blockquote>\n<div class=\"text artikeldatum bottom left\">01.06.2021<\/div>\n<div class=\"content-header \">\n<div class=\"content-title\">\n<h1 class=\"content-title\">Wilhelmsplatz: Stadt zieht Konsequenzen<\/h1>\n<\/div>\n<div class=\"dots\"><\/div>\n<\/div>\n<div class=\"content-text twocolumn \">\n<div class=\"magazinetext\">\n<div class=\"magazineshorttext\">\n<p>Die Ereignisse am G\u00f6ttinger Wilhelmsplatz an den vergangenen Wochenenden haben Konsequenzen. Gemeinsam mit der Polizei G\u00f6ttingen haben der Fachbereich Ordnung der Stadt G\u00f6ttingen am Dienstag, 1. Juni 2021, ein erstes Ma\u00dfnahmenpaket geschn\u00fcrt, um das r\u00fccksichtslose, \u00fcbergriffige und insgesamt untragbare Verhalten einiger Mitb\u00fcrger*innen in der G\u00f6ttinger City einzud\u00e4mmen.<\/p>\n<\/div>\n<\/div>\n<div class=\"magazinetext\">\n<p>Als erste Konsequenz wird die Maskenpflicht an bestimmten Pl\u00e4tzen der Stadt ausgedehnt. Die gemeinsamen Kontrollen von Polizei und Stadtordnungsdienst (SOD) werden fortgesetzt.<\/p>\n<p>&nbsp;<\/p>\n<p>Die n\u00e4chtlichen Ereignisse finden \u00fcberwiegend am Wilhelmsplatz statt, weiten sich aber teilweise in die Neben- und Seitenstra\u00dfen sowie auf andere Orte wie den Albaniplatz aus. Die Auswertung von Polizei und SOD der vergangenen Eins\u00e4tze habe vor allem gezeigt, dass dabei erheblich gegen die derzeit geltenden Abstands- und Hygieneregeln der Corona-Verordnung versto\u00dfen wird. Auch d\u00fcrfen aktuell maximal zehn Personen aus drei Haushalten zusammenkommen. Aufgrund der Masse der Menschen l\u00e4sst sich beispielsweise eine etwaige Haushaltszugeh\u00f6rigkeit aber oft nicht eindeutig feststellen. Harald Melzer, Leiter des st\u00e4dtischen Fachbereichs Ordnung sagt: \u201eDie erweiterte Maskenpflicht ist ein vergleichsweise niedrigschwelliger Eingriff, der vor allem aber leicht kontrollierbar ist.\u201c Zudem mache die Maske den Aufenthalt und damit das gemeinsame Feiern und Trinken unattraktiv.<\/p>\n<p>&nbsp;<\/p>\n<p>Die Maskenpflicht wird f\u00fcr den Wilhelmsplatz und den Albaniplatz sowie angrenzende Nebenstra\u00dfen gelten, eine daf\u00fcr notwendige Allgemeinverf\u00fcgung wird derzeit erarbeitet und sp\u00e4testens ab Freitag, 4. Juni 2021, in Kraft treten. Eine Mund-Nasen-Bedeckung ist dort dann in den N\u00e4chten von Freitag auf Sonnabend, Sonnabend auf Sonntag und Sonntag auf Montag jeweils von 21 Uhr abends bis 4 Uhr morgens zu tragen. Weiterhin werten SOD und Polizei die bisherigen Verst\u00f6\u00dfe aus, um aus den Ergebnissen eine rechtliche Grundlage f\u00fcr weitere, sch\u00e4rfere Ma\u00dfnahmen wie n\u00e4chtliche Platzverbote zu schaffen. Von diesem Platzverbot w\u00e4ren ebenfalls der Wilhelmsplatz und der Albaniplatz betroffen.<\/p>\n<p>&nbsp;<\/p>\n<p>G\u00f6ttingens Oberb\u00fcrgermeister Rolf Georg K\u00f6hler zeigt sich angesichts der Entwicklung insbesondere der beiden letzten Wochenenden entsetzt: \u201eUnsere Innenstadt ist ein Ort zum Leben und auch zum ma\u00dfvollen Feiern. Wie sich einige Menschen zuletzt vor allem am Wilhelmplatz benommen haben, hat eindeutig Grenzen \u00fcberschritten. K\u00f6rperverletzung, Sachbesch\u00e4digung und massive Ruhest\u00f6rung \u2013 all das ist nicht zu tolerieren.\u201c<\/p>\n<p>&nbsp;<\/p>\n<p>&nbsp;<\/p>\n<div id=\"cw-accordion-1\" class=\"cw-accordion ui-accordion ui-widget ui-helper-reset\">\n<h3 id=\"ui-id-1\" class=\"accordion-title ui-accordion-header ui-state-default ui-corner-all ui-accordion-icons\" tabindex=\"0\">Die Stadtverwaltung auf Messenger-Services<\/h3>\n<\/div>\n<p>&nbsp;<\/p>\n<p><em>Anregungen oder Meinungen zu dieser Mitteilung k\u00f6nnen Sie direkt an <a class=\"mail\" title=\"IhreMeinung@goettingen.de\" href=\"mailto:IhreMeinung@goettingen.de\">IhreMeinung@goettingen.de<\/a> senden. Wir leiten Ihre Nachricht an den zust\u00e4ndigen Fachdienst weiter. <\/em><\/p>\n<p>&nbsp;<\/p>\n<\/div>\n<div><\/div>\n<div><\/div>\n<div class=\"text artikelautor bottom right\">Referat f\u00fcr \u00d6ffentlichkeitsarbeit<\/div>\n<\/div>\n<\/blockquote>\n","protected":false},"excerpt":{"rendered":"<p>(Quelle: https:\/\/www.goettingen.de\/aktuelles\/stadt-zieht-konsequenzen-aus-ereignissen-am-wilhelmsplatz-2021-06-01.html?) &nbsp; 01.06.2021 Wilhelmsplatz: Stadt zieht Konsequenzen Die Ereignisse am G\u00f6ttinger Wilhelmsplatz an den vergangenen Wochenenden haben Konsequenzen. Gemeinsam mit der Polizei G\u00f6ttingen haben der Fachbereich Ordnung der Stadt G\u00f6ttingen am Dienstag, 1. Juni 2021, ein erstes Ma\u00dfnahmenpaket geschn\u00fcrt, um das r\u00fccksichtslose, \u00fcbergriffige und insgesamt untragbare Verhalten einiger Mitb\u00fcrger*innen in der G\u00f6ttinger City einzud\u00e4mmen. &#8230; <a title=\"Stadt G\u00f6ttingen: Wegen Vorf\u00e4lle am Wilhelmsplatz Ausweitung der Maskenpflicht\" class=\"read-more\" href=\"https:\/\/rt-europaallee.de\/wordpress\/2021\/06\/stadt-goettingen-wegen-vorfaelle-am-wilhelmsplatz-ausweitung-der-maskenpflicht\/\" aria-label=\"Mehr Informationen \u00fcber Stadt G\u00f6ttingen: Wegen Vorf\u00e4lle am Wilhelmsplatz Ausweitung der Maskenpflicht\">Weiterlesen<\/a><\/p>\n","protected":false},"author":3,"featured_media":0,"comment_status":"closed","ping_status":"open","sticky":false,"template":"","format":"standard","meta":{"footnotes":""},"categories":[1],"tags":[],"class_list":["post-10420","post","type-post","status-publish","format-standard","hentry","category-allgemein"],"_links":{"self":[{"href":"https:\/\/rt-europaallee.de\/wordpress\/wp-json\/wp\/v2\/posts\/10420","targetHints":{"allow":["GET"]}}],"collection":[{"href":"https:\/\/rt-europaallee.de\/wordpress\/wp-json\/wp\/v2\/posts"}],"about":[{"href":"https:\/\/rt-europaallee.de\/wordpress\/wp-json\/wp\/v2\/types\/post"}],"author":[{"embeddable":true,"href":"https:\/\/rt-europaallee.de\/wordpress\/wp-json\/wp\/v2\/users\/3"}],"replies":[{"embeddable":true,"href":"https:\/\/rt-europaallee.de\/wordpress\/wp-json\/wp\/v2\/comments?post=10420"}],"version-history":[{"count":1,"href":"https:\/\/rt-europaallee.de\/wordpress\/wp-json\/wp\/v2\/posts\/10420\/revisions"}],"predecessor-version":[{"id":10421,"href":"https:\/\/rt-europaallee.de\/wordpress\/wp-json\/wp\/v2\/posts\/10420\/revisions\/10421"}],"wp:attachment":[{"href":"https:\/\/rt-europaallee.de\/wordpress\/wp-json\/wp\/v2\/media?parent=10420"}],"wp:term":[{"taxonomy":"category","embeddable":true,"href":"https:\/\/rt-europaallee.de\/wordpress\/wp-json\/wp\/v2\/categories?post=10420"},{"taxonomy":"post_tag","embeddable":true,"href":"https:\/\/rt-europaallee.de\/wordpress\/wp-json\/wp\/v2\/tags?post=10420"}],"curies":[{"name":"wp","href":"https:\/\/api.w.org\/{rel}","templated":true}]}}