{"id":10431,"date":"2021-06-05T23:43:14","date_gmt":"2021-06-05T21:43:14","guid":{"rendered":"http:\/\/rt-europaallee.org\/wordpress\/?p=10431"},"modified":"2021-06-05T23:43:14","modified_gmt":"2021-06-05T21:43:14","slug":"stadtteilbuero-leineberg-stadtradeln-vom-13-juni-bis-3-juli-registrierung","status":"publish","type":"post","link":"https:\/\/rt-europaallee.de\/wordpress\/2021\/06\/stadtteilbuero-leineberg-stadtradeln-vom-13-juni-bis-3-juli-registrierung\/","title":{"rendered":"Stadtteilb\u00fcro Leineberg: Stadtradeln vom 13. Juni bis 3. Juli (Registrierung!)"},"content":{"rendered":"<p>(Quelle: <a href=\"https:\/\/www.facebook.com\/Stadtteilbuero.Leineberg\/posts\/4095314773862188?__cft__[0]=AZWySLgdz_Ic_Lx2r93RAtO6pQJF7LDqfcJPTG1Onz-KiM554xN7zPzUgI9ST9AB8U708NQezWc4m09O7wba88A0kAPNcFndfvONgijN7W8LjyjntlMWm5itK2BZsa5hYALpVfw25R6SGAAem7khkcvJ&amp;__tn__=%2CO%2CP-R\">https:\/\/www.facebook.com\/Stadtteilbuero.Leineberg\/posts\/4095314773862188?<\/a>)<\/p>\n<p>&nbsp;<\/p>\n<blockquote>\n<div class=\"buofh1pr\">\n<div class=\"j83agx80 cbu4d94t ew0dbk1b irj2b8pg\">\n<div class=\"qzhwtbm6 knvmm38d\">\n<h2 id=\"jsc_c_4k\" class=\"gmql0nx0 l94mrbxd p1ri9a11 lzcic4wl aahdfvyu hzawbc8m\" dir=\"auto\"><span class=\"nc684nl6\"><a class=\"oajrlxb2 g5ia77u1 qu0x051f esr5mh6w e9989ue4 r7d6kgcz rq0escxv nhd2j8a9 nc684nl6 p7hjln8o kvgmc6g5 cxmmr5t8 oygrvhab hcukyx3x jb3vyjys rz4wbd8a qt6c0cv9 a8nywdso i1ao9s8h esuyzwwr f1sip0of lzcic4wl oo9gr5id gpro0wi8 lrazzd5p\" tabindex=\"0\" href=\"https:\/\/www.facebook.com\/Stadtteilbuero.Leineberg\/?__cft__[0]=AZWySLgdz_Ic_Lx2r93RAtO6pQJF7LDqfcJPTG1Onz-KiM554xN7zPzUgI9ST9AB8U708NQezWc4m09O7wba88A0kAPNcFndfvONgijN7W8LjyjntlMWm5itK2BZsa5hYALpVfw25R6SGAAem7khkcvJ&amp;__tn__=-UC%2CP-R\"><strong>Stadtteilb\u00fcro Leineberg<\/strong><\/a><\/span><\/h2>\n<\/div>\n<\/div>\n<\/div>\n<div class=\"nqmvxvec j83agx80 jnigpg78 cxgpxx05 dflh9lhu sj5x9vvc scb9dxdr odw8uiq3\"><\/div>\n<div class=\"\" dir=\"auto\">\n<div id=\"jsc_c_4m\" class=\"ecm0bbzt hv4rvrfc ihqw7lf3 dati1w0a\" data-ad-comet-preview=\"message\" data-ad-preview=\"message\">\n<div class=\"j83agx80 cbu4d94t ew0dbk1b irj2b8pg\">\n<div class=\"qzhwtbm6 knvmm38d\">\n<div class=\"kvgmc6g5 cxmmr5t8 oygrvhab hcukyx3x c1et5uql ii04i59q\">\n<div dir=\"auto\">Mach mit beim Stadtradeln: Die G\u00f6ttinger Nachbarschaftszentren beteiligen sich dieses Jahr gemeinsam an der Aktion. Einfach unter <a class=\"oajrlxb2 g5ia77u1 qu0x051f esr5mh6w e9989ue4 r7d6kgcz rq0escxv nhd2j8a9 nc684nl6 p7hjln8o kvgmc6g5 cxmmr5t8 oygrvhab hcukyx3x jb3vyjys rz4wbd8a qt6c0cv9 a8nywdso i1ao9s8h esuyzwwr f1sip0of lzcic4wl py34i1dx gpro0wi8\" tabindex=\"0\" href=\"http:\/\/www.stadtradeln.de\/?fbclid=IwAR17B5Pga58ShjgvTVJ1kRrEjkOJ_cTTk6nJZ-RXE_YNAXXjy-w1rwHGD0w\" target=\"_blank\" rel=\"nofollow noopener noreferrer\">www.stadtradeln.de<\/a> registieren, G\u00f6ttingen als Kommune ausw\u00e4hlen und dem Team &#8222;Stadtteilzentren&#8220; beitreten. Hier k\u00f6nnt ihr den Leineberg als Unterteam ausw\u00e4hlen und mit uns Kilometer sammeln. Warum das Ganze? Mit der Aktion wird die Bedeutung des Radverkehrs sichtbar gemacht. Gerade in Zeiten von Corona ist sie eine M\u00f6glichkeit, um als Team an einem gemeinsamen Ziel zu arbeiten. Wir freuen uns \u00fcber alle, die mit uns radeln! Aktionszeitraum: 13. Juni bis 3. Juli, die Registrierung ist bereits jetzt m\u00f6glich.<\/div>\n<div dir=\"auto\">&lt;\/div&gt;<\/div>\n<\/div>\n<\/div>\n<\/div>\n<\/div>\n<\/div>\n<div id=\"jsc_c_4n\" class=\"l9j0dhe7\">\n<div class=\"l9j0dhe7\">\n<div>\n<div class=\"b3i9ofy5 l9j0dhe7\">\n<div class=\"j83agx80 soycq5t1 ni8dbmo4 stjgntxs l9j0dhe7\">\n<div class=\"bp9cbjyn cwj9ozl2 j83agx80 cbu4d94t ni8dbmo4 stjgntxs l9j0dhe7 k4urcfbm\">\n<div>\n<div class=\"do00u71z ni8dbmo4 stjgntxs l9j0dhe7\">\n<div class=\"pmk7jnqg kr520xx4\"><img loading=\"lazy\" decoding=\"async\" class=\"i09qtzwb n7fi1qx3 datstx6m pmk7jnqg j9ispegn kr520xx4 k4urcfbm bixrwtb6 aligncenter\" src=\"https:\/\/external-ham3-1.xx.fbcdn.net\/safe_image.php?d=AQGx3nfqdeSJsvBW&amp;w=500&amp;h=261&amp;url=https%3A%2F%2Fwww.stadtradeln.de%2Ffileadmin%2Fsite_template%2Fimg%2Fsr%2Fgewinne%2Fgewinne1.jpg&amp;cfs=1&amp;ext=jpg&amp;ccb=3-5&amp;_nc_hash=AQFfTFGCRNYwAhWb\" alt=\"STADTRADELN - Home\" width=\"500\" height=\"261\" \/><\/div>\n<\/div>\n<\/div>\n<\/div>\n<\/div>\n<\/div>\n<\/div>\n<\/div>\n<\/div>\n<\/blockquote>\n","protected":false},"excerpt":{"rendered":"<p>(Quelle: https:\/\/www.facebook.com\/Stadtteilbuero.Leineberg\/posts\/4095314773862188?) &nbsp; Stadtteilb\u00fcro Leineberg Mach mit beim Stadtradeln: Die G\u00f6ttinger Nachbarschaftszentren beteiligen sich dieses Jahr gemeinsam an der Aktion. Einfach unter www.stadtradeln.de registieren, G\u00f6ttingen als Kommune ausw\u00e4hlen und dem Team &#8222;Stadtteilzentren&#8220; beitreten. Hier k\u00f6nnt ihr den Leineberg als Unterteam ausw\u00e4hlen und mit uns Kilometer sammeln. Warum das Ganze? Mit der Aktion wird die Bedeutung &#8230; <a title=\"Stadtteilb\u00fcro Leineberg: Stadtradeln vom 13. Juni bis 3. Juli (Registrierung!)\" class=\"read-more\" href=\"https:\/\/rt-europaallee.de\/wordpress\/2021\/06\/stadtteilbuero-leineberg-stadtradeln-vom-13-juni-bis-3-juli-registrierung\/\" aria-label=\"Mehr Informationen \u00fcber Stadtteilb\u00fcro Leineberg: Stadtradeln vom 13. Juni bis 3. Juli (Registrierung!)\">Weiterlesen<\/a><\/p>\n","protected":false},"author":3,"featured_media":0,"comment_status":"closed","ping_status":"open","sticky":false,"template":"","format":"standard","meta":{"footnotes":""},"categories":[1],"tags":[],"class_list":["post-10431","post","type-post","status-publish","format-standard","hentry","category-allgemein"],"_links":{"self":[{"href":"https:\/\/rt-europaallee.de\/wordpress\/wp-json\/wp\/v2\/posts\/10431","targetHints":{"allow":["GET"]}}],"collection":[{"href":"https:\/\/rt-europaallee.de\/wordpress\/wp-json\/wp\/v2\/posts"}],"about":[{"href":"https:\/\/rt-europaallee.de\/wordpress\/wp-json\/wp\/v2\/types\/post"}],"author":[{"embeddable":true,"href":"https:\/\/rt-europaallee.de\/wordpress\/wp-json\/wp\/v2\/users\/3"}],"replies":[{"embeddable":true,"href":"https:\/\/rt-europaallee.de\/wordpress\/wp-json\/wp\/v2\/comments?post=10431"}],"version-history":[{"count":1,"href":"https:\/\/rt-europaallee.de\/wordpress\/wp-json\/wp\/v2\/posts\/10431\/revisions"}],"predecessor-version":[{"id":10432,"href":"https:\/\/rt-europaallee.de\/wordpress\/wp-json\/wp\/v2\/posts\/10431\/revisions\/10432"}],"wp:attachment":[{"href":"https:\/\/rt-europaallee.de\/wordpress\/wp-json\/wp\/v2\/media?parent=10431"}],"wp:term":[{"taxonomy":"category","embeddable":true,"href":"https:\/\/rt-europaallee.de\/wordpress\/wp-json\/wp\/v2\/categories?post=10431"},{"taxonomy":"post_tag","embeddable":true,"href":"https:\/\/rt-europaallee.de\/wordpress\/wp-json\/wp\/v2\/tags?post=10431"}],"curies":[{"name":"wp","href":"https:\/\/api.w.org\/{rel}","templated":true}]}}