{"id":10957,"date":"2021-08-30T13:44:10","date_gmt":"2021-08-30T11:44:10","guid":{"rendered":"http:\/\/rt-europaallee.org\/wordpress\/?p=10957"},"modified":"2021-08-30T13:45:03","modified_gmt":"2021-08-30T11:45:03","slug":"gt-artikel-vom-28-08-2021-arbeitslosmeldungen-wieder-persoenlich","status":"publish","type":"post","link":"https:\/\/rt-europaallee.de\/wordpress\/2021\/08\/gt-artikel-vom-28-08-2021-arbeitslosmeldungen-wieder-persoenlich\/","title":{"rendered":"GT-Artikel vom 28.08.2021: Arbeitslosmeldungen wieder pers\u00f6nlich!"},"content":{"rendered":"<p>Lt. dem\u00a0GT-Artikel vom 28.08.2021 <em><strong>Arbeitslos: Meldung nur noch vor Ort:<\/strong><\/em><\/p>\n<p>Ab dem 01.09.2021 m\u00fcssen\u00a0 Arbeitslosmeldungen in den Landkreisen G\u00f6ttingen und Northeim wieder pers\u00f6nlich bei den entsprechenden Arbeitsagenturen gemacht werden. Viele andere Angelegenheiten k\u00f6nnen unter <a href=\"https:\/\/con.arbeitsagentur.de\/prod\/profil\/profil-ui\/eservices\">Arbeitsagentur.de\/eservices<\/a> erledigt werden. Telefonische Kl\u00e4rung ist von 8:00 bis 18:00 Uhr unter 0800\/ 4 55 55 00 m\u00f6glich.<\/p>\n","protected":false},"excerpt":{"rendered":"<p>Lt. dem\u00a0GT-Artikel vom 28.08.2021 Arbeitslos: Meldung nur noch vor Ort: Ab dem 01.09.2021 m\u00fcssen\u00a0 Arbeitslosmeldungen in den Landkreisen G\u00f6ttingen und Northeim wieder pers\u00f6nlich bei den entsprechenden Arbeitsagenturen gemacht werden. Viele andere Angelegenheiten k\u00f6nnen unter Arbeitsagentur.de\/eservices erledigt werden. Telefonische Kl\u00e4rung ist von 8:00 bis 18:00 Uhr unter 0800\/ 4 55 55 00 m\u00f6glich.<\/p>\n","protected":false},"author":3,"featured_media":0,"comment_status":"closed","ping_status":"open","sticky":false,"template":"","format":"standard","meta":{"footnotes":""},"categories":[1],"tags":[],"class_list":["post-10957","post","type-post","status-publish","format-standard","hentry","category-allgemein"],"_links":{"self":[{"href":"https:\/\/rt-europaallee.de\/wordpress\/wp-json\/wp\/v2\/posts\/10957","targetHints":{"allow":["GET"]}}],"collection":[{"href":"https:\/\/rt-europaallee.de\/wordpress\/wp-json\/wp\/v2\/posts"}],"about":[{"href":"https:\/\/rt-europaallee.de\/wordpress\/wp-json\/wp\/v2\/types\/post"}],"author":[{"embeddable":true,"href":"https:\/\/rt-europaallee.de\/wordpress\/wp-json\/wp\/v2\/users\/3"}],"replies":[{"embeddable":true,"href":"https:\/\/rt-europaallee.de\/wordpress\/wp-json\/wp\/v2\/comments?post=10957"}],"version-history":[{"count":1,"href":"https:\/\/rt-europaallee.de\/wordpress\/wp-json\/wp\/v2\/posts\/10957\/revisions"}],"predecessor-version":[{"id":10970,"href":"https:\/\/rt-europaallee.de\/wordpress\/wp-json\/wp\/v2\/posts\/10957\/revisions\/10970"}],"wp:attachment":[{"href":"https:\/\/rt-europaallee.de\/wordpress\/wp-json\/wp\/v2\/media?parent=10957"}],"wp:term":[{"taxonomy":"category","embeddable":true,"href":"https:\/\/rt-europaallee.de\/wordpress\/wp-json\/wp\/v2\/categories?post=10957"},{"taxonomy":"post_tag","embeddable":true,"href":"https:\/\/rt-europaallee.de\/wordpress\/wp-json\/wp\/v2\/tags?post=10957"}],"curies":[{"name":"wp","href":"https:\/\/api.w.org\/{rel}","templated":true}]}}