{"id":10993,"date":"2021-09-02T11:59:00","date_gmt":"2021-09-02T09:59:00","guid":{"rendered":"http:\/\/rt-europaallee.org\/wordpress\/?p=10993"},"modified":"2021-09-02T12:10:26","modified_gmt":"2021-09-02T10:10:26","slug":"petra-broistedt-zu-einer-neuen-sporthalle-im-westen-goettingens","status":"publish","type":"post","link":"https:\/\/rt-europaallee.de\/wordpress\/2021\/09\/petra-broistedt-zu-einer-neuen-sporthalle-im-westen-goettingens\/","title":{"rendered":"Petra Broistedt zu einer neuen Sporthalle im Westen G\u00f6ttingens"},"content":{"rendered":"<p>(Quelle: <a href=\"https:\/\/www.facebook.com\/petrabroistedt\/posts\/395370568868094\">https:\/\/www.facebook.com\/petrabroistedt\/posts\/395370568868094<\/a>)<\/p>\n<p>Die derzeitige\u00a0<span class=\"d2edcug0 hpfvmrgz qv66sw1b c1et5uql lr9zc1uh a8c37x1j keod5gw0 nxhoafnm aigsh9s9 d3f4x2em fe6kdd0r mau55g9w c8b282yb iv3no6db jq4qci2q a3bd9o3v b1v8xokw oo9gr5id hzawbc8m\" dir=\"auto\"><span class=\"d2edcug0 hpfvmrgz qv66sw1b c1et5uql lr9zc1uh jq4qci2q a3bd9o3v b1v8xokw oo9gr5id hzawbc8m\">Sozial- und Kulturdezernentin der Stadt G\u00f6ttingen\u00a0Petra Broistedt hat sich in einem Facebook- Beitrag zu einer neuen Sporthalle im Westen G\u00f6ttingens (die ist auch immer wieder Thema beim\u00a0<span lang=\"de-DE\"><b>\u201e<\/b><\/span><b><span lang=\"de-DE\">Runden Tisch Europaallee&#8220;<\/span><\/b><span lang=\"de-DE\">)<\/span>\u00a0ge\u00e4u\u00dfert:<\/span><\/span><\/p>\n<blockquote>\n<div class=\"buofh1pr\">\n<div class=\"j83agx80 cbu4d94t ew0dbk1b irj2b8pg\">\n<div class=\"qzhwtbm6 knvmm38d\">\n<h2 id=\"jsc_c_24\" class=\"gmql0nx0 l94mrbxd p1ri9a11 lzcic4wl aahdfvyu hzawbc8m\" dir=\"auto\"><strong><a class=\"oajrlxb2 g5ia77u1 qu0x051f esr5mh6w e9989ue4 r7d6kgcz rq0escxv nhd2j8a9 nc684nl6 p7hjln8o kvgmc6g5 cxmmr5t8 oygrvhab hcukyx3x jb3vyjys rz4wbd8a qt6c0cv9 a8nywdso i1ao9s8h esuyzwwr f1sip0of lzcic4wl oo9gr5id gpro0wi8 lrazzd5p\" tabindex=\"0\" href=\"https:\/\/www.facebook.com\/petrabroistedt\/?__cft__[0]=AZUNICHnKsoSIP_wgxl-BFohVugi9asKncVHAx3iflsmCc-b9ZsR0oEK159jG_mzrjiXuX0vwJoitf5W5H_lcYRhXhF08UayZGrydHzqSRbAZILh4k2xP9MIU9fuXJQR5cynJly4e9B7b-zVBAFNdJKq&amp;__tn__=kC%2CP-R\"><span class=\"nc684nl6\">Petra Broistedt<\/span><\/a><\/strong> mit <strong><a class=\"oajrlxb2 g5ia77u1 qu0x051f esr5mh6w e9989ue4 r7d6kgcz rq0escxv nhd2j8a9 nc684nl6 p7hjln8o kvgmc6g5 cxmmr5t8 oygrvhab hcukyx3x jb3vyjys rz4wbd8a qt6c0cv9 a8nywdso i1ao9s8h esuyzwwr f1sip0of lzcic4wl oo9gr5id gpro0wi8 lrazzd5p\" tabindex=\"0\" href=\"https:\/\/www.facebook.com\/TsvHoltensenVon1910Ev?__cft__[0]=AZUNICHnKsoSIP_wgxl-BFohVugi9asKncVHAx3iflsmCc-b9ZsR0oEK159jG_mzrjiXuX0vwJoitf5W5H_lcYRhXhF08UayZGrydHzqSRbAZILh4k2xP9MIU9fuXJQR5cynJly4e9B7b-zVBAFNdJKq&amp;__tn__=-]C%2CP-R\"><span class=\"nc684nl6\">TSV Holtensen von 1910 e.V.<\/span><\/a><\/strong><\/h2>\n<\/div>\n<\/div>\n<\/div>\n<div class=\"\" dir=\"auto\">\n<div id=\"jsc_c_26\" class=\"ecm0bbzt hv4rvrfc ihqw7lf3 dati1w0a\" data-ad-comet-preview=\"message\" data-ad-preview=\"message\">\n<div class=\"j83agx80 cbu4d94t ew0dbk1b irj2b8pg\">\n<div class=\"qzhwtbm6 knvmm38d\">\n<div class=\"kvgmc6g5 cxmmr5t8 oygrvhab hcukyx3x c1et5uql ii04i59q\">\n<div dir=\"auto\">Warum nicht beide Bedarfe zusammen denken? Eine neue Halle f\u00fcr die BG und die f\u00fcnf Sportvereine im Westen!<\/div>\n<\/div>\n<div class=\"o9v6fnle cxmmr5t8 oygrvhab hcukyx3x c1et5uql ii04i59q\">\n<div dir=\"auto\">Durch die Pandemie bin ich im regelm\u00e4\u00dfigen Austausch mit den Sportvereinen. F\u00fcnf Vereine haben mir dabei von ihrem Bedarf an zus\u00e4tzlichen Hallenfl\u00e4chen und dem Eintreten f\u00fcr eine gemeinsam genutzte neue 3-Feld-Sporthalle im Westen G\u00f6ttingens berichtet. Als Sportlerin war ich sofort begeistert!<\/div>\n<\/div>\n<div class=\"o9v6fnle cxmmr5t8 oygrvhab hcukyx3x c1et5uql ii04i59q\">\n<div dir=\"auto\">Bei meinem Besuch bei der BG G\u00f6ttingen erfuhr ich von Gesch\u00e4ftsf\u00fchrer Frank Meinertshagen, wie notwendig eine gr\u00f6\u00dfere Halle mit 5.000 Pl\u00e4tzen f\u00fcr unsere Veilchen ist, um langfristig in der 1. Bundesliga konkurrenzf\u00e4hig zu bleiben. Ich wei\u00df, dass Basketball die Herzen h\u00f6her schlagen l\u00e4sst, Identit\u00e4t stiftet und verbindet. Hier in G\u00f6ttingen haben viele Veilchen im Blut!<\/div>\n<\/div>\n<div class=\"o9v6fnle cxmmr5t8 oygrvhab hcukyx3x c1et5uql ii04i59q\">\n<div dir=\"auto\">Also warum nicht beide Bedarfe zusammen denken? Eine Sporthalle f\u00fcr die f\u00fcnf Vereine, die gleichzeitig den Anforderungen der BG an Profibasketball w\u00e4hrend der 17 Heimspiele im Jahr und der internationalen Wettbewerbe gerecht wird. Dazu habe ich Frank Meinertshagen (BG), R\u00fcdiger Pflaum (Gelb-Wei\u00df Elliehausen 1920 e.V.), G\u00fcnther Helberg (SC Eintracht Elliehausen e.V.), Stefan Blum und Carsten N\u00fcsslein (JFV West G\u00f6ttingen v. 2010 e.V.), Christian Bodenbach (TSV Holtensen e.V.), und Uwe Richter (Gr\u00fcn-Wei\u00df Hagenberg e.V.) zu einem Austausch geladen. Wir waren uns schnell einig: Eine gemeinsame Halle bringt einen Mehrwert sowohl f\u00fcr den Spitzen- als auch f\u00fcr den Breitensport und macht einen Neubau realisierbar!<\/div>\n<\/div>\n<div class=\"o9v6fnle cxmmr5t8 oygrvhab hcukyx3x c1et5uql ii04i59q\">\n<div dir=\"auto\">Die Finanzierung kann nur gemeinsam gestemmt werden: durch private Spenden, Sponsoring, F\u00f6rdermittel, Mieteinnahmen und ggf. eine Anleihe, in die alle G\u00f6ttinger*innen, die dieses Vorhaben unterst\u00fctzen wollen, einzahlen. Wenn das gelingt, kann ich mir eine st\u00e4dtische Beteiligung vorstellen und werde mich daf\u00fcr gern in der n\u00e4chsten Wahlperiode als Oberb\u00fcrgermeisterin stark machen.<\/div>\n<\/div>\n<div class=\"o9v6fnle cxmmr5t8 oygrvhab hcukyx3x c1et5uql ii04i59q\">\n<div dir=\"auto\"><a class=\"oajrlxb2 g5ia77u1 qu0x051f esr5mh6w e9989ue4 r7d6kgcz rq0escxv nhd2j8a9 nc684nl6 p7hjln8o kvgmc6g5 cxmmr5t8 oygrvhab hcukyx3x jb3vyjys rz4wbd8a qt6c0cv9 a8nywdso i1ao9s8h esuyzwwr f1sip0of lzcic4wl q66pz984 gpro0wi8 b1v8xokw\" tabindex=\"0\" href=\"https:\/\/www.facebook.com\/hashtag\/sportimwesten?__eep__=6&amp;__cft__[0]=AZUNICHnKsoSIP_wgxl-BFohVugi9asKncVHAx3iflsmCc-b9ZsR0oEK159jG_mzrjiXuX0vwJoitf5W5H_lcYRhXhF08UayZGrydHzqSRbAZILh4k2xP9MIU9fuXJQR5cynJly4e9B7b-zVBAFNdJKq&amp;__tn__=*NK-R\">#sportimwesten<\/a><a class=\"oajrlxb2 g5ia77u1 qu0x051f esr5mh6w e9989ue4 r7d6kgcz rq0escxv nhd2j8a9 nc684nl6 p7hjln8o kvgmc6g5 cxmmr5t8 oygrvhab hcukyx3x jb3vyjys rz4wbd8a qt6c0cv9 a8nywdso i1ao9s8h esuyzwwr f1sip0of lzcic4wl q66pz984 gpro0wi8 b1v8xokw\" tabindex=\"0\" href=\"https:\/\/www.facebook.com\/hashtag\/einehallef%C3%BCralle?__eep__=6&amp;__cft__[0]=AZUNICHnKsoSIP_wgxl-BFohVugi9asKncVHAx3iflsmCc-b9ZsR0oEK159jG_mzrjiXuX0vwJoitf5W5H_lcYRhXhF08UayZGrydHzqSRbAZILh4k2xP9MIU9fuXJQR5cynJly4e9B7b-zVBAFNdJKq&amp;__tn__=*NK-R\">#einehallef\u00fcralle<\/a><a class=\"oajrlxb2 g5ia77u1 qu0x051f esr5mh6w e9989ue4 r7d6kgcz rq0escxv nhd2j8a9 nc684nl6 p7hjln8o kvgmc6g5 cxmmr5t8 oygrvhab hcukyx3x jb3vyjys rz4wbd8a qt6c0cv9 a8nywdso i1ao9s8h esuyzwwr f1sip0of lzcic4wl q66pz984 gpro0wi8 b1v8xokw\" tabindex=\"0\" href=\"https:\/\/www.facebook.com\/hashtag\/leistungsport?__eep__=6&amp;__cft__[0]=AZUNICHnKsoSIP_wgxl-BFohVugi9asKncVHAx3iflsmCc-b9ZsR0oEK159jG_mzrjiXuX0vwJoitf5W5H_lcYRhXhF08UayZGrydHzqSRbAZILh4k2xP9MIU9fuXJQR5cynJly4e9B7b-zVBAFNdJKq&amp;__tn__=*NK-R\">#leistungsport<\/a><a class=\"oajrlxb2 g5ia77u1 qu0x051f esr5mh6w e9989ue4 r7d6kgcz rq0escxv nhd2j8a9 nc684nl6 p7hjln8o kvgmc6g5 cxmmr5t8 oygrvhab hcukyx3x jb3vyjys rz4wbd8a qt6c0cv9 a8nywdso i1ao9s8h esuyzwwr f1sip0of lzcic4wl q66pz984 gpro0wi8 b1v8xokw\" tabindex=\"0\" href=\"https:\/\/www.facebook.com\/hashtag\/breitensport?__eep__=6&amp;__cft__[0]=AZUNICHnKsoSIP_wgxl-BFohVugi9asKncVHAx3iflsmCc-b9ZsR0oEK159jG_mzrjiXuX0vwJoitf5W5H_lcYRhXhF08UayZGrydHzqSRbAZILh4k2xP9MIU9fuXJQR5cynJly4e9B7b-zVBAFNdJKq&amp;__tn__=*NK-R\">#breitensport<\/a><a class=\"oajrlxb2 g5ia77u1 qu0x051f esr5mh6w e9989ue4 r7d6kgcz rq0escxv nhd2j8a9 nc684nl6 p7hjln8o kvgmc6g5 cxmmr5t8 oygrvhab hcukyx3x jb3vyjys rz4wbd8a qt6c0cv9 a8nywdso i1ao9s8h esuyzwwr f1sip0of lzcic4wl q66pz984 gpro0wi8 b1v8xokw\" tabindex=\"0\" href=\"https:\/\/www.facebook.com\/hashtag\/untereinemdach?__eep__=6&amp;__cft__[0]=AZUNICHnKsoSIP_wgxl-BFohVugi9asKncVHAx3iflsmCc-b9ZsR0oEK159jG_mzrjiXuX0vwJoitf5W5H_lcYRhXhF08UayZGrydHzqSRbAZILh4k2xP9MIU9fuXJQR5cynJly4e9B7b-zVBAFNdJKq&amp;__tn__=*NK-R\">#untereinemdach<\/a><a class=\"oajrlxb2 g5ia77u1 qu0x051f esr5mh6w e9989ue4 r7d6kgcz rq0escxv nhd2j8a9 nc684nl6 p7hjln8o kvgmc6g5 cxmmr5t8 oygrvhab hcukyx3x jb3vyjys rz4wbd8a qt6c0cv9 a8nywdso i1ao9s8h esuyzwwr f1sip0of lzcic4wl q66pz984 gpro0wi8 b1v8xokw\" tabindex=\"0\" href=\"https:\/\/www.facebook.com\/hashtag\/petrabroistedt?__eep__=6&amp;__cft__[0]=AZUNICHnKsoSIP_wgxl-BFohVugi9asKncVHAx3iflsmCc-b9ZsR0oEK159jG_mzrjiXuX0vwJoitf5W5H_lcYRhXhF08UayZGrydHzqSRbAZILh4k2xP9MIU9fuXJQR5cynJly4e9B7b-zVBAFNdJKq&amp;__tn__=*NK-R\">#petrabroistedt<\/a><a class=\"oajrlxb2 g5ia77u1 qu0x051f esr5mh6w e9989ue4 r7d6kgcz rq0escxv nhd2j8a9 nc684nl6 p7hjln8o kvgmc6g5 cxmmr5t8 oygrvhab hcukyx3x jb3vyjys rz4wbd8a qt6c0cv9 a8nywdso i1ao9s8h esuyzwwr f1sip0of lzcic4wl q66pz984 gpro0wi8 b1v8xokw\" tabindex=\"0\" href=\"https:\/\/www.facebook.com\/hashtag\/goettingen?__eep__=6&amp;__cft__[0]=AZUNICHnKsoSIP_wgxl-BFohVugi9asKncVHAx3iflsmCc-b9ZsR0oEK159jG_mzrjiXuX0vwJoitf5W5H_lcYRhXhF08UayZGrydHzqSRbAZILh4k2xP9MIU9fuXJQR5cynJly4e9B7b-zVBAFNdJKq&amp;__tn__=*NK-R\">#goettingen<\/a><a class=\"oajrlxb2 g5ia77u1 qu0x051f esr5mh6w e9989ue4 r7d6kgcz rq0escxv nhd2j8a9 nc684nl6 p7hjln8o kvgmc6g5 cxmmr5t8 oygrvhab hcukyx3x jb3vyjys rz4wbd8a qt6c0cv9 a8nywdso i1ao9s8h esuyzwwr f1sip0of lzcic4wl q66pz984 gpro0wi8 b1v8xokw\" tabindex=\"0\" href=\"https:\/\/www.facebook.com\/hashtag\/veilchenimblut?__eep__=6&amp;__cft__[0]=AZUNICHnKsoSIP_wgxl-BFohVugi9asKncVHAx3iflsmCc-b9ZsR0oEK159jG_mzrjiXuX0vwJoitf5W5H_lcYRhXhF08UayZGrydHzqSRbAZILh4k2xP9MIU9fuXJQR5cynJly4e9B7b-zVBAFNdJKq&amp;__tn__=*NK-R\">#veilchenimblut<\/a><\/div>\n<div dir=\"auto\"><\/div>\n<div dir=\"auto\"><\/div>\n<div dir=\"auto\"><img decoding=\"async\" class=\"ji94ytn4 r9f5tntg d2edcug0 r0294ipz\" src=\"https:\/\/scontent-ham3-1.xx.fbcdn.net\/v\/t1.6435-9\/239390094_395370315534786_6895482694682025259_n.jpg?_nc_cat=109&amp;_nc_rgb565=1&amp;ccb=1-5&amp;_nc_sid=8bfeb9&amp;_nc_ohc=mHH4e73txwAAX-Do-Gj&amp;_nc_ht=scontent-ham3-1.xx&amp;oh=8725645a578ccd056ae42f627cd78d00&amp;oe=61557F60\" alt=\"Ist m\u00f6glicherweise ein Bild von 5 Personen, Personen, die stehen und au\u00dfen\" data-visualcompletion=\"media-vc-image\" \/><\/div>\n<\/div>\n<\/div>\n<\/div>\n<\/div>\n<\/div>\n<\/blockquote>\n<div dir=\"auto\"><\/div>\n<div dir=\"auto\">(Weitere Fotos im Beitrag)<\/div>\n","protected":false},"excerpt":{"rendered":"<p>(Quelle: https:\/\/www.facebook.com\/petrabroistedt\/posts\/395370568868094) Die derzeitige\u00a0Sozial- und Kulturdezernentin der Stadt G\u00f6ttingen\u00a0Petra Broistedt hat sich in einem Facebook- Beitrag zu einer neuen Sporthalle im Westen G\u00f6ttingens (die ist auch immer wieder Thema beim\u00a0\u201eRunden Tisch Europaallee&#8220;)\u00a0ge\u00e4u\u00dfert: Petra Broistedt mit TSV Holtensen von 1910 e.V. Warum nicht beide Bedarfe zusammen denken? Eine neue Halle f\u00fcr die BG und die f\u00fcnf &#8230; <a title=\"Petra Broistedt zu einer neuen Sporthalle im Westen G\u00f6ttingens\" class=\"read-more\" href=\"https:\/\/rt-europaallee.de\/wordpress\/2021\/09\/petra-broistedt-zu-einer-neuen-sporthalle-im-westen-goettingens\/\" aria-label=\"Mehr Informationen \u00fcber Petra Broistedt zu einer neuen Sporthalle im Westen G\u00f6ttingens\">Weiterlesen<\/a><\/p>\n","protected":false},"author":3,"featured_media":0,"comment_status":"closed","ping_status":"open","sticky":false,"template":"","format":"standard","meta":{"footnotes":""},"categories":[1],"tags":[],"class_list":["post-10993","post","type-post","status-publish","format-standard","hentry","category-allgemein"],"_links":{"self":[{"href":"https:\/\/rt-europaallee.de\/wordpress\/wp-json\/wp\/v2\/posts\/10993","targetHints":{"allow":["GET"]}}],"collection":[{"href":"https:\/\/rt-europaallee.de\/wordpress\/wp-json\/wp\/v2\/posts"}],"about":[{"href":"https:\/\/rt-europaallee.de\/wordpress\/wp-json\/wp\/v2\/types\/post"}],"author":[{"embeddable":true,"href":"https:\/\/rt-europaallee.de\/wordpress\/wp-json\/wp\/v2\/users\/3"}],"replies":[{"embeddable":true,"href":"https:\/\/rt-europaallee.de\/wordpress\/wp-json\/wp\/v2\/comments?post=10993"}],"version-history":[{"count":3,"href":"https:\/\/rt-europaallee.de\/wordpress\/wp-json\/wp\/v2\/posts\/10993\/revisions"}],"predecessor-version":[{"id":10996,"href":"https:\/\/rt-europaallee.de\/wordpress\/wp-json\/wp\/v2\/posts\/10993\/revisions\/10996"}],"wp:attachment":[{"href":"https:\/\/rt-europaallee.de\/wordpress\/wp-json\/wp\/v2\/media?parent=10993"}],"wp:term":[{"taxonomy":"category","embeddable":true,"href":"https:\/\/rt-europaallee.de\/wordpress\/wp-json\/wp\/v2\/categories?post=10993"},{"taxonomy":"post_tag","embeddable":true,"href":"https:\/\/rt-europaallee.de\/wordpress\/wp-json\/wp\/v2\/tags?post=10993"}],"curies":[{"name":"wp","href":"https:\/\/api.w.org\/{rel}","templated":true}]}}