{"id":11000,"date":"2021-09-02T12:26:09","date_gmt":"2021-09-02T10:26:09","guid":{"rendered":"http:\/\/rt-europaallee.org\/wordpress\/?p=11000"},"modified":"2021-09-02T12:26:18","modified_gmt":"2021-09-02T10:26:18","slug":"irina-schnar-keine-wahlbenachrichtigung-fuer-die-integrationsratswahlen","status":"publish","type":"post","link":"https:\/\/rt-europaallee.de\/wordpress\/2021\/09\/irina-schnar-keine-wahlbenachrichtigung-fuer-die-integrationsratswahlen\/","title":{"rendered":"Irina Schnar: Keine Wahlbenachrichtigung f\u00fcr die Integrationsratswahlen?"},"content":{"rendered":"<p>(Quelle:\u00a0<a href=\"https:\/\/www.facebook.com\/irina.schnar.5\/posts\/1020522865369609\">https:\/\/www.facebook.com\/irina.schnar.5\/posts\/1020522865369609<\/a>)<\/p>\n<blockquote>\n<div class=\"buofh1pr\">\n<div class=\"j83agx80 cbu4d94t ew0dbk1b irj2b8pg\">\n<div class=\"qzhwtbm6 knvmm38d\">\n<h2 id=\"jsc_c_r\" class=\"gmql0nx0 l94mrbxd p1ri9a11 lzcic4wl aahdfvyu hzawbc8m\"><span class=\"nc684nl6\"><a class=\"oajrlxb2 g5ia77u1 qu0x051f esr5mh6w e9989ue4 r7d6kgcz rq0escxv nhd2j8a9 nc684nl6 p7hjln8o kvgmc6g5 cxmmr5t8 oygrvhab hcukyx3x jb3vyjys rz4wbd8a qt6c0cv9 a8nywdso i1ao9s8h esuyzwwr f1sip0of lzcic4wl oo9gr5id gpro0wi8 lrazzd5p\" href=\"https:\/\/www.facebook.com\/irina.schnar.5?__cft__[0]=AZVtg0hdmrkBLFw9pHZ5E9SPQ7Z5iQQ96Hgf-uegT-47jvH2SQWBUYT02bj5J-NxGIMw7Jm3xKo4uC0pF5qW2vH0zQA0eWKfkZH37JTEy7fnowy0aKGtUn7r_-9jbJQ4xlk&amp;__tn__=-UC%2CP-R\"><strong>Irina Schnar<\/strong><\/a><\/span><\/h2>\n<\/div>\n<\/div>\n<\/div>\n<div class=\"nqmvxvec j83agx80 jnigpg78 cxgpxx05 dflh9lhu sj5x9vvc scb9dxdr odw8uiq3\"><\/div>\n<div class=\"\">\n<div id=\"jsc_c_t\" class=\"ecm0bbzt hv4rvrfc ihqw7lf3 dati1w0a\">\n<div class=\"j83agx80 cbu4d94t ew0dbk1b irj2b8pg\">\n<div class=\"qzhwtbm6 knvmm38d\">\n<div class=\"kvgmc6g5 cxmmr5t8 oygrvhab hcukyx3x c1et5uql ii04i59q\">\n<div>Wer bis zum 27. August 2021 keine Wahlbenachrichtigung f\u00fcr die Integrationsratswahlen erhalten hat, aber glaubt wahlberechtigt zu sein, muss sich m\u00f6glichst umgehend mit dem Referat Statistik und Wahlen G\u00f6ttingen in Verbindung setzen, um seine Wahlberechtigung pr\u00fcfen zu lassen.\u00a0<span class=\"pq6dq46d tbxw36s4 knj5qynh kvgmc6g5 ditlmg2l oygrvhab nvdbi5me sf5mxxl7 gl3lb2sf hhz5lgdu\"><span class=\"sf5mxxl7 oqcyycmt nvdbi5me oygrvhab ditlmg2l kvgmc6g5 q9uorilb sgc6yxs4 qb00l2mb mufzhxvi\"><span class=\"enjifjd9 p16kav6w q9uorilb jedpkwab\">?\u200d?<\/span><\/span>\u2060\u2060<\/span><\/div>\n<\/div>\n<div class=\"o9v6fnle cxmmr5t8 oygrvhab hcukyx3x c1et5uql ii04i59q\">\n<div>Wahlberechtigt sind alle Migrantinnen und Migranten, die mindestens 3 Monate in G\u00f6ttingen leben und mindestens 16 Jahre alt sind.<span class=\"pq6dq46d tbxw36s4 knj5qynh kvgmc6g5 ditlmg2l oygrvhab nvdbi5me sf5mxxl7 gl3lb2sf hhz5lgdu\">\u00a0<span class=\"sf5mxxl7 oqcyycmt nvdbi5me oygrvhab ditlmg2l kvgmc6g5 q9uorilb sgc6yxs4 qb00l2mb mufzhxvi\"><span class=\"enjifjd9 p16kav6w q9uorilb jedpkwab\">?\u200d?<\/span><\/span>\u2060<span class=\"sf5mxxl7 oqcyycmt nvdbi5me oygrvhab ditlmg2l kvgmc6g5 q9uorilb sgc6yxs4 qb00l2mb mufzhxvi\"><span class=\"enjifjd9 p16kav6w q9uorilb jedpkwab\">?\u200d?<\/span><\/span>\u2060<\/span><\/div>\n<\/div>\n<div class=\"o9v6fnle cxmmr5t8 oygrvhab hcukyx3x c1et5uql ii04i59q\">\n<div>Tel. des Wahlamtes G\u00f6ttingen: 0551-400-2356<\/div>\n<\/div>\n<div class=\"o9v6fnle cxmmr5t8 oygrvhab hcukyx3x c1et5uql ii04i59q\">\n<div>Liebe Gr\u00fc\u00dfe<\/div>\n<\/div>\n<div class=\"o9v6fnle cxmmr5t8 oygrvhab hcukyx3x c1et5uql ii04i59q\">\n<div>Irina Schnar M. A.<\/div>\n<div>Vorsitzende Integrationsrat G\u00f6ttingen<\/div>\n<\/div>\n<\/div>\n<\/div>\n<\/div>\n<\/div>\n<\/blockquote>\n","protected":false},"excerpt":{"rendered":"<p>(Quelle:\u00a0https:\/\/www.facebook.com\/irina.schnar.5\/posts\/1020522865369609) Irina Schnar Wer bis zum 27. August 2021 keine Wahlbenachrichtigung f\u00fcr die Integrationsratswahlen erhalten hat, aber glaubt wahlberechtigt zu sein, muss sich m\u00f6glichst umgehend mit dem Referat Statistik und Wahlen G\u00f6ttingen in Verbindung setzen, um seine Wahlberechtigung pr\u00fcfen zu lassen.\u00a0?\u200d?\u2060\u2060 Wahlberechtigt sind alle Migrantinnen und Migranten, die mindestens 3 Monate in G\u00f6ttingen leben und &#8230; <a title=\"Irina Schnar: Keine Wahlbenachrichtigung f\u00fcr die Integrationsratswahlen?\" class=\"read-more\" href=\"https:\/\/rt-europaallee.de\/wordpress\/2021\/09\/irina-schnar-keine-wahlbenachrichtigung-fuer-die-integrationsratswahlen\/\" aria-label=\"Mehr Informationen \u00fcber Irina Schnar: Keine Wahlbenachrichtigung f\u00fcr die Integrationsratswahlen?\">Weiterlesen<\/a><\/p>\n","protected":false},"author":3,"featured_media":0,"comment_status":"closed","ping_status":"open","sticky":false,"template":"","format":"standard","meta":{"footnotes":""},"categories":[1],"tags":[],"class_list":["post-11000","post","type-post","status-publish","format-standard","hentry","category-allgemein"],"_links":{"self":[{"href":"https:\/\/rt-europaallee.de\/wordpress\/wp-json\/wp\/v2\/posts\/11000","targetHints":{"allow":["GET"]}}],"collection":[{"href":"https:\/\/rt-europaallee.de\/wordpress\/wp-json\/wp\/v2\/posts"}],"about":[{"href":"https:\/\/rt-europaallee.de\/wordpress\/wp-json\/wp\/v2\/types\/post"}],"author":[{"embeddable":true,"href":"https:\/\/rt-europaallee.de\/wordpress\/wp-json\/wp\/v2\/users\/3"}],"replies":[{"embeddable":true,"href":"https:\/\/rt-europaallee.de\/wordpress\/wp-json\/wp\/v2\/comments?post=11000"}],"version-history":[{"count":1,"href":"https:\/\/rt-europaallee.de\/wordpress\/wp-json\/wp\/v2\/posts\/11000\/revisions"}],"predecessor-version":[{"id":11001,"href":"https:\/\/rt-europaallee.de\/wordpress\/wp-json\/wp\/v2\/posts\/11000\/revisions\/11001"}],"wp:attachment":[{"href":"https:\/\/rt-europaallee.de\/wordpress\/wp-json\/wp\/v2\/media?parent=11000"}],"wp:term":[{"taxonomy":"category","embeddable":true,"href":"https:\/\/rt-europaallee.de\/wordpress\/wp-json\/wp\/v2\/categories?post=11000"},{"taxonomy":"post_tag","embeddable":true,"href":"https:\/\/rt-europaallee.de\/wordpress\/wp-json\/wp\/v2\/tags?post=11000"}],"curies":[{"name":"wp","href":"https:\/\/api.w.org\/{rel}","templated":true}]}}