{"id":11247,"date":"2021-10-13T13:38:38","date_gmt":"2021-10-13T11:38:38","guid":{"rendered":"http:\/\/rt-europaallee.org\/wordpress\/?p=11247"},"modified":"2021-10-13T13:38:38","modified_gmt":"2021-10-13T11:38:38","slug":"stadt-goettingen-beginn-der-sondierungen-in-der-weststadt-kampfmittelverdacht","status":"publish","type":"post","link":"https:\/\/rt-europaallee.de\/wordpress\/2021\/10\/stadt-goettingen-beginn-der-sondierungen-in-der-weststadt-kampfmittelverdacht\/","title":{"rendered":"Stadt G\u00f6ttingen: Beginn der Sondierungen in der Weststadt (Kampfmittelverdacht)"},"content":{"rendered":"<p>(Quelle: <a href=\"https:\/\/www.goettingen.de\/aktuelles\/beginn-der-sondierungen-in-der-weststadt-2021-10-12.html?fbclid=IwAR2eKr5kKbDrUBVI83P55qnk1dkpaYR5PyhsKY9fdPiTaNqbqDQa3F_tbEA\">https:\/\/www.goettingen.de\/aktuelles\/beginn-der-sondierungen-in-der-weststadt-2021-10-12.html?<\/a>)<\/p>\n<p>&nbsp;<\/p>\n<blockquote>\n<div class=\"text artikeldatum bottom left\">12.10.2021<\/div>\n<div class=\"magazinetitle\">Kampfmittelverdacht<\/div>\n<div class=\"content-header \">\n<div class=\"content-title\">\n<h1 class=\"content-title\">Beginn der Sondierungen in der Weststadt<\/h1>\n<\/div>\n<div class=\"dots\"><\/div>\n<\/div>\n<div class=\"content-text twocolumn \">\n<div class=\"magazinetext\">\n<div class=\"magazineshorttext\">\n<p>In der kommenden Woche beginnen erste Sondierungen an den Kampfmittelverdachtsf\u00e4llen in der G\u00f6ttinger Weststadt. Ein Spezialunternehmen nimmt sich in der Woche vom 18. Oktober 2021 zun\u00e4chst drei der Verdachtspunkte vor, die sich durch neue Informationen des Landesamts f\u00fcr Geoinformation und Landvermessung Niedersachsen ergeben hatten.<\/p>\n<\/div>\n<\/div>\n<div class=\"magazinetext\">\n<p>Als erster Punkt wird ein Fundort auf einer Freifl\u00e4che westlich der Leine untersucht. Die Anwohner*innen, Eigent\u00fcmer*innen und Nutzer*innen sind bereits informiert. Ausschlie\u00dflich f\u00fcr sie hat die Stadt f\u00fcr Fragen eine Hotline eingerichtet, erg\u00e4nzend zu den allgemeinen Informationen auf <a class=\"intern\" title=\"goe.de\/bombenverdacht\" href=\"https:\/\/www.goettingen.de\/aktuelles\/aktuelle-infos-zum-kampfmittelverdacht-in-der-weststadt-2021-09-22.html\" target=\"_blank\" rel=\"noopener noreferrer\">goe.de\/bombenverdacht<\/a><\/p>\n<div class=\"internerlinkouter\"><\/div>\n<\/div>\n<\/div>\n<p>. Vor Ort werden die Anwohnenden-Infos au\u00dferdem an zentralen Punkten in Geb\u00e4uden ausgeh\u00e4ngt, auf Deutsch und in f\u00fcnf weiteren Sprachen (Englisch, Franz\u00f6sisch, Spanisch, Farsi und Russisch).<\/p>\n<p>&nbsp;<\/p>\n<h3>Untersuchung durch Spezialisten<\/h3>\n<p>Insgesamt gehen die Fachleute des Kampfmittelbeseitigungsdienstes Niedersachsen (KBD) davon aus, dass westlich und \u00f6stlich der Leine (Godehardstra\u00dfe, Bl\u00fcmchenviertel, Sch\u00fctzenplatz) mehr als 80 Verdachtspunkte auf Blindg\u00e4nger aus dem Zweiten Weltkrieg zu untersuchen sind. Ob sich der Verdacht jeweils erh\u00e4rtet, kann nur eine gezielte Sondierung jedes einzelnen Punktes kl\u00e4ren. Unterst\u00fctzt wird der KBD dabei von einem Stab, den der G\u00f6ttinger Oberb\u00fcrgermeister Rolf-Georg K\u00f6hler unter der Leitung des Ersten Stadtrats Christian Schmetz sowie dem Leiter der G\u00f6ttinger Berufsfeuerwehr Dr. Martin Sch\u00e4fer eingerichtet hat.<\/p>\n<p>&nbsp;<\/p>\n<h3>Entscheidung nach Ergebnis<\/h3>\n<p>Schmetz erkl\u00e4rt: \u201eWir halten uns mit genauen Angaben zu den Punkten zur\u00fcck \u2013 zum Schutz der Anwohnerinnen und Anwohner und auch, damit die Einsatzkr\u00e4fte vor Ort ihre Arbeit schnell und effektiv bew\u00e4ltigen k\u00f6nnen. \u00dcber Ergebnisse der Sondierungen informieren wir so bald wie m\u00f6glich.\u201c Zur Untersuchung werden Tiefenbohrungen in einem zuvor festgelegten Raster um die Verdachtspunkte gebohrt und mittels Magnetsonden \u00fcberpr\u00fcft. Bei Kampfmittel-typischen Abweichungen vom Normalzustand wird das jeweilige Objekt ausgegraben. Nachdem der KBD das Objekt gepr\u00fcft hat, wird \u00fcber das weitere Vorgehen entschieden. Sollte es sich um einen Bombenblindg\u00e4nger handeln, wird eine Entsch\u00e4rfung oder kontrollierte Sprengung vorbereitet. Bei allen Untersuchungen beeinflussen die Ergebnisse den Zeitplan f\u00fcr die n\u00e4chsten Sondierungen. Das gilt auch f\u00fcr den Verdacht im Bereich des Kulturzentrums, der nach aktueller Planung bald gepr\u00fcft werden soll. Die Nutzer*innen sind bereits grunds\u00e4tzlich informiert.<\/p>\n<p>&nbsp;<\/p>\n<h3>F\u00fcr erste Sondierungen keine Evakuierung<\/h3>\n<p>F\u00fcr die Sondierung der ersten drei Punkte ist keine Evakuierung erforderlich. \u201eEine besondere Gefahrenlage f\u00fcr die Menschen vor Ort ist nicht gegeben\u201c, so Stabsleiter Schmetz. Die Anwohner*innen k\u00f6nnen sich w\u00e4hrend der Sondierung in ihren Wohnungen aufhalten. Allerdings sind Au\u00dfenbereiche teilweise vor\u00fcbergehend gesperrt und es kann zu L\u00e4rmbel\u00e4stigungen kommen. In einem Fall muss f\u00fcr voraussichtlich einen Tag die Gasversorgung abgestellt werden. Je Punkt planen die Fachleute f\u00fcr die Sondierung mit Vor- und Nachbereitung nur wenige Tage ein.<\/p>\n<p>&nbsp;<\/p>\n<h3>Weitere Informationen<\/h3>\n<p>Unter <a class=\"intern\" title=\"goe.de\/bombenverdacht\" href=\"https:\/\/www.goettingen.de\/aktuelles\/aktuelle-infos-zum-kampfmittelverdacht-in-der-weststadt-2021-09-22.html\" target=\"_blank\" rel=\"noopener noreferrer\">goe.de\/bombenverdacht<\/a><\/p>\n<div class=\"internerlinkouter\"><\/div>\n<p>bietet die Stadt wieder einen Liveblog, der alle aktuellen Informationen zur Lage bereith\u00e4lt und fortw\u00e4hrend \u00fcber die Ma\u00dfnahmen berichtet. F\u00fcr den Fall einer Neutralisierungsma\u00dfnahme werden die Menschen im Quartier gezielt informiert, au\u00dferdem wird dann auch wieder ein B\u00fcrgertelefon eingerichtet.<\/p><\/blockquote>\n","protected":false},"excerpt":{"rendered":"<p>(Quelle: https:\/\/www.goettingen.de\/aktuelles\/beginn-der-sondierungen-in-der-weststadt-2021-10-12.html?) &nbsp; 12.10.2021 Kampfmittelverdacht Beginn der Sondierungen in der Weststadt In der kommenden Woche beginnen erste Sondierungen an den Kampfmittelverdachtsf\u00e4llen in der G\u00f6ttinger Weststadt. Ein Spezialunternehmen nimmt sich in der Woche vom 18. Oktober 2021 zun\u00e4chst drei der Verdachtspunkte vor, die sich durch neue Informationen des Landesamts f\u00fcr Geoinformation und Landvermessung Niedersachsen ergeben hatten. &#8230; <a title=\"Stadt G\u00f6ttingen: Beginn der Sondierungen in der Weststadt (Kampfmittelverdacht)\" class=\"read-more\" href=\"https:\/\/rt-europaallee.de\/wordpress\/2021\/10\/stadt-goettingen-beginn-der-sondierungen-in-der-weststadt-kampfmittelverdacht\/\" aria-label=\"Mehr Informationen \u00fcber Stadt G\u00f6ttingen: Beginn der Sondierungen in der Weststadt (Kampfmittelverdacht)\">Weiterlesen<\/a><\/p>\n","protected":false},"author":3,"featured_media":0,"comment_status":"closed","ping_status":"open","sticky":false,"template":"","format":"standard","meta":{"footnotes":""},"categories":[1],"tags":[],"class_list":["post-11247","post","type-post","status-publish","format-standard","hentry","category-allgemein"],"_links":{"self":[{"href":"https:\/\/rt-europaallee.de\/wordpress\/wp-json\/wp\/v2\/posts\/11247","targetHints":{"allow":["GET"]}}],"collection":[{"href":"https:\/\/rt-europaallee.de\/wordpress\/wp-json\/wp\/v2\/posts"}],"about":[{"href":"https:\/\/rt-europaallee.de\/wordpress\/wp-json\/wp\/v2\/types\/post"}],"author":[{"embeddable":true,"href":"https:\/\/rt-europaallee.de\/wordpress\/wp-json\/wp\/v2\/users\/3"}],"replies":[{"embeddable":true,"href":"https:\/\/rt-europaallee.de\/wordpress\/wp-json\/wp\/v2\/comments?post=11247"}],"version-history":[{"count":1,"href":"https:\/\/rt-europaallee.de\/wordpress\/wp-json\/wp\/v2\/posts\/11247\/revisions"}],"predecessor-version":[{"id":11248,"href":"https:\/\/rt-europaallee.de\/wordpress\/wp-json\/wp\/v2\/posts\/11247\/revisions\/11248"}],"wp:attachment":[{"href":"https:\/\/rt-europaallee.de\/wordpress\/wp-json\/wp\/v2\/media?parent=11247"}],"wp:term":[{"taxonomy":"category","embeddable":true,"href":"https:\/\/rt-europaallee.de\/wordpress\/wp-json\/wp\/v2\/categories?post=11247"},{"taxonomy":"post_tag","embeddable":true,"href":"https:\/\/rt-europaallee.de\/wordpress\/wp-json\/wp\/v2\/tags?post=11247"}],"curies":[{"name":"wp","href":"https:\/\/api.w.org\/{rel}","templated":true}]}}