{"id":11503,"date":"2021-11-23T17:30:12","date_gmt":"2021-11-23T16:30:12","guid":{"rendered":"http:\/\/rt-europaallee.org\/wordpress\/?p=11503"},"modified":"2021-11-23T17:50:47","modified_gmt":"2021-11-23T16:50:47","slug":"ab-24-11-2021-geaendertes-infektionsgesetz-3g-im-oeffentlichen-nah-und-fernverkehr-verschaerfte-corona-regelungen-in-niedersachsen","status":"publish","type":"post","link":"https:\/\/rt-europaallee.de\/wordpress\/2021\/11\/ab-24-11-2021-geaendertes-infektionsgesetz-3g-im-oeffentlichen-nah-und-fernverkehr-verschaerfte-corona-regelungen-in-niedersachsen\/","title":{"rendered":"Ab 24.11.2021: Ge\u00e4ndertes Infektionsgesetz + 3G im \u00f6ffentlichen Nah- und Fernverkehr + versch\u00e4rfte Corona-Regelungen in Niedersachsen"},"content":{"rendered":"<p><a href=\"https:\/\/www.stk.niedersachsen.de\/startseite\/presseinformationen\/ernste-lage-auch-in-niedersachsen-erneute-verscharfung-der-corona-regelungen-206190.html\">https:\/\/www.stk.niedersachsen.de\/startseite\/presseinformationen\/ernste-lage-auch-in-niedersachsen-erneute-verscharfung-der-corona-regelungen-206190.html<\/a>:<\/p>\n<div class=\"content wrap4of4\">\n<div class=\"group main span3of4\">\n<div class=\"group section noline span3of4 ftext\">\n<div id=\"articleContent_206190\" class=\"articleContent\">\n<h3 class=\"margt0\">Ernste Lage auch in Niedersachsen \u2013 erneute Versch\u00e4rfung der Corona-Regelungen<\/h3>\n<p class=\"margt0\">(https:\/\/www.niedersachsen.de\/download\/177122\/Niedersaechsische_Verordnung_ueber_infektionspraeventive_Schutzmassnahmen_zur_Eindaemmung_des_Coronavirus_SARS-CoV-2_und_dessen_Varianten_Niedersaechsische_Corona-Verordnung_vom_23._November_2021_S._1-34.pdf)<\/p>\n<blockquote>\n<p class=\"margt0\">Grafik aus\u00a0<a href=\"https:\/\/www.facebook.com\/ndrniedersachsen\/posts\/4443043499084831\">https:\/\/www.facebook.com\/ndrniedersachsen\/posts\/4443043499084831<\/a><br \/>\n<img decoding=\"async\" class=\"ji94ytn4 r9f5tntg d2edcug0 r0294ipz\" src=\"https:\/\/scontent-ham3-1.xx.fbcdn.net\/v\/t39.30808-6\/259883207_4443039739085207_3562098288022184590_n.jpg?_nc_cat=1&amp;ccb=1-5&amp;_nc_sid=730e14&amp;_nc_ohc=s3PiOx3DbDQAX8C_A5D&amp;tn=iGl5B_eKLzdvFWUg&amp;_nc_ht=scontent-ham3-1.xx&amp;oh=02784a5d2513a99905d2370f86443563&amp;oe=61A13A06\" alt=\"Ist m\u00f6glicherweise ein Bild von Text \u201eNeue Corona-Regeln ab 24. November: 2G im Innenbereich f\u00fcr Gastronomie, Diskotheken, k\u00f6rpernahe Dienstleistungen (inkl. Friseur), in Sport-, Kultur- und Freizeiteinrichtungen, bei allen Innen-Veranstaltungen ab 25 Personen (drau\u00dfen 3G) und Beherbergung Maskenpflicht und Abstandsgebot auch bei 2G Weihnachtsm\u00e4rkte: 2G drinnen und drau\u00dfen Maskenpflicht Schulen: Maskenpflicht im Unterricht auch wieder f\u00fcr Klassen 1 und 2 Discos und Clubs: 2G-Nachweis auch f\u00fcr unter 18-J\u00e4hrige sch\u00e4rfere Regeln inkl. 2G-plus ab Warnstufe 2 (Landes-Hospitalisierungs-Rate 6 bis 9) Hinweis: es ich gr\u00f6\u00dftenteils um die Ma\u00dfnahmen aktuellen \u201eWarnstufe (Landes-Hospitalisierungs-Rate&gt;3 Quelle:Corona-Verordnung NDS, Stand NDR1 Niedersachsen Hallo NIEDERSACHSEN\u201c\" data-visualcompletion=\"media-vc-image\" \/><\/p>\n<\/blockquote>\n<\/div>\n<\/div>\n<\/div>\n<\/div>\n<p><a href=\"https:\/\/www.goevb.de\/service\/news\/details\/3g-regel-fuer-fahrgaeste?fbclid=IwAR1nPo334xVKHGuJkYWQpffr6pQX9R22KQjUTObI3MkYGsar9issa9X2NJM\">https:\/\/www.goevb.de\/service\/news\/details\/3g-regel-fuer-fahrgaeste?<\/a>\u00a0und<br \/>\nhttps:\/\/www.facebook.com\/goevb\/posts\/4953648981333195:<\/p>\n<blockquote><p><strong>Mit Inkrafttreten der n\u00e4chsten Nieders\u00e4chsischen Corona-Verordnung gilt ab voraussichtlich Mittwoch f\u00fcr die Nutzung in unseren Bussen k\u00fcnftig die sogenannte 3G-Regel: geimpft, genesen, getestet.<\/strong><\/p>\n<p>&nbsp;<\/p>\n<p><img decoding=\"async\" class=\"ji94ytn4 r9f5tntg d2edcug0 r0294ipz\" src=\"https:\/\/scontent-ham3-1.xx.fbcdn.net\/v\/t39.30808-6\/260231677_4953648491333244_1358548548531525223_n.jpg?_nc_cat=109&amp;ccb=1-5&amp;_nc_sid=730e14&amp;_nc_ohc=s5k4Oh9Jb_UAX_UsZb-&amp;_nc_ht=scontent-ham3-1.xx&amp;oh=1d02a9348d9b817db4801bd0cfdb7c26&amp;oe=61A1449D\" alt=\"Ist m\u00f6glicherweise ein Bild von Text \u201egeimpft genesen getestet\u201c\" data-visualcompletion=\"media-vc-image\" \/><\/p><\/blockquote>\n<p>&nbsp;<\/p>\n<p><a href=\"https:\/\/www.bundesregierung.de\/breg-de\">https:\/\/www.bundesregierung.de\/breg-de<\/a>:<\/p>\n<blockquote><p><img decoding=\"async\" class=\"bpa-img bpa-img-hero-text-under-image\" src=\"https:\/\/www.bundesregierung.de\/resource\/image\/1983356\/hero_desktop\/1170\/585\/b82de3cf015cf13030f14a1045777b3c\/Ql\/2021-11-18-mpk-hero.png\" alt=\"Grafik zu den Beschl\u00fcssen von Bund und L\u00e4ndern zur Bek\u00e4mpfung der Corona-Pandemie vom 18.11.2021.\" \/><\/p><\/blockquote>\n<p>&nbsp;<\/p>\n<h3>Siehe\u00a0<strong>Beitrag vom 23.11.2021 auf der Seite\u00a0http:\/\/rt-europaallee.org\/wordpress\/informationen-zur-corona-krise\/aktuelle-meldungen-2\/aktuelle-meldungen-27-05-2021\/<\/strong><\/h3>\n","protected":false},"excerpt":{"rendered":"<p>https:\/\/www.stk.niedersachsen.de\/startseite\/presseinformationen\/ernste-lage-auch-in-niedersachsen-erneute-verscharfung-der-corona-regelungen-206190.html: Ernste Lage auch in Niedersachsen \u2013 erneute Versch\u00e4rfung der Corona-Regelungen (https:\/\/www.niedersachsen.de\/download\/177122\/Niedersaechsische_Verordnung_ueber_infektionspraeventive_Schutzmassnahmen_zur_Eindaemmung_des_Coronavirus_SARS-CoV-2_und_dessen_Varianten_Niedersaechsische_Corona-Verordnung_vom_23._November_2021_S._1-34.pdf) Grafik aus\u00a0https:\/\/www.facebook.com\/ndrniedersachsen\/posts\/4443043499084831 https:\/\/www.goevb.de\/service\/news\/details\/3g-regel-fuer-fahrgaeste?\u00a0und https:\/\/www.facebook.com\/goevb\/posts\/4953648981333195: Mit Inkrafttreten der n\u00e4chsten Nieders\u00e4chsischen Corona-Verordnung gilt ab voraussichtlich Mittwoch f\u00fcr die Nutzung in unseren Bussen k\u00fcnftig die sogenannte 3G-Regel: geimpft, genesen, getestet. &nbsp; &nbsp; https:\/\/www.bundesregierung.de\/breg-de: &nbsp; Siehe\u00a0Beitrag vom 23.11.2021 auf der Seite\u00a0http:\/\/rt-europaallee.org\/wordpress\/informationen-zur-corona-krise\/aktuelle-meldungen-2\/aktuelle-meldungen-27-05-2021\/<\/p>\n","protected":false},"author":3,"featured_media":0,"comment_status":"closed","ping_status":"open","sticky":false,"template":"","format":"standard","meta":{"footnotes":""},"categories":[1,44],"tags":[],"class_list":["post-11503","post","type-post","status-publish","format-standard","hentry","category-allgemein","category-corona"],"_links":{"self":[{"href":"https:\/\/rt-europaallee.de\/wordpress\/wp-json\/wp\/v2\/posts\/11503","targetHints":{"allow":["GET"]}}],"collection":[{"href":"https:\/\/rt-europaallee.de\/wordpress\/wp-json\/wp\/v2\/posts"}],"about":[{"href":"https:\/\/rt-europaallee.de\/wordpress\/wp-json\/wp\/v2\/types\/post"}],"author":[{"embeddable":true,"href":"https:\/\/rt-europaallee.de\/wordpress\/wp-json\/wp\/v2\/users\/3"}],"replies":[{"embeddable":true,"href":"https:\/\/rt-europaallee.de\/wordpress\/wp-json\/wp\/v2\/comments?post=11503"}],"version-history":[{"count":4,"href":"https:\/\/rt-europaallee.de\/wordpress\/wp-json\/wp\/v2\/posts\/11503\/revisions"}],"predecessor-version":[{"id":11517,"href":"https:\/\/rt-europaallee.de\/wordpress\/wp-json\/wp\/v2\/posts\/11503\/revisions\/11517"}],"wp:attachment":[{"href":"https:\/\/rt-europaallee.de\/wordpress\/wp-json\/wp\/v2\/media?parent=11503"}],"wp:term":[{"taxonomy":"category","embeddable":true,"href":"https:\/\/rt-europaallee.de\/wordpress\/wp-json\/wp\/v2\/categories?post=11503"},{"taxonomy":"post_tag","embeddable":true,"href":"https:\/\/rt-europaallee.de\/wordpress\/wp-json\/wp\/v2\/tags?post=11503"}],"curies":[{"name":"wp","href":"https:\/\/api.w.org\/{rel}","templated":true}]}}