{"id":11523,"date":"2021-11-25T12:45:22","date_gmt":"2021-11-25T11:45:22","guid":{"rendered":"http:\/\/rt-europaallee.org\/wordpress\/?p=11523"},"modified":"2021-11-25T12:45:22","modified_gmt":"2021-11-25T11:45:22","slug":"weststadtzentrum-goettingen-weststadt-meinungsumfrage","status":"publish","type":"post","link":"https:\/\/rt-europaallee.de\/wordpress\/2021\/11\/weststadtzentrum-goettingen-weststadt-meinungsumfrage\/","title":{"rendered":"Weststadtzentrum G\u00f6ttingen: Weststadt-Meinungsumfrage!"},"content":{"rendered":"<p>(Quelle: <a href=\"https:\/\/www.facebook.com\/WeZetGoettingen\/posts\/2372550232876894\">https:\/\/www.facebook.com\/WeZetGoettingen\/posts\/2372550232876894<\/a>)<\/p>\n<p>&nbsp;<\/p>\n<p>&nbsp;<\/p>\n<blockquote>\n<div class=\"qzhwtbm6 knvmm38d\">\n<h2 id=\"jsc_c_bx\" class=\"gmql0nx0 l94mrbxd p1ri9a11 lzcic4wl aahdfvyu hzawbc8m\"><span class=\"nc684nl6\"><a class=\"oajrlxb2 g5ia77u1 qu0x051f esr5mh6w e9989ue4 r7d6kgcz rq0escxv nhd2j8a9 nc684nl6 p7hjln8o kvgmc6g5 cxmmr5t8 oygrvhab hcukyx3x jb3vyjys rz4wbd8a qt6c0cv9 a8nywdso i1ao9s8h esuyzwwr f1sip0of lzcic4wl oo9gr5id gpro0wi8 lrazzd5p\" tabindex=\"0\" href=\"https:\/\/www.facebook.com\/WeZetGoettingen\/?__cft__[0]=AZXXuKuot6cYuWd0SKvCvcryF021b5ybSD24jD6MJujbaKFSf8mBbqFVotOOnzGVT6JTWLLeAr76L7uTGEK1EMScGEC2cEIZeVDDWEuydZN0i22efYwNdzP8CTjg-viBk6J2ldTgRBqDMjlqPHhRewsa&amp;__tn__=-UC%2CP-R\"><strong>Weststadtzentrum G\u00f6ttingen<\/strong><\/a><\/span><\/h2>\n<\/div>\n<div class=\"qzhwtbm6 knvmm38d\"><span class=\"d2edcug0 hpfvmrgz qv66sw1b c1et5uql lr9zc1uh a8c37x1j keod5gw0 nxhoafnm aigsh9s9 d9wwppkn fe6kdd0r mau55g9w c8b282yb mdeji52x e9vueds3 j5wam9gi b1v8xokw m9osqain hzawbc8m\" dir=\"auto\"><span id=\"jsc_c_by\"><span class=\"jpp8pzdo\">\u00a0\u00b7 <\/span><span class=\"tojvnm2t a6sixzi8 abs2jz4q a8s20v7p t1p8iaqh k5wvi7nf q3lfd5jv pk4s997a bipmatt0 cebpdrjk qowsmv63 owwhemhu dp1hu0rb dhp61c6y iyyx5f41\"><a class=\"oajrlxb2 g5ia77u1 qu0x051f esr5mh6w e9989ue4 r7d6kgcz rq0escxv nhd2j8a9 nc684nl6 p7hjln8o kvgmc6g5 cxmmr5t8 oygrvhab hcukyx3x jb3vyjys rz4wbd8a qt6c0cv9 a8nywdso i1ao9s8h esuyzwwr f1sip0of lzcic4wl gmql0nx0 gpro0wi8 b1v8xokw\" tabindex=\"0\" href=\"https:\/\/www.facebook.com\/WeZetGoettingen\/posts\/2372550232876894?__cft__[0]=AZXXuKuot6cYuWd0SKvCvcryF021b5ybSD24jD6MJujbaKFSf8mBbqFVotOOnzGVT6JTWLLeAr76L7uTGEK1EMScGEC2cEIZeVDDWEuydZN0i22efYwNdzP8CTjg-viBk6J2ldTgRBqDMjlqPHhRewsa&amp;__tn__=%2CO%2CP-R\">21 Std.<\/a><\/span><span class=\"jpp8pzdo\"><span class=\"rfua0xdk pmk7jnqg stjgntxs ni8dbmo4 ay7djpcl q45zohi1\">\u00a0<\/span> \u00b7 <\/span><\/span><\/span><\/div>\n<div class=\"nqmvxvec j83agx80 jnigpg78 cxgpxx05 dflh9lhu sj5x9vvc scb9dxdr odw8uiq3\"><\/div>\n<div class=\"\" dir=\"auto\">\n<div id=\"jsc_c_bz\" class=\"ecm0bbzt hv4rvrfc ihqw7lf3 dati1w0a\" data-ad-comet-preview=\"message\" data-ad-preview=\"message\">\n<div class=\"j83agx80 cbu4d94t ew0dbk1b irj2b8pg\">\n<div class=\"qzhwtbm6 knvmm38d\">\n<div class=\"kvgmc6g5 cxmmr5t8 oygrvhab hcukyx3x c1et5uql ii04i59q\">\n<div dir=\"auto\">Weststadt-Meinungsumfrage!<span class=\"pq6dq46d tbxw36s4 knj5qynh kvgmc6g5 ditlmg2l oygrvhab nvdbi5me sf5mxxl7 gl3lb2sf hhz5lgdu\"><img loading=\"lazy\" decoding=\"async\" src=\"https:\/\/static.xx.fbcdn.net\/images\/emoji.php\/v9\/tdd\/1\/16\/1f9d0.png\" alt=\"?\" width=\"16\" height=\"16\" \/><\/span><\/div>\n<div dir=\"auto\">Das Weststadtzentrum f\u00fchrt gegenw\u00e4rtig eine Meinungsumfrage in der G\u00f6ttinger Weststadt durch.<\/div>\n<div dir=\"auto\">Aus diesem Grund verteilen einige Mitarbeiter des WeZet nach und nach Briefe an die Bewohner*innen des Stadtteils.<\/div>\n<div dir=\"auto\">Ziel der anonymen Umfrage ist es, Meinungen bez\u00fcglich der subjektiven Wahrnehmung der Quartiere und das pers\u00f6nliche Verh\u00e4ltnis der Bewohner*innen zur Weststadt zusammenzutragen.<\/div>\n<div dir=\"auto\">Au\u00dferdem m\u00f6chten wir damit auf unser Stadtteilzentrum aufmerksam machen, Interesse an unseren vielf\u00e4ltigen Angeboten wecken und zum Mitwirken, Mitgestalten und Mitentwickeln einladen &amp; motivieren! <span class=\"pq6dq46d tbxw36s4 knj5qynh kvgmc6g5 ditlmg2l oygrvhab nvdbi5me sf5mxxl7 gl3lb2sf hhz5lgdu\"><img loading=\"lazy\" decoding=\"async\" src=\"https:\/\/static.xx.fbcdn.net\/images\/emoji.php\/v9\/t4c\/1\/16\/1f642.png\" alt=\"?\" width=\"16\" height=\"16\" \/><\/span><\/div>\n<div dir=\"auto\">Bei der Umfrage werden KEINE pers\u00f6nlichen Daten erhoben!<\/div>\n<div dir=\"auto\">Und hier nun der Link f\u00fcr alle Interessierten zu unserer Online-Meinungsumfrage:<\/div>\n<div dir=\"auto\"><a class=\"oajrlxb2 g5ia77u1 qu0x051f esr5mh6w e9989ue4 r7d6kgcz rq0escxv nhd2j8a9 nc684nl6 p7hjln8o kvgmc6g5 cxmmr5t8 oygrvhab hcukyx3x jb3vyjys rz4wbd8a qt6c0cv9 a8nywdso i1ao9s8h esuyzwwr f1sip0of lzcic4wl py34i1dx gpro0wi8\" tabindex=\"0\" href=\"https:\/\/forms.gle\/mNRtbkH14TE6yXiv9?fbclid=IwAR3hxocwDvmiJ9a8Hr1SRHf3ZUh8FbzndqRQODheS9cNhNTtZ-QCnX3gMeQ\" target=\"_blank\" rel=\"nofollow noopener noreferrer\">https:\/\/forms.gle\/mNRtbkH14TE6yXiv9<\/a><\/div>\n<div dir=\"auto\">Vielen Dank f\u00fcr euer Interesse und f\u00fcr\u00b4s Mitmachen! <span class=\"pq6dq46d tbxw36s4 knj5qynh kvgmc6g5 ditlmg2l oygrvhab nvdbi5me sf5mxxl7 gl3lb2sf hhz5lgdu\"><img loading=\"lazy\" decoding=\"async\" src=\"https:\/\/static.xx.fbcdn.net\/images\/emoji.php\/v9\/tfc\/1\/16\/1f44d.png\" alt=\"?\" width=\"16\" height=\"16\" \/><\/span><span class=\"pq6dq46d tbxw36s4 knj5qynh kvgmc6g5 ditlmg2l oygrvhab nvdbi5me sf5mxxl7 gl3lb2sf hhz5lgdu\"><img loading=\"lazy\" decoding=\"async\" src=\"https:\/\/static.xx.fbcdn.net\/images\/emoji.php\/v9\/tfe\/1\/16\/1f44f.png\" alt=\"?\" width=\"16\" height=\"16\" \/><\/span><span class=\"pq6dq46d tbxw36s4 knj5qynh kvgmc6g5 ditlmg2l oygrvhab nvdbi5me sf5mxxl7 gl3lb2sf hhz5lgdu\"><img loading=\"lazy\" decoding=\"async\" src=\"https:\/\/static.xx.fbcdn.net\/images\/emoji.php\/v9\/t4c\/1\/16\/1f642.png\" alt=\"?\" width=\"16\" height=\"16\" \/><\/span><\/div>\n<div dir=\"auto\">euer WeZet<\/div>\n<\/div>\n<\/div>\n<\/div>\n<\/div>\n<\/div>\n<div id=\"jsc_c_c0\" class=\"l9j0dhe7\">\n<div class=\"l9j0dhe7\">\n<div>\n<div class=\"b3i9ofy5 l9j0dhe7\">\n<div class=\"j83agx80 soycq5t1 ni8dbmo4 stjgntxs l9j0dhe7\">\n<div class=\"bp9cbjyn cwj9ozl2 j83agx80 cbu4d94t ni8dbmo4 stjgntxs l9j0dhe7 k4urcfbm\">\n<div>\n<div class=\"do00u71z ni8dbmo4 stjgntxs l9j0dhe7\">\n<div class=\"pmk7jnqg kr520xx4\"><img loading=\"lazy\" decoding=\"async\" class=\"i09qtzwb n7fi1qx3 datstx6m pmk7jnqg j9ispegn kr520xx4 k4urcfbm bixrwtb6\" src=\"https:\/\/external-ham3-1.xx.fbcdn.net\/safe_image.php?d=AQHtCThRK74zgP3d&amp;w=500&amp;h=261&amp;url=https%3A%2F%2Flh5.googleusercontent.com%2FSHPjhrL0QFMCd8JKgUWOkWElLQu6YEykAoPZv4XthC-4rEsnCpCXwW10RaXf7xKE_El-hslVtds%3Dw1200-h630-p&amp;cfs=1&amp;ext=jpg&amp;_nc_oe=6f197&amp;_nc_sid=06c271&amp;ccb=3-5&amp;_nc_hash=AQGiIsdamMuUhbV5\" alt=\"Weststadtumfrage 2021\" width=\"500\" height=\"261\" \/><\/div>\n<div class=\"pmk7jnqg kr520xx4\"><\/div>\n<\/div>\n<\/div>\n<\/div>\n<\/div>\n<\/div>\n<\/div>\n<\/div>\n<\/div>\n<\/blockquote>\n","protected":false},"excerpt":{"rendered":"<p>(Quelle: https:\/\/www.facebook.com\/WeZetGoettingen\/posts\/2372550232876894) &nbsp; &nbsp; Weststadtzentrum G\u00f6ttingen \u00a0\u00b7 21 Std.\u00a0 \u00b7 Weststadt-Meinungsumfrage! Das Weststadtzentrum f\u00fchrt gegenw\u00e4rtig eine Meinungsumfrage in der G\u00f6ttinger Weststadt durch. Aus diesem Grund verteilen einige Mitarbeiter des WeZet nach und nach Briefe an die Bewohner*innen des Stadtteils. Ziel der anonymen Umfrage ist es, Meinungen bez\u00fcglich der subjektiven Wahrnehmung der Quartiere und das pers\u00f6nliche &#8230; <a title=\"Weststadtzentrum G\u00f6ttingen: Weststadt-Meinungsumfrage!\" class=\"read-more\" href=\"https:\/\/rt-europaallee.de\/wordpress\/2021\/11\/weststadtzentrum-goettingen-weststadt-meinungsumfrage\/\" aria-label=\"Mehr Informationen \u00fcber Weststadtzentrum G\u00f6ttingen: Weststadt-Meinungsumfrage!\">Weiterlesen<\/a><\/p>\n","protected":false},"author":3,"featured_media":0,"comment_status":"closed","ping_status":"open","sticky":false,"template":"","format":"standard","meta":{"footnotes":""},"categories":[1],"tags":[],"class_list":["post-11523","post","type-post","status-publish","format-standard","hentry","category-allgemein"],"_links":{"self":[{"href":"https:\/\/rt-europaallee.de\/wordpress\/wp-json\/wp\/v2\/posts\/11523","targetHints":{"allow":["GET"]}}],"collection":[{"href":"https:\/\/rt-europaallee.de\/wordpress\/wp-json\/wp\/v2\/posts"}],"about":[{"href":"https:\/\/rt-europaallee.de\/wordpress\/wp-json\/wp\/v2\/types\/post"}],"author":[{"embeddable":true,"href":"https:\/\/rt-europaallee.de\/wordpress\/wp-json\/wp\/v2\/users\/3"}],"replies":[{"embeddable":true,"href":"https:\/\/rt-europaallee.de\/wordpress\/wp-json\/wp\/v2\/comments?post=11523"}],"version-history":[{"count":1,"href":"https:\/\/rt-europaallee.de\/wordpress\/wp-json\/wp\/v2\/posts\/11523\/revisions"}],"predecessor-version":[{"id":11524,"href":"https:\/\/rt-europaallee.de\/wordpress\/wp-json\/wp\/v2\/posts\/11523\/revisions\/11524"}],"wp:attachment":[{"href":"https:\/\/rt-europaallee.de\/wordpress\/wp-json\/wp\/v2\/media?parent=11523"}],"wp:term":[{"taxonomy":"category","embeddable":true,"href":"https:\/\/rt-europaallee.de\/wordpress\/wp-json\/wp\/v2\/categories?post=11523"},{"taxonomy":"post_tag","embeddable":true,"href":"https:\/\/rt-europaallee.de\/wordpress\/wp-json\/wp\/v2\/tags?post=11523"}],"curies":[{"name":"wp","href":"https:\/\/api.w.org\/{rel}","templated":true}]}}