{"id":11529,"date":"2021-11-26T14:10:38","date_gmt":"2021-11-26T13:10:38","guid":{"rendered":"http:\/\/rt-europaallee.org\/wordpress\/?p=11529"},"modified":"2021-11-26T17:42:03","modified_gmt":"2021-11-26T16:42:03","slug":"stadtteilbuero-leineberg-zutritt-nur-mit-2g-geimpft-oder-genesen-und-eine-durchgaengige-maskenpflicht","status":"publish","type":"post","link":"https:\/\/rt-europaallee.de\/wordpress\/2021\/11\/stadtteilbuero-leineberg-zutritt-nur-mit-2g-geimpft-oder-genesen-und-eine-durchgaengige-maskenpflicht\/","title":{"rendered":"Stadtteilb\u00fcro Leineberg: Zutritt nur mit 2G (geimpft oder genesen) und eine durchg\u00e4ngige Maskenpflicht"},"content":{"rendered":"<p>(Quelle: <a href=\"https:\/\/www.facebook.com\/Stadtteilbuero.Leineberg\/posts\/4632189036841423\">https:\/\/www.facebook.com\/Stadtteilbuero.Leineberg\/posts\/4632189036841423<\/a>)<\/p>\n<p>&nbsp;<\/p>\n<blockquote>\n<div class=\"qzhwtbm6 knvmm38d\">\n<h2 id=\"jsc_c_18\" class=\"gmql0nx0 l94mrbxd p1ri9a11 lzcic4wl aahdfvyu hzawbc8m\"><span class=\"nc684nl6\"><a class=\"oajrlxb2 g5ia77u1 qu0x051f esr5mh6w e9989ue4 r7d6kgcz rq0escxv nhd2j8a9 nc684nl6 p7hjln8o kvgmc6g5 cxmmr5t8 oygrvhab hcukyx3x jb3vyjys rz4wbd8a qt6c0cv9 a8nywdso i1ao9s8h esuyzwwr f1sip0of lzcic4wl oo9gr5id gpro0wi8 lrazzd5p\" tabindex=\"0\" href=\"https:\/\/www.facebook.com\/Stadtteilbuero.Leineberg\/?__cft__[0]=AZUpnFDyScetJt8T_Kn7uKGLWSRzZvslEZedP0A59Q0SutLBZ_2vHt5m4AZe-vneJifml-eXzaxkaovaxhRMC64b6VV7Co-SL8rxLR8qaGbAFHGMnX4LBSsN5cdANKEplkmsgOMDkran1ospQiH3XnYY&amp;__tn__=-UC%2CP-R\"><strong>Stadtteilb\u00fcro Leineberg<\/strong><\/a><\/span><\/h2>\n<\/div>\n<div class=\"qzhwtbm6 knvmm38d\"><span class=\"d2edcug0 hpfvmrgz qv66sw1b c1et5uql lr9zc1uh a8c37x1j keod5gw0 nxhoafnm aigsh9s9 d9wwppkn fe6kdd0r mau55g9w c8b282yb mdeji52x e9vueds3 j5wam9gi b1v8xokw m9osqain hzawbc8m\" dir=\"auto\"><span id=\"jsc_c_19\"><span class=\"jpp8pzdo\">\u00b7 <\/span><span class=\"tojvnm2t a6sixzi8 abs2jz4q a8s20v7p t1p8iaqh k5wvi7nf q3lfd5jv pk4s997a bipmatt0 cebpdrjk qowsmv63 owwhemhu dp1hu0rb dhp61c6y iyyx5f41\"><a class=\"oajrlxb2 g5ia77u1 qu0x051f esr5mh6w e9989ue4 r7d6kgcz rq0escxv nhd2j8a9 nc684nl6 p7hjln8o kvgmc6g5 cxmmr5t8 oygrvhab hcukyx3x jb3vyjys rz4wbd8a qt6c0cv9 a8nywdso i1ao9s8h esuyzwwr f1sip0of lzcic4wl gmql0nx0 gpro0wi8 b1v8xokw\" tabindex=\"0\" href=\"https:\/\/www.facebook.com\/Stadtteilbuero.Leineberg\/posts\/4632189036841423?__cft__[0]=AZUpnFDyScetJt8T_Kn7uKGLWSRzZvslEZedP0A59Q0SutLBZ_2vHt5m4AZe-vneJifml-eXzaxkaovaxhRMC64b6VV7Co-SL8rxLR8qaGbAFHGMnX4LBSsN5cdANKEplkmsgOMDkran1ospQiH3XnYY&amp;__tn__=%2CO%2CP-R\">1 Std.<\/a><\/span><span class=\"jpp8pzdo\"><span class=\"rfua0xdk pmk7jnqg stjgntxs ni8dbmo4 ay7djpcl q45zohi1\">\u00a0<\/span> \u00b7 <\/span><\/span><\/span><\/div>\n<div class=\"nqmvxvec j83agx80 jnigpg78 cxgpxx05 dflh9lhu sj5x9vvc scb9dxdr odw8uiq3\"><\/div>\n<div>\n<div class=\"\" dir=\"auto\">\n<div id=\"jsc_c_1a\" class=\"ecm0bbzt hv4rvrfc e5nlhep0 dati1w0a\" data-ad-comet-preview=\"message\" data-ad-preview=\"message\">\n<div class=\"j83agx80 cbu4d94t ew0dbk1b irj2b8pg\">\n<div class=\"qzhwtbm6 knvmm38d\">\n<div class=\"kvgmc6g5 cxmmr5t8 oygrvhab hcukyx3x c1et5uql ii04i59q\">\n<div dir=\"auto\">Ab Montag (29. November) gilt im Stadtteilb\u00fcro: Zutritt nur noch mit 2G, d. h. geimpft oder genesen. Zus\u00e4tzlich gilt eine durchg\u00e4ngige Maskenpflicht im Stadtteilb\u00fcro &#8211; auch im Sitzen. Daher k\u00f6nnen keine Angebote mehr durchgef\u00fchrt werden, bei denen gegessen oder getrunken wird.<\/div>\n<div dir=\"auto\">Das Stadtteilb\u00fcro ist weiter montags bis freitags besetzt, Sie k\u00f6nnen uns gern besuchen! Bitte klingeln Sie an der T\u00fcr, wir \u00f6ffnen Ihnen dann.<\/div>\n<div dir=\"auto\">Wir bedauern, dass diese Ma\u00dfnahmen notwendig sind, m\u00f6chten aber unseren Beitrag zum Infektionsschutz leisten.<\/div>\n<div dir=\"auto\">Wir w\u00fcnschen allen einen sch\u00f6nen ersten Advent!<\/div>\n<\/div>\n<\/div>\n<\/div>\n<\/div>\n<\/div>\n<\/div>\n<div><\/div>\n<\/blockquote>\n","protected":false},"excerpt":{"rendered":"<p>(Quelle: https:\/\/www.facebook.com\/Stadtteilbuero.Leineberg\/posts\/4632189036841423) &nbsp; Stadtteilb\u00fcro Leineberg \u00b7 1 Std.\u00a0 \u00b7 Ab Montag (29. November) gilt im Stadtteilb\u00fcro: Zutritt nur noch mit 2G, d. h. geimpft oder genesen. Zus\u00e4tzlich gilt eine durchg\u00e4ngige Maskenpflicht im Stadtteilb\u00fcro &#8211; auch im Sitzen. Daher k\u00f6nnen keine Angebote mehr durchgef\u00fchrt werden, bei denen gegessen oder getrunken wird. Das Stadtteilb\u00fcro ist weiter montags &#8230; <a title=\"Stadtteilb\u00fcro Leineberg: Zutritt nur mit 2G (geimpft oder genesen) und eine durchg\u00e4ngige Maskenpflicht\" class=\"read-more\" href=\"https:\/\/rt-europaallee.de\/wordpress\/2021\/11\/stadtteilbuero-leineberg-zutritt-nur-mit-2g-geimpft-oder-genesen-und-eine-durchgaengige-maskenpflicht\/\" aria-label=\"Mehr Informationen \u00fcber Stadtteilb\u00fcro Leineberg: Zutritt nur mit 2G (geimpft oder genesen) und eine durchg\u00e4ngige Maskenpflicht\">Weiterlesen<\/a><\/p>\n","protected":false},"author":3,"featured_media":0,"comment_status":"closed","ping_status":"open","sticky":false,"template":"","format":"standard","meta":{"footnotes":""},"categories":[1,44],"tags":[],"class_list":["post-11529","post","type-post","status-publish","format-standard","hentry","category-allgemein","category-corona"],"_links":{"self":[{"href":"https:\/\/rt-europaallee.de\/wordpress\/wp-json\/wp\/v2\/posts\/11529","targetHints":{"allow":["GET"]}}],"collection":[{"href":"https:\/\/rt-europaallee.de\/wordpress\/wp-json\/wp\/v2\/posts"}],"about":[{"href":"https:\/\/rt-europaallee.de\/wordpress\/wp-json\/wp\/v2\/types\/post"}],"author":[{"embeddable":true,"href":"https:\/\/rt-europaallee.de\/wordpress\/wp-json\/wp\/v2\/users\/3"}],"replies":[{"embeddable":true,"href":"https:\/\/rt-europaallee.de\/wordpress\/wp-json\/wp\/v2\/comments?post=11529"}],"version-history":[{"count":1,"href":"https:\/\/rt-europaallee.de\/wordpress\/wp-json\/wp\/v2\/posts\/11529\/revisions"}],"predecessor-version":[{"id":11530,"href":"https:\/\/rt-europaallee.de\/wordpress\/wp-json\/wp\/v2\/posts\/11529\/revisions\/11530"}],"wp:attachment":[{"href":"https:\/\/rt-europaallee.de\/wordpress\/wp-json\/wp\/v2\/media?parent=11529"}],"wp:term":[{"taxonomy":"category","embeddable":true,"href":"https:\/\/rt-europaallee.de\/wordpress\/wp-json\/wp\/v2\/categories?post=11529"},{"taxonomy":"post_tag","embeddable":true,"href":"https:\/\/rt-europaallee.de\/wordpress\/wp-json\/wp\/v2\/tags?post=11529"}],"curies":[{"name":"wp","href":"https:\/\/api.w.org\/{rel}","templated":true}]}}