{"id":11531,"date":"2021-11-26T14:26:32","date_gmt":"2021-11-26T13:26:32","guid":{"rendered":"http:\/\/rt-europaallee.org\/wordpress\/?p=11531"},"modified":"2021-11-26T17:41:23","modified_gmt":"2021-11-26T16:41:23","slug":"musa-kulturzentrum-wir-stoppen-den-veranstaltsbetrieb-erneut","status":"publish","type":"post","link":"https:\/\/rt-europaallee.de\/wordpress\/2021\/11\/musa-kulturzentrum-wir-stoppen-den-veranstaltsbetrieb-erneut\/","title":{"rendered":"Musa Kulturzentrum: WIR STOPPEN DEN VERANSTALTSBETRIEB ERNEUT."},"content":{"rendered":"<p>(Quelle: <a href=\"https:\/\/www.facebook.com\/musakulturzentrum\/posts\/7365790993447074?__cft__[0]=AZXJCeGxsKIamxk_15F56Jb6oeqqwcY7cXo9yy2H56wf1Afim9ZVLMabmvbYERc6TysrI1EgKa0e-ssXLRj2XLT-oTonL0uyeWire4BYSd_Q_CPskRYGDLmNx9tTfw3VxvmgnhzF-NWIRd3WlcyznnnBtSd7OAtw9dVM1T2ihAh7CDoGcwoTnSqaCEMUtmtzLVX7v9D9fW67jIGF7haFAlFA&amp;__tn__=-UC%2CP-R\">https:\/\/www.facebook.com\/musakulturzentrum\/posts\/7365790993447074?<\/a>)<\/p>\n<p>&nbsp;<\/p>\n<blockquote>\n<div class=\"bp9cbjyn pq6dq46d bzsjyuwj jifvfom9 j1lvzwm4 tv7at329\"><\/div>\n<div class=\"j83agx80 cbu4d94t ni8dbmo4 stjgntxs k4urcfbm j7s1t5dt bgqhc3kc\"><\/div>\n<div class=\"j83agx80 cbu4d94t ew0dbk1b irj2b8pg\">\n<div class=\"qzhwtbm6 knvmm38d\">\n<h2 class=\"gmql0nx0 l94mrbxd p1ri9a11 lzcic4wl aahdfvyu hzawbc8m\"><span class=\"nc684nl6\"><a class=\"oajrlxb2 g5ia77u1 qu0x051f esr5mh6w e9989ue4 r7d6kgcz rq0escxv nhd2j8a9 nc684nl6 p7hjln8o kvgmc6g5 cxmmr5t8 oygrvhab hcukyx3x jb3vyjys rz4wbd8a qt6c0cv9 a8nywdso i1ao9s8h esuyzwwr f1sip0of lzcic4wl oo9gr5id gpro0wi8 lrazzd5p\" tabindex=\"0\" href=\"https:\/\/www.facebook.com\/musakulturzentrum\/?__tn__=-UC\"><strong>Musa Kulturzentrum<\/strong><\/a><\/span><\/h2>\n<\/div>\n<div class=\"qzhwtbm6 knvmm38d\"><span class=\"d2edcug0 hpfvmrgz qv66sw1b c1et5uql lr9zc1uh a8c37x1j keod5gw0 nxhoafnm aigsh9s9 d9wwppkn fe6kdd0r mau55g9w c8b282yb mdeji52x e9vueds3 j5wam9gi b1v8xokw m9osqain hzawbc8m\" dir=\"auto\"><span class=\"tojvnm2t a6sixzi8 abs2jz4q a8s20v7p t1p8iaqh k5wvi7nf q3lfd5jv pk4s997a bipmatt0 cebpdrjk qowsmv63 owwhemhu dp1hu0rb dhp61c6y iyyx5f41\"><a class=\"oajrlxb2 g5ia77u1 qu0x051f esr5mh6w e9989ue4 r7d6kgcz rq0escxv nhd2j8a9 nc684nl6 p7hjln8o kvgmc6g5 cxmmr5t8 oygrvhab hcukyx3x jb3vyjys rz4wbd8a qt6c0cv9 a8nywdso i1ao9s8h esuyzwwr f1sip0of lzcic4wl gmql0nx0 gpro0wi8 b1v8xokw\" tabindex=\"0\" href=\"https:\/\/www.facebook.com\/musakulturzentrum\/videos\/488075155825376\/?__tn__=%2CO\">1 Std.<\/a><\/span><span class=\"jpp8pzdo\"><span class=\"rfua0xdk pmk7jnqg stjgntxs ni8dbmo4 ay7djpcl q45zohi1\">\u00a0<\/span> \u00b7 <\/span><\/span><\/div>\n<\/div>\n<div class=\"bkfpd7mw buofh1pr j83agx80\"><\/div>\n<div>\n<div class=\"e5nlhep0 nu4hu5il eg9m0zos\">\n<div class=\"kvgmc6g5 cxmmr5t8 oygrvhab hcukyx3x c1et5uql\">\n<div dir=\"auto\">WIR STOPPEN DEN VERANSTALTSBETRIEB ERNEUT.<\/div>\n<div dir=\"auto\">Liebe Leute,<\/div>\n<div dir=\"auto\">schweren Herzens sagen wir heute alle Veranstaltungen ab. Die Konzerte werden verschoben, die Partys fallen aus.<\/div>\n<div dir=\"auto\">F\u00fcr uns lebt Kultur von Begegnungen, vom Tanzen, Feiern und Lachen, miteinander emotionale Momente erleben, vom Eskalieren. Das ist es, wof\u00fcr wir antreten.<\/div>\n<div dir=\"auto\">Genau das ist zur Zeit nicht m\u00f6glich. Die neuen Verordnungen regeln den Abstand, im Sitzen und dadurch Beschr\u00e4nkungen, die Konzerte und Partys, wie wir sie lieben, unm\u00f6glich machen.<\/div>\n<div dir=\"auto\">Wir hatten einen tollen Outdoor-Sommer. Nun gestaltet sich wieder einmal alles anders, als erhofft.<\/div>\n<div dir=\"auto\">Unsere Zeit wird wiederkommen und dann beginnen wir wieder von Neuem.<\/div>\n<div dir=\"auto\">Bleibt gesund und lasst euch impfen. Eure musa\u00a0\u270a<\/div>\n<div dir=\"auto\">#musa #stopp #kulturistsystemrelevant<\/div>\n<\/div>\n<\/div>\n<\/div>\n<\/blockquote>\n","protected":false},"excerpt":{"rendered":"<p>(Quelle: https:\/\/www.facebook.com\/musakulturzentrum\/posts\/7365790993447074?) &nbsp; Musa Kulturzentrum 1 Std.\u00a0 \u00b7 WIR STOPPEN DEN VERANSTALTSBETRIEB ERNEUT. Liebe Leute, schweren Herzens sagen wir heute alle Veranstaltungen ab. Die Konzerte werden verschoben, die Partys fallen aus. F\u00fcr uns lebt Kultur von Begegnungen, vom Tanzen, Feiern und Lachen, miteinander emotionale Momente erleben, vom Eskalieren. Das ist es, wof\u00fcr wir antreten. Genau &#8230; <a title=\"Musa Kulturzentrum: WIR STOPPEN DEN VERANSTALTSBETRIEB ERNEUT.\" class=\"read-more\" href=\"https:\/\/rt-europaallee.de\/wordpress\/2021\/11\/musa-kulturzentrum-wir-stoppen-den-veranstaltsbetrieb-erneut\/\" aria-label=\"Mehr Informationen \u00fcber Musa Kulturzentrum: WIR STOPPEN DEN VERANSTALTSBETRIEB ERNEUT.\">Weiterlesen<\/a><\/p>\n","protected":false},"author":3,"featured_media":0,"comment_status":"closed","ping_status":"open","sticky":false,"template":"","format":"standard","meta":{"footnotes":""},"categories":[1,44],"tags":[],"class_list":["post-11531","post","type-post","status-publish","format-standard","hentry","category-allgemein","category-corona"],"_links":{"self":[{"href":"https:\/\/rt-europaallee.de\/wordpress\/wp-json\/wp\/v2\/posts\/11531","targetHints":{"allow":["GET"]}}],"collection":[{"href":"https:\/\/rt-europaallee.de\/wordpress\/wp-json\/wp\/v2\/posts"}],"about":[{"href":"https:\/\/rt-europaallee.de\/wordpress\/wp-json\/wp\/v2\/types\/post"}],"author":[{"embeddable":true,"href":"https:\/\/rt-europaallee.de\/wordpress\/wp-json\/wp\/v2\/users\/3"}],"replies":[{"embeddable":true,"href":"https:\/\/rt-europaallee.de\/wordpress\/wp-json\/wp\/v2\/comments?post=11531"}],"version-history":[{"count":2,"href":"https:\/\/rt-europaallee.de\/wordpress\/wp-json\/wp\/v2\/posts\/11531\/revisions"}],"predecessor-version":[{"id":11547,"href":"https:\/\/rt-europaallee.de\/wordpress\/wp-json\/wp\/v2\/posts\/11531\/revisions\/11547"}],"wp:attachment":[{"href":"https:\/\/rt-europaallee.de\/wordpress\/wp-json\/wp\/v2\/media?parent=11531"}],"wp:term":[{"taxonomy":"category","embeddable":true,"href":"https:\/\/rt-europaallee.de\/wordpress\/wp-json\/wp\/v2\/categories?post=11531"},{"taxonomy":"post_tag","embeddable":true,"href":"https:\/\/rt-europaallee.de\/wordpress\/wp-json\/wp\/v2\/tags?post=11531"}],"curies":[{"name":"wp","href":"https:\/\/api.w.org\/{rel}","templated":true}]}}