{"id":11538,"date":"2021-11-26T15:45:27","date_gmt":"2021-11-26T14:45:27","guid":{"rendered":"http:\/\/rt-europaallee.org\/wordpress\/?p=11538"},"modified":"2021-11-26T15:49:13","modified_gmt":"2021-11-26T14:49:13","slug":"goevb-goettinger-verkehrsbetriebe-kurzfristiger-personalmangel-morgen-samstag-27-11-2021-sowie-montag-kurzfristig-fahrten-ausfall","status":"publish","type":"post","link":"https:\/\/rt-europaallee.de\/wordpress\/2021\/11\/goevb-goettinger-verkehrsbetriebe-kurzfristiger-personalmangel-morgen-samstag-27-11-2021-sowie-montag-kurzfristig-fahrten-ausfall\/","title":{"rendered":"G\u00f6VB &#8211; G\u00f6ttinger Verkehrsbetriebe: Kurzfristiger Personalmangel: morgen, Samstag (27.11.2021) sowie Montag kurzfristig Fahrten- Ausfall"},"content":{"rendered":"<p>(Quelle: <a href=\"https:\/\/www.facebook.com\/goevb\/posts\/4964105673620859\">https:\/\/www.facebook.com\/goevb\/posts\/4964105673620859<\/a>)<\/p>\n<p>&nbsp;<\/p>\n<blockquote>\n<div class=\"qzhwtbm6 knvmm38d\">\n<h2 id=\"jsc_c_x\" class=\"gmql0nx0 l94mrbxd p1ri9a11 lzcic4wl aahdfvyu hzawbc8m\"><span class=\"nc684nl6\"><a class=\"oajrlxb2 g5ia77u1 qu0x051f esr5mh6w e9989ue4 r7d6kgcz rq0escxv nhd2j8a9 nc684nl6 p7hjln8o kvgmc6g5 cxmmr5t8 oygrvhab hcukyx3x jb3vyjys rz4wbd8a qt6c0cv9 a8nywdso i1ao9s8h esuyzwwr f1sip0of lzcic4wl oo9gr5id gpro0wi8 lrazzd5p\" tabindex=\"0\" href=\"https:\/\/www.facebook.com\/goevb\/?__cft__[0]=AZVQ1_SVX3z9WkbAVoq1J0bPxb0S2_x7ZDtWYxwjKjfXvoLxozwM1MxSce41gzDapAd7VDdvIEwWaxKrQBDmxP3TgIQDr8y1S-qhDZ-ONjg6RjMACTG1fD73hTBBGRFSGBld5LTm9PUI9miAkt0Uw9ZN&amp;__tn__=-UC%2CP-R\"><strong>G\u00f6VB &#8211; G\u00f6ttinger Verkehrsbetriebe<\/strong><\/a><\/span><\/h2>\n<\/div>\n<div class=\"qzhwtbm6 knvmm38d\"><span class=\"d2edcug0 hpfvmrgz qv66sw1b c1et5uql lr9zc1uh a8c37x1j keod5gw0 nxhoafnm aigsh9s9 d9wwppkn fe6kdd0r mau55g9w c8b282yb mdeji52x e9vueds3 j5wam9gi b1v8xokw m9osqain hzawbc8m\" dir=\"auto\"><span id=\"jsc_c_y\"><span class=\"jpp8pzdo\">\u00a0\u00b7 <\/span><span class=\"tojvnm2t a6sixzi8 abs2jz4q a8s20v7p t1p8iaqh k5wvi7nf q3lfd5jv pk4s997a bipmatt0 cebpdrjk qowsmv63 owwhemhu dp1hu0rb dhp61c6y iyyx5f41\"><a class=\"oajrlxb2 g5ia77u1 qu0x051f esr5mh6w e9989ue4 r7d6kgcz rq0escxv nhd2j8a9 nc684nl6 p7hjln8o kvgmc6g5 cxmmr5t8 oygrvhab hcukyx3x jb3vyjys rz4wbd8a qt6c0cv9 a8nywdso i1ao9s8h esuyzwwr f1sip0of lzcic4wl gmql0nx0 gpro0wi8 b1v8xokw\" tabindex=\"0\" href=\"https:\/\/www.facebook.com\/goevb\/posts\/4964105673620859?__cft__[0]=AZVQ1_SVX3z9WkbAVoq1J0bPxb0S2_x7ZDtWYxwjKjfXvoLxozwM1MxSce41gzDapAd7VDdvIEwWaxKrQBDmxP3TgIQDr8y1S-qhDZ-ONjg6RjMACTG1fD73hTBBGRFSGBld5LTm9PUI9miAkt0Uw9ZN&amp;__tn__=%2CO%2CP-R\">1 Std.<\/a><\/span><span class=\"jpp8pzdo\"><span class=\"rfua0xdk pmk7jnqg stjgntxs ni8dbmo4 ay7djpcl q45zohi1\">\u00a0<\/span> \u00b7 <\/span><\/span><\/span><\/div>\n<div class=\"nqmvxvec j83agx80 jnigpg78 cxgpxx05 dflh9lhu sj5x9vvc scb9dxdr odw8uiq3\"><\/div>\n<div>\n<div class=\"\" dir=\"auto\">\n<div id=\"jsc_c_z\" class=\"ecm0bbzt hv4rvrfc ihqw7lf3 dati1w0a\" data-ad-comet-preview=\"message\" data-ad-preview=\"message\">\n<div class=\"j83agx80 cbu4d94t ew0dbk1b irj2b8pg\">\n<div class=\"qzhwtbm6 knvmm38d\">\n<div class=\"kvgmc6g5 cxmmr5t8 oygrvhab hcukyx3x c1et5uql ii04i59q\">\n<div dir=\"auto\">Aufgrund von kurzfristigem Personalmangel m\u00fcssen morgen, Samstag sowie Montag kurzfristig einige Fahrten der G\u00f6VB ausfallen. Alle Infos zu den entfallenden Fahrten unter <a class=\"oajrlxb2 g5ia77u1 qu0x051f esr5mh6w e9989ue4 r7d6kgcz rq0escxv nhd2j8a9 nc684nl6 p7hjln8o kvgmc6g5 cxmmr5t8 oygrvhab hcukyx3x jb3vyjys rz4wbd8a qt6c0cv9 a8nywdso i1ao9s8h esuyzwwr f1sip0of lzcic4wl py34i1dx gpro0wi8\" tabindex=\"0\" href=\"http:\/\/www.goevb.de\/?fbclid=IwAR3eInXJY6SLUj44kCy_ux6Cvx5T1Jxj8dL2lPrqzxbdfDUHJ7W-pEBFfqo\" target=\"_blank\" rel=\"nofollow noopener noreferrer\">www.goevb.de<\/a> <a class=\"oajrlxb2 g5ia77u1 qu0x051f esr5mh6w e9989ue4 r7d6kgcz rq0escxv nhd2j8a9 nc684nl6 p7hjln8o kvgmc6g5 cxmmr5t8 oygrvhab hcukyx3x jb3vyjys rz4wbd8a qt6c0cv9 a8nywdso i1ao9s8h esuyzwwr f1sip0of lzcic4wl q66pz984 gpro0wi8 b1v8xokw\" tabindex=\"0\" href=\"https:\/\/www.facebook.com\/hashtag\/goevb?__eep__=6&amp;__cft__[0]=AZVQ1_SVX3z9WkbAVoq1J0bPxb0S2_x7ZDtWYxwjKjfXvoLxozwM1MxSce41gzDapAd7VDdvIEwWaxKrQBDmxP3TgIQDr8y1S-qhDZ-ONjg6RjMACTG1fD73hTBBGRFSGBld5LTm9PUI9miAkt0Uw9ZN&amp;__tn__=*NK-R\">#goevb<\/a><\/div>\n<\/div>\n<\/div>\n<\/div>\n<\/div>\n<\/div>\n<div id=\"jsc_c_10\" class=\"l9j0dhe7\">\n<div class=\"l9j0dhe7\">\n<div>\n<div class=\"b3i9ofy5 l9j0dhe7\">\n<div class=\"j83agx80 soycq5t1 ni8dbmo4 stjgntxs l9j0dhe7\">\n<div class=\"bp9cbjyn cwj9ozl2 j83agx80 cbu4d94t ni8dbmo4 stjgntxs l9j0dhe7 k4urcfbm\">\n<div>\n<div class=\"do00u71z ni8dbmo4 stjgntxs l9j0dhe7\">\n<div class=\"pmk7jnqg kr520xx4\"><img loading=\"lazy\" decoding=\"async\" class=\"i09qtzwb n7fi1qx3 datstx6m pmk7jnqg j9ispegn kr520xx4 k4urcfbm bixrwtb6\" src=\"https:\/\/external-ham3-1.xx.fbcdn.net\/safe_image.php?d=AQGwcmlnvu_fAnCW&amp;w=500&amp;h=261&amp;url=https%3A%2F%2Fwww.goevb.de%2Ffileadmin%2F_processed_%2F6%2Fc%2Fcsm_goevb-website-sharing-fb-tw_322780743a.jpg&amp;cfs=1&amp;ext=jpg&amp;_nc_oe=6f1b1&amp;_nc_sid=06c271&amp;ccb=3-5&amp;_nc_hash=AQF8BD8y-lJJZGzK\" alt=\"G\u00f6VB \u2013 G\u00f6ttinger Verkehrsbetriebe\" width=\"500\" height=\"261\" \/><\/div>\n<\/div>\n<\/div>\n<\/div>\n<div class=\"i09qtzwb rq0escxv n7fi1qx3 pmk7jnqg j9ispegn kr520xx4 linmgsc8 opwvks06 hzruof5a\"><\/div>\n<\/div>\n<\/div>\n<\/div>\n<div class=\"o0s42vec pmk7jnqg ehxjyohh b4oskaiq\"><\/div>\n<\/div>\n<div class=\"stjgntxs ni8dbmo4\">\n<div class=\"l9j0dhe7\">\n<div class=\"b3i9ofy5 s1tcr66n l9j0dhe7 p8dawk7l\">\n<div class=\"rq0escxv l9j0dhe7 du4w35lb j83agx80 pfnyh3mw i1fnvgqd bp9cbjyn owycx6da btwxx1t3 b5q2rw42 lq239pai f10w8fjw hv4rvrfc dati1w0a pybr56ya\">\n<div class=\"rq0escxv l9j0dhe7 du4w35lb d2edcug0 hpfvmrgz rj1gh0hx buofh1pr g5gj957u p8fzw8mz pcp91wgn\">\n<div class=\"bi6gxh9e sqxagodl\"><a href=\"https:\/\/l.facebook.com\/l.php?u=http%3A%2F%2Fwww.goevb.de%2F%3Ffbclid%3DIwAR3eInXJY6SLUj44kCy_ux6Cvx5T1Jxj8dL2lPrqzxbdfDUHJ7W-pEBFfqo&amp;h=AT0aRdpnaGgYOuD-x0LpPMvxq4uy4hshG4S8_tiwxXHZ2IUkP9FhUGVN7fgQuZembtNDqNVB8m7Cklg-ZNeYSrmfgo6djFHrAnD4NDxyG2p7Wt5pMXiSFs3rODiRXiQ386cP&amp;__tn__=-UK-R&amp;c[0]=AT3Dh8kT6NTWzcATKVZQDx-cDuZeVVDeyebW8lEpOMb81UGSJ1O5o1JCO2tGtGX62Z-0hqTx-rQl5gKBW_ekiahbLMR9sKbkdSDFZf21yfxqz0aAVMxrtVhSgo55NDvYh2bjItKJElb_ritiqLiE6TQYQI9Fiy7pvrnDm3gEp3HrvcI\"><span class=\"d2edcug0 hpfvmrgz qv66sw1b c1et5uql lr9zc1uh a8c37x1j keod5gw0 nxhoafnm aigsh9s9 d9wwppkn fe6kdd0r mau55g9w c8b282yb iv3no6db e9vueds3 j5wam9gi b1v8xokw m9osqain\" dir=\"auto\"><span class=\"a8c37x1j ni8dbmo4 stjgntxs l9j0dhe7 ltmttdrg g0qnabr5 ojkyduve\">goevb.de<\/span><\/span><\/a><\/div>\n<div class=\"enqfppq2 muag1w35 ni8dbmo4 stjgntxs e5nlhep0 ecm0bbzt rq0escxv a5q79mjw r9c01rrb\">\n<div class=\"j83agx80 cbu4d94t ew0dbk1b irj2b8pg\">\n<div class=\"qzhwtbm6 knvmm38d\"><span class=\"d2edcug0 hpfvmrgz qv66sw1b c1et5uql lr9zc1uh a8c37x1j keod5gw0 nxhoafnm aigsh9s9 d3f4x2em fe6kdd0r mau55g9w c8b282yb iv3no6db a5q79mjw g1cxx5fr lrazzd5p oo9gr5id hzawbc8m\" dir=\"auto\"><span class=\"a8c37x1j ni8dbmo4 stjgntxs l9j0dhe7 ojkyduve\"><span dir=\"auto\">G\u00f6VB \u2013 G\u00f6ttinger Verkehrsbetriebe<\/span><\/span><\/span><\/div>\n<div class=\"qzhwtbm6 knvmm38d\"><span class=\"d2edcug0 hpfvmrgz qv66sw1b c1et5uql lr9zc1uh a8c37x1j keod5gw0 nxhoafnm aigsh9s9 d3f4x2em fe6kdd0r mau55g9w c8b282yb iv3no6db jq4qci2q a3bd9o3v b1v8xokw m9osqain hzawbc8m\" dir=\"auto\"><span class=\"a8c37x1j ni8dbmo4 stjgntxs l9j0dhe7 ltmttdrg g0qnabr5\">Ihr Ziel ist unser Weg \u2013 dieser Slogan steht nicht nur f\u00fcr unsere Philosophie. Seit \u00fcber 90 Jahren sorgen f\u00fcr gute Mobilit\u00e4t in G\u00f6ttingen.<\/span><\/span><\/div>\n<\/div>\n<\/div>\n<\/div>\n<div class=\"rq0escxv l9j0dhe7 du4w35lb j83agx80 cbu4d94t pfnyh3mw d2edcug0 hpfvmrgz p8fzw8mz pcp91wgn\"><\/div>\n<div class=\"rq0escxv l9j0dhe7 du4w35lb j83agx80 cbu4d94t pfnyh3mw d2edcug0 hpfvmrgz p8fzw8mz pcp91wgn\"><img decoding=\"async\" class=\"ji94ytn4 r9f5tntg d2edcug0 r0294ipz\" src=\"https:\/\/scontent-ham3-1.xx.fbcdn.net\/v\/t39.30808-6\/261228516_4800846583279083_8775090615761674878_n.jpg?_nc_cat=103&amp;ccb=1-5&amp;_nc_sid=825194&amp;_nc_ohc=ACSuxN29we4AX-YcrXt&amp;_nc_ht=scontent-ham3-1.xx&amp;oh=310889207c0332c23e730740352373db&amp;oe=61A5CF7C\" alt=\"Ist m\u00f6glicherweise ein Bild von Text\" data-visualcompletion=\"media-vc-image\" \/><\/div>\n<div class=\"rq0escxv l9j0dhe7 du4w35lb j83agx80 cbu4d94t pfnyh3mw d2edcug0 hpfvmrgz p8fzw8mz pcp91wgn\"><a href=\"https:\/\/www.facebook.com\/photo?fbid=4800846616612413&amp;set=gm.4646587232046313\">https:\/\/www.facebook.com\/photo?fbid=4800846616612413&amp;set=gm.4646587232046313<\/a><\/div>\n<\/div>\n<\/div>\n<\/div>\n<\/div>\n<\/div>\n<\/div>\n<\/blockquote>\n","protected":false},"excerpt":{"rendered":"<p>(Quelle: https:\/\/www.facebook.com\/goevb\/posts\/4964105673620859) &nbsp; G\u00f6VB &#8211; G\u00f6ttinger Verkehrsbetriebe \u00a0\u00b7 1 Std.\u00a0 \u00b7 Aufgrund von kurzfristigem Personalmangel m\u00fcssen morgen, Samstag sowie Montag kurzfristig einige Fahrten der G\u00f6VB ausfallen. Alle Infos zu den entfallenden Fahrten unter www.goevb.de #goevb goevb.de G\u00f6VB \u2013 G\u00f6ttinger Verkehrsbetriebe Ihr Ziel ist unser Weg \u2013 dieser Slogan steht nicht nur f\u00fcr unsere Philosophie. Seit &#8230; <a title=\"G\u00f6VB &#8211; G\u00f6ttinger Verkehrsbetriebe: Kurzfristiger Personalmangel: morgen, Samstag (27.11.2021) sowie Montag kurzfristig Fahrten- Ausfall\" class=\"read-more\" href=\"https:\/\/rt-europaallee.de\/wordpress\/2021\/11\/goevb-goettinger-verkehrsbetriebe-kurzfristiger-personalmangel-morgen-samstag-27-11-2021-sowie-montag-kurzfristig-fahrten-ausfall\/\" aria-label=\"Mehr Informationen \u00fcber G\u00f6VB &#8211; G\u00f6ttinger Verkehrsbetriebe: Kurzfristiger Personalmangel: morgen, Samstag (27.11.2021) sowie Montag kurzfristig Fahrten- Ausfall\">Weiterlesen<\/a><\/p>\n","protected":false},"author":3,"featured_media":0,"comment_status":"closed","ping_status":"open","sticky":false,"template":"","format":"standard","meta":{"footnotes":""},"categories":[1],"tags":[],"class_list":["post-11538","post","type-post","status-publish","format-standard","hentry","category-allgemein"],"_links":{"self":[{"href":"https:\/\/rt-europaallee.de\/wordpress\/wp-json\/wp\/v2\/posts\/11538","targetHints":{"allow":["GET"]}}],"collection":[{"href":"https:\/\/rt-europaallee.de\/wordpress\/wp-json\/wp\/v2\/posts"}],"about":[{"href":"https:\/\/rt-europaallee.de\/wordpress\/wp-json\/wp\/v2\/types\/post"}],"author":[{"embeddable":true,"href":"https:\/\/rt-europaallee.de\/wordpress\/wp-json\/wp\/v2\/users\/3"}],"replies":[{"embeddable":true,"href":"https:\/\/rt-europaallee.de\/wordpress\/wp-json\/wp\/v2\/comments?post=11538"}],"version-history":[{"count":3,"href":"https:\/\/rt-europaallee.de\/wordpress\/wp-json\/wp\/v2\/posts\/11538\/revisions"}],"predecessor-version":[{"id":11541,"href":"https:\/\/rt-europaallee.de\/wordpress\/wp-json\/wp\/v2\/posts\/11538\/revisions\/11541"}],"wp:attachment":[{"href":"https:\/\/rt-europaallee.de\/wordpress\/wp-json\/wp\/v2\/media?parent=11538"}],"wp:term":[{"taxonomy":"category","embeddable":true,"href":"https:\/\/rt-europaallee.de\/wordpress\/wp-json\/wp\/v2\/categories?post=11538"},{"taxonomy":"post_tag","embeddable":true,"href":"https:\/\/rt-europaallee.de\/wordpress\/wp-json\/wp\/v2\/tags?post=11538"}],"curies":[{"name":"wp","href":"https:\/\/api.w.org\/{rel}","templated":true}]}}