{"id":11616,"date":"2021-12-09T13:27:15","date_gmt":"2021-12-09T12:27:15","guid":{"rendered":"http:\/\/rt-europaallee.org\/wordpress\/?p=11616"},"modified":"2021-12-09T13:28:08","modified_gmt":"2021-12-09T12:28:08","slug":"hna-goettingen-ausgabestellen-fuer-baendchen-zum-einkaufen","status":"publish","type":"post","link":"https:\/\/rt-europaallee.de\/wordpress\/2021\/12\/hna-goettingen-ausgabestellen-fuer-baendchen-zum-einkaufen\/","title":{"rendered":"HNA, G\u00f6ttingen: Ausgabestellen f\u00fcr B\u00e4ndchen zum Einkaufen"},"content":{"rendered":"<p>(Quelle: <a href=\"https:\/\/www.hna.de\/lokales\/goettingen\/goettingen-ort28741\/goettingen-baendchen-zum-einkaufen-sind-erhaeltlich-pro-city-kooperiert-mit-kaufpark-91166233.html?fbclid=IwAR37cGRX37nQQCW_XW1grOLNshFJbXimmj4SlKv6p6wCo2fSE1JMGmo4CPM\">https:\/\/www.hna.de\/lokales\/goettingen\/goettingen-ort28741\/goettingen-baendchen-zum-einkaufen-sind-erhaeltlich-pro-city-kooperiert-mit-kaufpark-91166233.html?<\/a>)<\/p>\n<p>&nbsp;<\/p>\n<blockquote>\n<p class=\"id-Article-kicker\"><span class=\"id-Article-kicker-text\">2G-Regel im Einzelhandel<\/span><\/p>\n<h2 class=\"id-Article-headline \">G\u00f6ttingen: B\u00e4ndchen zum Einkaufen sind jetzt erh\u00e4ltlich &#8211; Pro-City kooperiert mit Kaufpark<\/h2>\n<p class=\"id-Article-date\"><time class=\"id-DateTime id-Article-date-time--published \" datetime=\"2021-12-09T10:57\"><span class=\"id-DateTime-date\">09.12.2021<\/span><span class=\"id-DateTime-time\">10:57<\/span><\/time><\/p>\n<p class=\"id-Article-date\">Die 2G-Regel im Einzelhandel gilt ab Samstag, 11. Dezember, auch in der G\u00f6ttinger Innenstadt. Ab sofort sind kostenlose B\u00e4ndchen als Nachweis f\u00fcr Geimpfte und Genesene erh\u00e4ltlich.<\/p>\n<h3 class=\"id-Article-date\">&#8230;<\/h3>\n<h3 id=\"crosshead_4\" class=\"id-Article-content-item id-Article-content-item-headline lp_track \"><span class=\"id-Article-content-item-headline-text\">Eine aktuelle Liste der Ausgabestellen in der G\u00f6ttinger Innenstadt<\/span><\/h3>\n<div class=\"id-Article-content-item\">\n<ul class=\"id-Article-content-item-list id-Article-content-item-list--unord\">\n<li><strong>ASC G\u00f6ttingen<\/strong>, Danziger Stra\u00dfe 21<\/li>\n<li><strong>Betten-Helle<\/strong>r, Kornmarkt 8<\/li>\n<li><strong>Big Lebowski<\/strong>, D\u00fcstere Stra\u00dfe 15<\/li>\n<li><strong>Boutique Bijou<\/strong>, Johannisstra\u00dfe 25b<\/li>\n<li><strong>Brillen-Galerie<\/strong>, Rote Stra\u00dfe 41<\/li>\n<li><strong>Carl Tode<\/strong>, Prinzenstra\u00dfe<\/li>\n<li><strong>Deluca Schuhe<\/strong>, Weender Stra\u00dfe 53<\/li>\n<li><strong>Deutsches Theater<\/strong>, Theaterplatz 11<\/li>\n<li><strong>Die Spieleburg<\/strong>, Theaterstra\u00dfe 17<\/li>\n<li><strong>Elisa e.K.<\/strong> &#8211; Boutique, Barf\u00fc\u00dferstra\u00dfe 12-13<\/li>\n<li><strong>ExtraTip<\/strong>, Wiesenstra\u00dfe 1<\/li>\n<li><strong>Friederike Lohrengel<\/strong>, Burgstra\u00dfe 22\/23<\/li>\n<li><strong>GALERIA (Karstadt)<\/strong>, Groner Stra\u00dfe 43-47<\/li>\n<li><strong>G\u00f6ttingen Tourismus und Marketing e.V.<\/strong> (Tourist Information am Alten Rathaus), Markt 8<\/li>\n<li><strong>Groovy<\/strong>, Kurze-Geismar-Stra\u00dfe 6<\/li>\n<li><strong>Juwelier Gerlach,<\/strong> Lange-Geismar-Stra\u00dfe 32<\/li>\n<li><strong>Lichtkultur<\/strong>, Theaterstra\u00dfe 3<\/li>\n<li><strong>Lieblingsfaden<\/strong>, Papendiek 24-26<\/li>\n<li><strong>Merz-Klaviere<\/strong>, Prinzenstra\u00dfe 19<\/li>\n<li><strong>Musik Kontor<\/strong>, Rote Stra\u00dfe 29<\/li>\n<li><strong>Pr\u00fcmer<\/strong>, Lange-Geismar-Stra\u00dfe 49<\/li>\n<li><strong>Spin Loop<\/strong>, Groner Stra\u00dfe 58<\/li>\n<li><strong>Sportscheck<\/strong>, Kornmarkt 12<\/li>\n<li><strong>Stadtbibliothek G\u00f6ttingen<\/strong>, Gotmarstra\u00dfe 8<\/li>\n<li><strong>Tamaris Store<\/strong>, Groner Stra\u00dfe 22<\/li>\n<li><strong>Thalia<\/strong>, Weender Stra\u00dfe 36<\/li>\n<li><strong>Trauring Garten<\/strong>, Weender Stra\u00dfe 30<\/li>\n<li><strong>W\u00e4sche und Dessous<\/strong>, Groner Stra\u00dfe 40<\/li>\n<li><strong>Wiederholdt<\/strong>, Prinzenstra\u00dfe 14<\/li>\n<li><strong>Woggon<\/strong>, Barf\u00fc\u00dferstra\u00dfe 1<\/li>\n<\/ul>\n<\/div>\n<\/blockquote>\n<h3><\/h3>\n<h3>Siehe auch:<\/h3>\n<p><a href=\"https:\/\/www.procity.de\/start\/pro-city-goettingen-2g-nachweis-baendchen.html\">https:\/\/www.procity.de\/start\/pro-city-goettingen-2g-nachweis-baendchen.html<\/a><\/p>\n","protected":false},"excerpt":{"rendered":"<p>(Quelle: https:\/\/www.hna.de\/lokales\/goettingen\/goettingen-ort28741\/goettingen-baendchen-zum-einkaufen-sind-erhaeltlich-pro-city-kooperiert-mit-kaufpark-91166233.html?) &nbsp; 2G-Regel im Einzelhandel G\u00f6ttingen: B\u00e4ndchen zum Einkaufen sind jetzt erh\u00e4ltlich &#8211; Pro-City kooperiert mit Kaufpark 09.12.202110:57 Die 2G-Regel im Einzelhandel gilt ab Samstag, 11. Dezember, auch in der G\u00f6ttinger Innenstadt. Ab sofort sind kostenlose B\u00e4ndchen als Nachweis f\u00fcr Geimpfte und Genesene erh\u00e4ltlich. &#8230; Eine aktuelle Liste der Ausgabestellen in der G\u00f6ttinger Innenstadt &#8230; <a title=\"HNA, G\u00f6ttingen: Ausgabestellen f\u00fcr B\u00e4ndchen zum Einkaufen\" class=\"read-more\" href=\"https:\/\/rt-europaallee.de\/wordpress\/2021\/12\/hna-goettingen-ausgabestellen-fuer-baendchen-zum-einkaufen\/\" aria-label=\"Mehr Informationen \u00fcber HNA, G\u00f6ttingen: Ausgabestellen f\u00fcr B\u00e4ndchen zum Einkaufen\">Weiterlesen<\/a><\/p>\n","protected":false},"author":3,"featured_media":0,"comment_status":"closed","ping_status":"open","sticky":false,"template":"","format":"standard","meta":{"footnotes":""},"categories":[1,44],"tags":[],"class_list":["post-11616","post","type-post","status-publish","format-standard","hentry","category-allgemein","category-corona"],"_links":{"self":[{"href":"https:\/\/rt-europaallee.de\/wordpress\/wp-json\/wp\/v2\/posts\/11616","targetHints":{"allow":["GET"]}}],"collection":[{"href":"https:\/\/rt-europaallee.de\/wordpress\/wp-json\/wp\/v2\/posts"}],"about":[{"href":"https:\/\/rt-europaallee.de\/wordpress\/wp-json\/wp\/v2\/types\/post"}],"author":[{"embeddable":true,"href":"https:\/\/rt-europaallee.de\/wordpress\/wp-json\/wp\/v2\/users\/3"}],"replies":[{"embeddable":true,"href":"https:\/\/rt-europaallee.de\/wordpress\/wp-json\/wp\/v2\/comments?post=11616"}],"version-history":[{"count":2,"href":"https:\/\/rt-europaallee.de\/wordpress\/wp-json\/wp\/v2\/posts\/11616\/revisions"}],"predecessor-version":[{"id":11618,"href":"https:\/\/rt-europaallee.de\/wordpress\/wp-json\/wp\/v2\/posts\/11616\/revisions\/11618"}],"wp:attachment":[{"href":"https:\/\/rt-europaallee.de\/wordpress\/wp-json\/wp\/v2\/media?parent=11616"}],"wp:term":[{"taxonomy":"category","embeddable":true,"href":"https:\/\/rt-europaallee.de\/wordpress\/wp-json\/wp\/v2\/categories?post=11616"},{"taxonomy":"post_tag","embeddable":true,"href":"https:\/\/rt-europaallee.de\/wordpress\/wp-json\/wp\/v2\/tags?post=11616"}],"curies":[{"name":"wp","href":"https:\/\/api.w.org\/{rel}","templated":true}]}}