{"id":11627,"date":"2021-12-10T23:59:40","date_gmt":"2021-12-10T22:59:40","guid":{"rendered":"http:\/\/rt-europaallee.org\/wordpress\/?p=11627"},"modified":"2021-12-10T23:59:40","modified_gmt":"2021-12-10T22:59:40","slug":"goettingen-verdacht-auf-blindgaenger-und-kurzzeitige-evakuierungen-moeglich","status":"publish","type":"post","link":"https:\/\/rt-europaallee.de\/wordpress\/2021\/12\/goettingen-verdacht-auf-blindgaenger-und-kurzzeitige-evakuierungen-moeglich\/","title":{"rendered":"G\u00f6ttingen: Verdacht auf Blindg\u00e4nger und kurzzeitige Evakuierungen m\u00f6glich"},"content":{"rendered":"<p>(Quelle: https:\/\/www.goettingen.de\/aktuelles\/aktuelle-infos-zum-kampfmittelverdacht-in-der-weststadt-2021-09-22.html)<\/p>\n<p>&nbsp;<\/p>\n<blockquote>\n<h1 class=\"title\">Gefahrenerkundung im Maschpark am 15. und 16. Dezember<\/h1>\n<p><span class=\"timestamp\"> <span class=\"group\"> <span class=\"time timezone-adapt\" data-strytl-timezone-time=\"1639125421000\" data-strytl-timezone-format=\"H:i\">09:37<\/span><br \/>\n<span class=\"date timezone-adapt\" data-strytl-timezone-time=\"1639125421000\" data-strytl-timezone-format=\"d.m.Y\">10.12.2021<\/span> <\/span> <\/span><\/p>\n<div class=\"text-content\">Bei den Kampfmittelsondierungen in der Bezirkssportanlage Maschpark m\u00fcssen mehrere Verdachtspunkte vertieft untersucht werden. Diese Gefahrenerkundungen sind f\u00fcr Mittwoch und Donnerstag, 15. und 16. Dezember 2021, jeweils von 7.00 bis 17.00 Uhr vorgesehen. Unter bestimmten Umst\u00e4nden kann es dabei zu kurzzeitigen Evakuierungen kommen.<\/p>\n<p>In der auslaufenden Woche ab dem 6. Dezember hat der Kampfmittelbeseitigungsdienst Niedersachsen zusammen mit der Spezialfirma Schollenberger im Maschpark vier Verdachtspunkte sondiert. Diese vier Punkte und ein weiterer Punkt aus der Vorwoche m\u00fcssen einer genaueren Gefahrenerkundung unterzogen werden. <a href=\"https:\/\/www.goettingen.de\/aktuelles\/gefahrenerkundung-im-maschpark-am-15.-und-16.-dezember-2021-12-10.html\" target=\"_blank\" rel=\"noopener noreferrer\">Weitere Informationen dazu gibt es hier.<\/a><\/div>\n<\/blockquote>\n","protected":false},"excerpt":{"rendered":"<p>(Quelle: https:\/\/www.goettingen.de\/aktuelles\/aktuelle-infos-zum-kampfmittelverdacht-in-der-weststadt-2021-09-22.html) &nbsp; Gefahrenerkundung im Maschpark am 15. und 16. Dezember 09:37 10.12.2021 Bei den Kampfmittelsondierungen in der Bezirkssportanlage Maschpark m\u00fcssen mehrere Verdachtspunkte vertieft untersucht werden. Diese Gefahrenerkundungen sind f\u00fcr Mittwoch und Donnerstag, 15. und 16. Dezember 2021, jeweils von 7.00 bis 17.00 Uhr vorgesehen. Unter bestimmten Umst\u00e4nden kann es dabei zu kurzzeitigen Evakuierungen kommen. &#8230; <a title=\"G\u00f6ttingen: Verdacht auf Blindg\u00e4nger und kurzzeitige Evakuierungen m\u00f6glich\" class=\"read-more\" href=\"https:\/\/rt-europaallee.de\/wordpress\/2021\/12\/goettingen-verdacht-auf-blindgaenger-und-kurzzeitige-evakuierungen-moeglich\/\" aria-label=\"Mehr Informationen \u00fcber G\u00f6ttingen: Verdacht auf Blindg\u00e4nger und kurzzeitige Evakuierungen m\u00f6glich\">Weiterlesen<\/a><\/p>\n","protected":false},"author":3,"featured_media":0,"comment_status":"closed","ping_status":"open","sticky":false,"template":"","format":"standard","meta":{"footnotes":""},"categories":[1],"tags":[],"class_list":["post-11627","post","type-post","status-publish","format-standard","hentry","category-allgemein"],"_links":{"self":[{"href":"https:\/\/rt-europaallee.de\/wordpress\/wp-json\/wp\/v2\/posts\/11627","targetHints":{"allow":["GET"]}}],"collection":[{"href":"https:\/\/rt-europaallee.de\/wordpress\/wp-json\/wp\/v2\/posts"}],"about":[{"href":"https:\/\/rt-europaallee.de\/wordpress\/wp-json\/wp\/v2\/types\/post"}],"author":[{"embeddable":true,"href":"https:\/\/rt-europaallee.de\/wordpress\/wp-json\/wp\/v2\/users\/3"}],"replies":[{"embeddable":true,"href":"https:\/\/rt-europaallee.de\/wordpress\/wp-json\/wp\/v2\/comments?post=11627"}],"version-history":[{"count":1,"href":"https:\/\/rt-europaallee.de\/wordpress\/wp-json\/wp\/v2\/posts\/11627\/revisions"}],"predecessor-version":[{"id":11628,"href":"https:\/\/rt-europaallee.de\/wordpress\/wp-json\/wp\/v2\/posts\/11627\/revisions\/11628"}],"wp:attachment":[{"href":"https:\/\/rt-europaallee.de\/wordpress\/wp-json\/wp\/v2\/media?parent=11627"}],"wp:term":[{"taxonomy":"category","embeddable":true,"href":"https:\/\/rt-europaallee.de\/wordpress\/wp-json\/wp\/v2\/categories?post=11627"},{"taxonomy":"post_tag","embeddable":true,"href":"https:\/\/rt-europaallee.de\/wordpress\/wp-json\/wp\/v2\/tags?post=11627"}],"curies":[{"name":"wp","href":"https:\/\/api.w.org\/{rel}","templated":true}]}}