{"id":11629,"date":"2021-12-12T15:02:47","date_gmt":"2021-12-12T14:02:47","guid":{"rendered":"http:\/\/rt-europaallee.org\/wordpress\/?p=11629"},"modified":"2021-12-16T19:01:59","modified_gmt":"2021-12-16T18:01:59","slug":"neue-corona-vorschriften-ab-12-12-2021-in-niedersachsen","status":"publish","type":"post","link":"https:\/\/rt-europaallee.de\/wordpress\/2021\/12\/neue-corona-vorschriften-ab-12-12-2021-in-niedersachsen\/","title":{"rendered":"Neue Corona- Vorschriften ab 12.12.2021 in Niedersachsen!"},"content":{"rendered":"<p>(Quelle: <a href=\"https:\/\/www.facebook.com\/goevb\/posts\/5019290454769047\">https:\/\/www.facebook.com\/goevb\/posts\/5019290454769047<\/a>)<\/p>\n<blockquote><p><img decoding=\"async\" class=\"ji94ytn4 d2edcug0 r9f5tntg r0294ipz\" src=\"https:\/\/scontent-ham3-1.xx.fbcdn.net\/v\/t39.30808-6\/267418618_3286676404895781_6921525953967443323_n.jpg?_nc_cat=100&amp;ccb=1-5&amp;_nc_sid=825194&amp;_nc_ohc=JyH3nk-tXBIAX9BcHGO&amp;_nc_ht=scontent-ham3-1.xx&amp;oh=1626c057d7d3ecf928d2327d970d61dd&amp;oe=61BAF50E\" alt=\"Ist m\u00f6glicherweise ein Bild von Text \u201eLgavbe G\u00f6VB G\u00f6ttinger Verkehrsbetriebe 32 Min. Ab heute, Sonntag, 12.12.21 gilt f\u00fcr alle Fahrg\u00e4ste ab 14 Jahren eine FFP2-Maskenpflicht im \u00d6PNV: Nach Anpassung der aktuellen Corona-Verordnung des Landes Niedersachsen git ab sofort auch in unseren Bussen sowie an den Haltesteller die Pflicht, eine FFP2-Maske zu tragen. Ausgenommen sind Kinder unter 14 Jahre. Wir bitten um Beachtung. #goevb #gemeinsamgegencorona AB HEUTE 12.12.2021 FFP2 MASKENPFLICHT IM BUS!\u201c\" data-visualcompletion=\"media-vc-image\" \/><\/p><\/blockquote>\n<hr \/>\n<p>(Quelle: <a href=\"https:\/\/www.facebook.com\/ndrniedersachsen\/posts\/4503856736336840\">https:\/\/www.facebook.com\/ndrniedersachsen\/posts\/4503856736336840<\/a>)<\/p>\n<blockquote>\n<div class=\"oi9244e8 do00u71z j83agx80\"><\/div>\n<div class=\"buofh1pr\">\n<div class=\"j83agx80 cbu4d94t ew0dbk1b irj2b8pg\">\n<div class=\"qzhwtbm6 knvmm38d\">\n<h2 id=\"jsc_c_su\" class=\"gmql0nx0 l94mrbxd p1ri9a11 lzcic4wl aahdfvyu hzawbc8m\"><span class=\"nc684nl6\"><a class=\"oajrlxb2 g5ia77u1 qu0x051f esr5mh6w e9989ue4 r7d6kgcz rq0escxv nhd2j8a9 nc684nl6 p7hjln8o kvgmc6g5 cxmmr5t8 oygrvhab hcukyx3x jb3vyjys rz4wbd8a qt6c0cv9 a8nywdso i1ao9s8h esuyzwwr f1sip0of lzcic4wl gpro0wi8 oo9gr5id lrazzd5p\" tabindex=\"0\" href=\"https:\/\/www.facebook.com\/ndrniedersachsen\/?__cft__[0]=AZUd-JQ5WVQymT8HVyabKhLgJHt_tX2dgfzpkKqVYfp5Dj111t_YZGku0gOxWI5_80Eo9XS4d5-PrIfwFKV2T9Z5FM2BlZf1bwtPzu95IsVaJXrTFSAy1O-EK4FRmES2PN7AYmiWZwC6gL05uEpkK7qF&amp;__tn__=-UC%2CP-R\"><strong>NDR Niedersachsen<\/strong><\/a><\/span><span class=\"l9j0dhe7 h3qc4492\">\u00a0<\/span><\/h2>\n<\/div>\n<\/div>\n<\/div>\n<p><span class=\"d2edcug0 hpfvmrgz qv66sw1b c1et5uql lr9zc1uh a8c37x1j keod5gw0 nxhoafnm aigsh9s9 fe6kdd0r mau55g9w c8b282yb d9wwppkn mdeji52x e9vueds3 j5wam9gi b1v8xokw m9osqain hzawbc8m\" dir=\"auto\"><span id=\"jsc_c_sv\"><span class=\"tojvnm2t a6sixzi8 abs2jz4q a8s20v7p t1p8iaqh k5wvi7nf q3lfd5jv pk4s997a bipmatt0 cebpdrjk qowsmv63 owwhemhu dp1hu0rb dhp61c6y iyyx5f41\"><a class=\"oajrlxb2 g5ia77u1 qu0x051f esr5mh6w e9989ue4 r7d6kgcz rq0escxv nhd2j8a9 nc684nl6 p7hjln8o kvgmc6g5 cxmmr5t8 oygrvhab hcukyx3x jb3vyjys rz4wbd8a qt6c0cv9 a8nywdso i1ao9s8h esuyzwwr f1sip0of lzcic4wl gmql0nx0 gpro0wi8 b1v8xokw\" tabindex=\"0\" href=\"https:\/\/www.facebook.com\/ndrniedersachsen\/posts\/4503856736336840?__cft__[0]=AZUd-JQ5WVQymT8HVyabKhLgJHt_tX2dgfzpkKqVYfp5Dj111t_YZGku0gOxWI5_80Eo9XS4d5-PrIfwFKV2T9Z5FM2BlZf1bwtPzu95IsVaJXrTFSAy1O-EK4FRmES2PN7AYmiWZwC6gL05uEpkK7qF&amp;__tn__=%2CO%2CP-R\">18 Std.<\/a><\/span><span class=\"jpp8pzdo\"><span class=\"rfua0xdk pmk7jnqg stjgntxs ni8dbmo4 ay7djpcl q45zohi1\">\u00a0<\/span> \u00b7 <\/span><\/span><\/span><\/p>\n<div class=\"\" dir=\"auto\">\n<div id=\"jsc_c_sw\" class=\"ecm0bbzt hv4rvrfc ihqw7lf3 dati1w0a\" data-ad-comet-preview=\"message\" data-ad-preview=\"message\">\n<div class=\"j83agx80 cbu4d94t ew0dbk1b irj2b8pg\">\n<div class=\"qzhwtbm6 knvmm38d\">\n<div class=\"kvgmc6g5 cxmmr5t8 oygrvhab hcukyx3x c1et5uql ii04i59q\">\n<div dir=\"auto\">Menschen in Niedersachsen m\u00fcssen sich von Sonntag an auf versch\u00e4rfte <a class=\"oajrlxb2 g5ia77u1 qu0x051f esr5mh6w e9989ue4 r7d6kgcz rq0escxv nhd2j8a9 nc684nl6 p7hjln8o kvgmc6g5 cxmmr5t8 oygrvhab hcukyx3x jb3vyjys rz4wbd8a qt6c0cv9 a8nywdso i1ao9s8h esuyzwwr f1sip0of lzcic4wl gpro0wi8 q66pz984 b1v8xokw\" tabindex=\"0\" href=\"https:\/\/www.facebook.com\/hashtag\/corona?__eep__=6&amp;__cft__[0]=AZUd-JQ5WVQymT8HVyabKhLgJHt_tX2dgfzpkKqVYfp5Dj111t_YZGku0gOxWI5_80Eo9XS4d5-PrIfwFKV2T9Z5FM2BlZf1bwtPzu95IsVaJXrTFSAy1O-EK4FRmES2PN7AYmiWZwC6gL05uEpkK7qF&amp;__tn__=*NK-R\">#Corona<\/a>-Ma\u00dfnahmen einstellen. Ein \u00dcberblick hierzu:<\/div>\n<div dir=\"auto\"><img decoding=\"async\" class=\"ji94ytn4 d2edcug0 r9f5tntg r0294ipz\" src=\"https:\/\/scontent-ham3-1.xx.fbcdn.net\/v\/t39.30808-6\/265580596_4503852956337218_3163492235381409214_n.png?_nc_cat=1&amp;ccb=1-5&amp;_nc_sid=730e14&amp;_nc_ohc=VGuw8s5RjnMAX833Uf7&amp;_nc_ht=scontent-ham3-1.xx&amp;oh=5d900fe114c36bfd1c4c8edc8933196c&amp;oe=61BA67D8\" alt=\"Ist m\u00f6glicherweise ein Bild von Text\" data-visualcompletion=\"media-vc-image\" \/><\/div>\n<\/div>\n<\/div>\n<\/div>\n<\/div>\n<\/div>\n<\/blockquote>\n<div dir=\"auto\"><\/div>\n<h3 dir=\"auto\"><span data-outline-text=\"true\">Der Bericht dazu:<\/span><\/h3>\n<p dir=\"auto\"><a href=\"https:\/\/www.ndr.de\/nachrichten\/niedersachsen\/Niedersachsen-Neue-Corona-Verordnung-tritt-heute-in-Kraft,corona9538.html\"><span class=\"bnpdmtie diy96o5h\" data-outline-text=\"true\">https:\/\/www.ndr.de\/nachrichten\/niedersachsen\/Niedersachsen-Neue-Corona-Verordnung-tritt-heute-in-Kraft,corona9538.html<\/span><\/a><\/p>\n<h3 dir=\"auto\"><\/h3>\n<h3 dir=\"auto\"><span data-outline-text=\"true\">&#8230; und wer es genauer und amtlich nachlesen will:<\/span><\/h3>\n<p dir=\"auto\"><a href=\"https:\/\/www.niedersachsen.de\/Coronavirus\/vorschriften-der-landesregierung-185856.html\"><span class=\"bnpdmtie diy96o5h\" data-outline-text=\"true\">https:\/\/www.niedersachsen.de\/Coronavirus\/vorschriften-der-landesregierung-185856.html<\/span><\/a><\/p>\n<p>&nbsp;<\/p>\n","protected":false},"excerpt":{"rendered":"<p>(Quelle: https:\/\/www.facebook.com\/goevb\/posts\/5019290454769047) (Quelle: https:\/\/www.facebook.com\/ndrniedersachsen\/posts\/4503856736336840) NDR Niedersachsen\u00a0 18 Std.\u00a0 \u00b7 Menschen in Niedersachsen m\u00fcssen sich von Sonntag an auf versch\u00e4rfte #Corona-Ma\u00dfnahmen einstellen. Ein \u00dcberblick hierzu: Der Bericht dazu: https:\/\/www.ndr.de\/nachrichten\/niedersachsen\/Niedersachsen-Neue-Corona-Verordnung-tritt-heute-in-Kraft,corona9538.html &#8230; und wer es genauer und amtlich nachlesen will: https:\/\/www.niedersachsen.de\/Coronavirus\/vorschriften-der-landesregierung-185856.html &nbsp;<\/p>\n","protected":false},"author":3,"featured_media":0,"comment_status":"closed","ping_status":"open","sticky":false,"template":"","format":"standard","meta":{"footnotes":""},"categories":[1,44],"tags":[],"class_list":["post-11629","post","type-post","status-publish","format-standard","hentry","category-allgemein","category-corona"],"_links":{"self":[{"href":"https:\/\/rt-europaallee.de\/wordpress\/wp-json\/wp\/v2\/posts\/11629","targetHints":{"allow":["GET"]}}],"collection":[{"href":"https:\/\/rt-europaallee.de\/wordpress\/wp-json\/wp\/v2\/posts"}],"about":[{"href":"https:\/\/rt-europaallee.de\/wordpress\/wp-json\/wp\/v2\/types\/post"}],"author":[{"embeddable":true,"href":"https:\/\/rt-europaallee.de\/wordpress\/wp-json\/wp\/v2\/users\/3"}],"replies":[{"embeddable":true,"href":"https:\/\/rt-europaallee.de\/wordpress\/wp-json\/wp\/v2\/comments?post=11629"}],"version-history":[{"count":3,"href":"https:\/\/rt-europaallee.de\/wordpress\/wp-json\/wp\/v2\/posts\/11629\/revisions"}],"predecessor-version":[{"id":11643,"href":"https:\/\/rt-europaallee.de\/wordpress\/wp-json\/wp\/v2\/posts\/11629\/revisions\/11643"}],"wp:attachment":[{"href":"https:\/\/rt-europaallee.de\/wordpress\/wp-json\/wp\/v2\/media?parent=11629"}],"wp:term":[{"taxonomy":"category","embeddable":true,"href":"https:\/\/rt-europaallee.de\/wordpress\/wp-json\/wp\/v2\/categories?post=11629"},{"taxonomy":"post_tag","embeddable":true,"href":"https:\/\/rt-europaallee.de\/wordpress\/wp-json\/wp\/v2\/tags?post=11629"}],"curies":[{"name":"wp","href":"https:\/\/api.w.org\/{rel}","templated":true}]}}