{"id":12543,"date":"2022-04-20T12:59:26","date_gmt":"2022-04-20T10:59:26","guid":{"rendered":"http:\/\/rt-europaallee.org\/wordpress\/?p=12543"},"modified":"2022-04-20T12:59:26","modified_gmt":"2022-04-20T10:59:26","slug":"saechsischer-fluechtlingsrat-asyl-und-aufenthaltsrechtliche-informationen-als-audio-in-acht-sprachen","status":"publish","type":"post","link":"https:\/\/rt-europaallee.de\/wordpress\/2022\/04\/saechsischer-fluechtlingsrat-asyl-und-aufenthaltsrechtliche-informationen-als-audio-in-acht-sprachen\/","title":{"rendered":"S\u00e4chsischer Fl\u00fcchtlingsrat: asyl- und aufenthaltsrechtliche Informationen als Audio in acht Sprachen"},"content":{"rendered":"<h4><a href=\"https:\/\/www.facebook.com\/Fluechtlingsrat.Niedersachsen\/posts\/5103661059726679?__cft__[0]=AZU5-qXR-ylnUNxgDoyMNmJUmRE5Ap6s4xIKQhtxddb5ZydZ81EzlHq75n00FajOXYzYVdtXFq_siZod1A95jFa1nWB6w-bhLQk00c-JWZf-MZu-d4jYbwWjk0rLFZBUtz9EGS8XPbNUAWFyLyjdxEbZ&amp;__tn__=%2CO%2CP-R\">https:\/\/www.facebook.com\/Fluechtlingsrat.Niedersachsen\/posts\/5103661059726679?<\/a>:<\/h4>\n<blockquote>\n<div class=\"oi9244e8 do00u71z j83agx80\"><\/div>\n<div class=\"buofh1pr\">\n<div class=\"j83agx80 cbu4d94t ew0dbk1b irj2b8pg\">\n<div class=\"qzhwtbm6 knvmm38d\">\n<h3 id=\"jsc_c_37\" class=\"gmql0nx0 l94mrbxd p1ri9a11 lzcic4wl aahdfvyu hzawbc8m\"><span class=\"nc684nl6\"><a class=\"oajrlxb2 g5ia77u1 qu0x051f esr5mh6w e9989ue4 r7d6kgcz rq0escxv nhd2j8a9 nc684nl6 p7hjln8o kvgmc6g5 cxmmr5t8 oygrvhab hcukyx3x jb3vyjys rz4wbd8a qt6c0cv9 a8nywdso i1ao9s8h esuyzwwr f1sip0of lzcic4wl gpro0wi8 oo9gr5id lrazzd5p\" tabindex=\"0\" href=\"https:\/\/www.facebook.com\/Fluechtlingsrat.Niedersachsen\/?__cft__[0]=AZU5-qXR-ylnUNxgDoyMNmJUmRE5Ap6s4xIKQhtxddb5ZydZ81EzlHq75n00FajOXYzYVdtXFq_siZod1A95jFa1nWB6w-bhLQk00c-JWZf-MZu-d4jYbwWjk0rLFZBUtz9EGS8XPbNUAWFyLyjdxEbZ&amp;__tn__=-UC%2CP-R\"><strong>Fl\u00fcchtlingsrat Niedersachsen<\/strong><\/a><\/span><\/h3>\n<\/div>\n<\/div>\n<\/div>\n<div class=\"\" dir=\"auto\">\n<div id=\"jsc_c_39\" class=\"ecm0bbzt hv4rvrfc ihqw7lf3 dati1w0a\" data-ad-comet-preview=\"message\" data-ad-preview=\"message\">\n<div class=\"j83agx80 cbu4d94t ew0dbk1b irj2b8pg\">\n<div class=\"qzhwtbm6 knvmm38d\">\n<div class=\"kvgmc6g5 cxmmr5t8 oygrvhab hcukyx3x c1et5uql ii04i59q\">\n<div dir=\"auto\">Die Kolleg:innen vom S\u00e4chsischen Fl\u00fcchtlingsrat stellen auf ihrer Seite asyl- und aufenthaltsrechtlicheInformationen in einem Audio-Format in acht Sprachen zur Verf\u00fcgung. Die einzelnen Audios sollen Gefl\u00fcchteten als auch ehren- und hauptamtlichen Unterst\u00fctzer:innen mehr Handlungssicherheit als auch Hintergrundinformationen geben. Sie bitten allerdings zu beachten, dass die<strong>\u00a0Audios keine Beratung ersetzen<\/strong>\u00a0k\u00f6nnen.\u00a0<a class=\"oajrlxb2 g5ia77u1 qu0x051f esr5mh6w e9989ue4 r7d6kgcz rq0escxv nhd2j8a9 nc684nl6 p7hjln8o kvgmc6g5 cxmmr5t8 oygrvhab hcukyx3x jb3vyjys rz4wbd8a qt6c0cv9 a8nywdso i1ao9s8h esuyzwwr f1sip0of lzcic4wl gpro0wi8 py34i1dx\" tabindex=\"0\" href=\"https:\/\/t1p.de\/zurf?fbclid=IwAR3h2uZ2kDglewDtPxpPAPd0WZkGiNoNhRcWolXQdo9_VMfXu-LF_83uISc\" target=\"_blank\" rel=\"nofollow noopener noreferrer\">https:\/\/t1p.de\/zurf<\/a><\/div>\n<div dir=\"auto\"><\/div>\n<div dir=\"auto\"><img decoding=\"async\" class=\"ji94ytn4 d2edcug0 r9f5tntg r0294ipz\" src=\"https:\/\/scontent-ham3-1.xx.fbcdn.net\/v\/t39.30808-6\/278674525_5103654369727348_7603333635603601425_n.png?_nc_cat=104&amp;ccb=1-5&amp;_nc_sid=730e14&amp;_nc_ohc=GCwM3ZvOWYsAX9gnTX0&amp;_nc_ht=scontent-ham3-1.xx&amp;oh=00_AT9KGgtc0NGMrOL_fAuwxg7QmBJFZAeXKyDe5JVQr9Jv9w&amp;oe=6263E207\" alt=\"Ist m\u00f6glicherweise ein Bild von eine oder mehrere Personen und Text \u201ein 8 s\u00e4chsischer f\u00fcchtlingsrat Audio-Informationen I audioguide Sprachen! Rechte in Beh\u00f6rden Die Duldung Ausbildungs- und Besch\u00e4ftigungsduldung\u201c\" data-visualcompletion=\"media-vc-image\" \/>(<a href=\"https:\/\/www.facebook.com\/Fluechtlingsrat.Niedersachsen\/photos\/a.229267433832757\/5103654399727345\">https:\/\/www.facebook.com\/Fluechtlingsrat.Niedersachsen\/photos\/a.229267433832757\/5103654399727345<\/a>)<\/div>\n<\/div>\n<\/div>\n<\/div>\n<\/div>\n<\/div>\n<\/blockquote>\n","protected":false},"excerpt":{"rendered":"<p>https:\/\/www.facebook.com\/Fluechtlingsrat.Niedersachsen\/posts\/5103661059726679?: Fl\u00fcchtlingsrat Niedersachsen Die Kolleg:innen vom S\u00e4chsischen Fl\u00fcchtlingsrat stellen auf ihrer Seite asyl- und aufenthaltsrechtlicheInformationen in einem Audio-Format in acht Sprachen zur Verf\u00fcgung. Die einzelnen Audios sollen Gefl\u00fcchteten als auch ehren- und hauptamtlichen Unterst\u00fctzer:innen mehr Handlungssicherheit als auch Hintergrundinformationen geben. Sie bitten allerdings zu beachten, dass die\u00a0Audios keine Beratung ersetzen\u00a0k\u00f6nnen.\u00a0https:\/\/t1p.de\/zurf (https:\/\/www.facebook.com\/Fluechtlingsrat.Niedersachsen\/photos\/a.229267433832757\/5103654399727345)<\/p>\n","protected":false},"author":3,"featured_media":0,"comment_status":"closed","ping_status":"open","sticky":false,"template":"","format":"standard","meta":{"footnotes":""},"categories":[1],"tags":[],"class_list":["post-12543","post","type-post","status-publish","format-standard","hentry","category-allgemein"],"_links":{"self":[{"href":"https:\/\/rt-europaallee.de\/wordpress\/wp-json\/wp\/v2\/posts\/12543","targetHints":{"allow":["GET"]}}],"collection":[{"href":"https:\/\/rt-europaallee.de\/wordpress\/wp-json\/wp\/v2\/posts"}],"about":[{"href":"https:\/\/rt-europaallee.de\/wordpress\/wp-json\/wp\/v2\/types\/post"}],"author":[{"embeddable":true,"href":"https:\/\/rt-europaallee.de\/wordpress\/wp-json\/wp\/v2\/users\/3"}],"replies":[{"embeddable":true,"href":"https:\/\/rt-europaallee.de\/wordpress\/wp-json\/wp\/v2\/comments?post=12543"}],"version-history":[{"count":1,"href":"https:\/\/rt-europaallee.de\/wordpress\/wp-json\/wp\/v2\/posts\/12543\/revisions"}],"predecessor-version":[{"id":12544,"href":"https:\/\/rt-europaallee.de\/wordpress\/wp-json\/wp\/v2\/posts\/12543\/revisions\/12544"}],"wp:attachment":[{"href":"https:\/\/rt-europaallee.de\/wordpress\/wp-json\/wp\/v2\/media?parent=12543"}],"wp:term":[{"taxonomy":"category","embeddable":true,"href":"https:\/\/rt-europaallee.de\/wordpress\/wp-json\/wp\/v2\/categories?post=12543"},{"taxonomy":"post_tag","embeddable":true,"href":"https:\/\/rt-europaallee.de\/wordpress\/wp-json\/wp\/v2\/tags?post=12543"}],"curies":[{"name":"wp","href":"https:\/\/api.w.org\/{rel}","templated":true}]}}