{"id":13936,"date":"2022-12-01T17:33:55","date_gmt":"2022-12-01T16:33:55","guid":{"rendered":"http:\/\/rt-europaallee.org\/wordpress\/?p=13936"},"modified":"2022-12-01T17:33:55","modified_gmt":"2022-12-01T16:33:55","slug":"rnd-das-aendert-sich-im-dezember-fuer-verbraucher","status":"publish","type":"post","link":"https:\/\/rt-europaallee.de\/wordpress\/2022\/12\/rnd-das-aendert-sich-im-dezember-fuer-verbraucher\/","title":{"rendered":"rnd: Das \u00e4ndert sich im Dezember f\u00fcr Verbraucher"},"content":{"rendered":"<p>(Quelle: <a href=\"https:\/\/www.rnd.de\/wirtschaft\/aenderungen-im-dezember-2022-was-ist-neu-ab-1-12-P76HJCGMLJD2XIGTHHLCSLILXY.html?utm_source=pocket-newtab-global-de-DE\">https:\/\/www.rnd.de\/wirtschaft\/aenderungen-im-dezember-2022-was-ist-neu-ab-1-12-P76HJCGMLJD2XIGTHHLCSLILXY.html?utm_source=pocket-newtab-global-de-DE<\/a>)<\/p>\n<blockquote>\n<div class=\"ArticleHeadstyled__ArticleHeadOverlineContainer-sc-1xd2qac-2 hHwSig\">\n<div class=\"Overlinestyled__Overline-qln4tz-0 TKEpG\">Warntag, Bahn, Energiepreispauschale<\/div>\n<\/div>\n<div class=\"ArticleHeadstyled__ArticleHeadHeadlineContainer-sc-1xd2qac-0 iUsdGe\">\n<h2 class=\"Headlinestyled__Headline-sc-1ytohq4-0 bjTUnF\">Das \u00e4ndert sich im Dezember f\u00fcr Verbraucher<\/h2>\n<\/div>\n<div class=\"ArticleImagestyled__ArticleImage-bcwosx-5 givmYK\" data-testid=\"article-header-image\">\n<div class=\"ArticleImagestyled__ArticleImageContainer-bcwosx-0 fvXTDa\">\n<div class=\"Imagestyled__Container-sc-12smbns-0 fBsmIb\" data-testid=\"image\"><picture><source srcset=\"https:\/\/www.rnd.de\/resizer\/RrdKiwxfvBlJ0H-blYAk4YGIm6c=\/428x241\/filters:quality(70):format(webp)\/cloudfront-eu-central-1.images.arcpublishing.com\/madsack\/VVTVQZZAWVGUHE35A6EPBDB6HQ.jpeg 428w, https:\/\/www.rnd.de\/resizer\/4g-IltK0Frs_PxxW0Kjzo5C16BE=\/642x361\/filters:quality(70):format(webp)\/cloudfront-eu-central-1.images.arcpublishing.com\/madsack\/VVTVQZZAWVGUHE35A6EPBDB6HQ.jpeg 642w\" media=\"(max-width: 428px)\" sizes=\"(min-width: 0px) 428px\" \/><source srcset=\"https:\/\/www.rnd.de\/resizer\/vbzvQEq6ga0F0pZublV8-emvuiM=\/767x431\/filters:quality(70):format(webp)\/cloudfront-eu-central-1.images.arcpublishing.com\/madsack\/VVTVQZZAWVGUHE35A6EPBDB6HQ.jpeg 767w, https:\/\/www.rnd.de\/resizer\/bL8pVzlFiYZj_zIAEOZ2QQzKkU8=\/1151x647\/filters:quality(70):format(webp)\/cloudfront-eu-central-1.images.arcpublishing.com\/madsack\/VVTVQZZAWVGUHE35A6EPBDB6HQ.jpeg 1151w\" media=\"(min-width: 429px) and (max-width: 767px)\" sizes=\"(min-width: 429px) 767px\" \/><source srcset=\"https:\/\/www.rnd.de\/resizer\/Q8U0I_hLqssabXFlj3vxLwSbCYQ=\/928x522\/filters:quality(70):format(webp)\/cloudfront-eu-central-1.images.arcpublishing.com\/madsack\/VVTVQZZAWVGUHE35A6EPBDB6HQ.jpeg 928w, https:\/\/www.rnd.de\/resizer\/NvR8KJAkUOE4r6sHXH0S7LxafNI=\/1392x783\/filters:quality(70):format(webp)\/cloudfront-eu-central-1.images.arcpublishing.com\/madsack\/VVTVQZZAWVGUHE35A6EPBDB6HQ.jpeg 1392w\" media=\"(min-width: 768px) and (max-width: 1008px)\" sizes=\"(min-width: 768px) 928px\" \/><source srcset=\"https:\/\/www.rnd.de\/resizer\/Efb_CpU4CAZ18syfo7-0gqSGgDQ=\/596x335\/filters:quality(70):format(webp)\/cloudfront-eu-central-1.images.arcpublishing.com\/madsack\/VVTVQZZAWVGUHE35A6EPBDB6HQ.jpeg 596w, https:\/\/www.rnd.de\/resizer\/hPJN1CZzQwK0Pd7JTRAKsS4UOKw=\/894x503\/filters:quality(70):format(webp)\/cloudfront-eu-central-1.images.arcpublishing.com\/madsack\/VVTVQZZAWVGUHE35A6EPBDB6HQ.jpeg 894w\" media=\"(min-width: 1009px)\" sizes=\"(min-width: 1009px) 596px\" \/><img loading=\"lazy\" decoding=\"async\" src=\"https:\/\/www.rnd.de\/resizer\/RrdKiwxfvBlJ0H-blYAk4YGIm6c=\/428x241\/filters:quality(70):format(webp)\/cloudfront-eu-central-1.images.arcpublishing.com\/madsack\/VVTVQZZAWVGUHE35A6EPBDB6HQ.jpeg\" alt=\"Wie gut im Ernstfall amtliche Warnungen \u00fcber Radio, Fernsehen, Apps oder Sirenen funktionieren w\u00fcrden, testen Bund, L\u00e4nder und Kommunen am 8. Dezember beim bundesweiten Warntag.\" width=\"428\" height=\"241\" \/><\/picture><\/div>\n<div class=\"ArticleImagestyled__ArticleImageOpenButton-bcwosx-1 gatUZw\"><\/div>\n<\/div>\n<\/div>\n<div class=\"ArticleHeadstyled__ArticleTeaserContainer-sc-1xd2qac-1\">\n<p class=\"Textstyled__Text-sc-14jlruk-0 jPJMFG\">Neue Gesetze, Pflichten und Rechte \u2013 auch zum Jahresende sollten Verbraucher und Verbraucherinnen einen Blick auf die wichtigsten \u00c4nderungen und Aktionen des Monats werfen. Im Dezember fallen darunter etwa der Fahrplanwechsel der Deutschen Bahn, weitere Entlastungen in der Energiekrise oder der bundesweite Warntag. Eine \u00dcbersicht.<\/p>\n<h3>\u00a0&#8230;<\/h3>\n<p>(Bitte weiterlesen unter dem Link!)<\/p>\n<\/div>\n<\/blockquote>\n","protected":false},"excerpt":{"rendered":"<p>(Quelle: https:\/\/www.rnd.de\/wirtschaft\/aenderungen-im-dezember-2022-was-ist-neu-ab-1-12-P76HJCGMLJD2XIGTHHLCSLILXY.html?utm_source=pocket-newtab-global-de-DE) Warntag, Bahn, Energiepreispauschale Das \u00e4ndert sich im Dezember f\u00fcr Verbraucher Neue Gesetze, Pflichten und Rechte \u2013 auch zum Jahresende sollten Verbraucher und Verbraucherinnen einen Blick auf die wichtigsten \u00c4nderungen und Aktionen des Monats werfen. Im Dezember fallen darunter etwa der Fahrplanwechsel der Deutschen Bahn, weitere Entlastungen in der Energiekrise oder der bundesweite Warntag. &#8230; <a title=\"rnd: Das \u00e4ndert sich im Dezember f\u00fcr Verbraucher\" class=\"read-more\" href=\"https:\/\/rt-europaallee.de\/wordpress\/2022\/12\/rnd-das-aendert-sich-im-dezember-fuer-verbraucher\/\" aria-label=\"Mehr Informationen \u00fcber rnd: Das \u00e4ndert sich im Dezember f\u00fcr Verbraucher\">Weiterlesen<\/a><\/p>\n","protected":false},"author":3,"featured_media":0,"comment_status":"closed","ping_status":"open","sticky":false,"template":"","format":"standard","meta":{"footnotes":""},"categories":[1],"tags":[],"class_list":["post-13936","post","type-post","status-publish","format-standard","hentry","category-allgemein"],"_links":{"self":[{"href":"https:\/\/rt-europaallee.de\/wordpress\/wp-json\/wp\/v2\/posts\/13936","targetHints":{"allow":["GET"]}}],"collection":[{"href":"https:\/\/rt-europaallee.de\/wordpress\/wp-json\/wp\/v2\/posts"}],"about":[{"href":"https:\/\/rt-europaallee.de\/wordpress\/wp-json\/wp\/v2\/types\/post"}],"author":[{"embeddable":true,"href":"https:\/\/rt-europaallee.de\/wordpress\/wp-json\/wp\/v2\/users\/3"}],"replies":[{"embeddable":true,"href":"https:\/\/rt-europaallee.de\/wordpress\/wp-json\/wp\/v2\/comments?post=13936"}],"version-history":[{"count":1,"href":"https:\/\/rt-europaallee.de\/wordpress\/wp-json\/wp\/v2\/posts\/13936\/revisions"}],"predecessor-version":[{"id":13937,"href":"https:\/\/rt-europaallee.de\/wordpress\/wp-json\/wp\/v2\/posts\/13936\/revisions\/13937"}],"wp:attachment":[{"href":"https:\/\/rt-europaallee.de\/wordpress\/wp-json\/wp\/v2\/media?parent=13936"}],"wp:term":[{"taxonomy":"category","embeddable":true,"href":"https:\/\/rt-europaallee.de\/wordpress\/wp-json\/wp\/v2\/categories?post=13936"},{"taxonomy":"post_tag","embeddable":true,"href":"https:\/\/rt-europaallee.de\/wordpress\/wp-json\/wp\/v2\/tags?post=13936"}],"curies":[{"name":"wp","href":"https:\/\/api.w.org\/{rel}","templated":true}]}}