{"id":13938,"date":"2022-12-01T17:38:48","date_gmt":"2022-12-01T16:38:48","guid":{"rendered":"http:\/\/rt-europaallee.org\/wordpress\/?p=13938"},"modified":"2022-12-01T17:38:48","modified_gmt":"2022-12-01T16:38:48","slug":"badeparadies-eiswiese-oeffnungszeiten-zum-jahreswechsel","status":"publish","type":"post","link":"https:\/\/rt-europaallee.de\/wordpress\/2022\/12\/badeparadies-eiswiese-oeffnungszeiten-zum-jahreswechsel\/","title":{"rendered":"Badeparadies Eiswiese: \u00d6ffnungszeiten zum Jahreswechsel"},"content":{"rendered":"<p>(Quelle: <a href=\"https:\/\/www.facebook.com\/badeparadies\/posts\/pfbid0Hy3PoDApoRBPVxd8NkDX1sNGicwm8QYZqJMn3C7fE789rAHnkZXoGPJ3HzShEpm9l\">https:\/\/www.facebook.com\/badeparadies\/posts\/pfbid0Hy3PoDApoRBPVxd8NkDX1sNGicwm8QYZqJMn3C7fE789rAHnkZXoGPJ3HzShEpm9l<\/a>)<\/p>\n<blockquote>\n<div class=\"xu06os2 x1ok221b\">\n<h3 id=\"jsc_c_v\" class=\"x1heor9g x1qlqyl8 x1pd3egz x1a2a7pz x1gslohp x1yc453h\"><span class=\"x193iq5w xeuugli x13faqbe x1vvkbs x1xmvt09 x6prxxf xvq8zen xo1l8bm xi81zsa\"><strong><a class=\"x1i10hfl xjbqb8w x6umtig x1b1mbwd xaqea5y xav7gou x9f619 x1ypdohk xt0psk2 xe8uvvx xdj266r x11i5rnm xat24cr x1mh8g0r xexx8yu x4uap5 x18d9i69 xkhd6sd x16tdsg8 x1hl2dhg xggy1nq x1a2a7pz xt0b8zv xzsf02u x1s688f\" tabindex=\"0\" role=\"link\" href=\"https:\/\/www.facebook.com\/badeparadies?__cft__[0]=AZXu6gmompe9EhPeqhNCFE3srcDwRYXZIWYxZdZXkO-YI8TO7C95VaU0isIYoDvyqfQPn3ijtNNJyGB0lFUw4Ac_kIy99ZD6_vfYOvISzNmjwkRemrIXxkvWz9PwlDxx_3o45oQ7o44yQPxJo3U66UN1&amp;__tn__=-]C%2CP-R\"><span class=\"xt0psk2\">Badeparadies Eiswiese<\/span><\/a><\/strong> <strong><img loading=\"lazy\" decoding=\"async\" class=\"x1rg5ohu xw3qccf x1dg2w4v\" src=\"https:\/\/static.xx.fbcdn.net\/rsrc.php\/v3\/yj\/r\/FPARNjjM0Kc.png\" alt=\"\" width=\"16\" height=\"16\" \/><\/strong>f\u00fchlt sich erholt \u2013 hier: <strong><a class=\"x1i10hfl xjbqb8w x6umtig x1b1mbwd xaqea5y xav7gou x9f619 x1ypdohk xt0psk2 xe8uvvx xdj266r x11i5rnm xat24cr x1mh8g0r xexx8yu x4uap5 x18d9i69 xkhd6sd x16tdsg8 x1hl2dhg xggy1nq x1a2a7pz xt0b8zv xzsf02u x1s688f\" tabindex=\"0\" role=\"link\" href=\"https:\/\/www.facebook.com\/badeparadies?__cft__[0]=AZXu6gmompe9EhPeqhNCFE3srcDwRYXZIWYxZdZXkO-YI8TO7C95VaU0isIYoDvyqfQPn3ijtNNJyGB0lFUw4Ac_kIy99ZD6_vfYOvISzNmjwkRemrIXxkvWz9PwlDxx_3o45oQ7o44yQPxJo3U66UN1&amp;__tn__=-]C%2CP-R\"><span class=\"xt0psk2\">Badeparadies Eiswiese<\/span><\/a><\/strong>.<\/span><\/h3>\n<\/div>\n<div class=\"\" dir=\"auto\">\n<div id=\"jsc_c_x\" class=\"x1iorvi4 x1pi30zi x1l90r2v x1swvt13\" data-ad-comet-preview=\"message\" data-ad-preview=\"message\">\n<div class=\"x78zum5 xdt5ytf xz62fqu x16ldp7u\">\n<div class=\"xu06os2 x1ok221b\">\n<div class=\"x11i5rnm xat24cr x1mh8g0r x1vvkbs xdj266r x126k92a\">\n<div dir=\"auto\">Das Jahr neigt sich mit riesengro\u00dfen <span class=\"x3nfvp2 x1j61x8r x1fcty0u xdj266r xhhsvwb xat24cr xgzva0m xxymvpz xlup9mm x1kky2od\"><img loading=\"lazy\" decoding=\"async\" src=\"https:\/\/static.xx.fbcdn.net\/images\/emoji.php\/v9\/t11\/1\/16\/1f427.png\" alt=\"\ud83d\udc27\" width=\"16\" height=\"16\" \/><\/span>-f\u00fc\u00dfen seinem Ende entgegen. <span class=\"x3nfvp2 x1j61x8r x1fcty0u xdj266r xhhsvwb xat24cr xgzva0m xxymvpz xlup9mm x1kky2od\"><img loading=\"lazy\" decoding=\"async\" src=\"https:\/\/static.xx.fbcdn.net\/images\/emoji.php\/v9\/t88\/1\/16\/1f385.png\" alt=\"\ud83c\udf85\" width=\"16\" height=\"16\" \/><\/span><span class=\"x3nfvp2 x1j61x8r x1fcty0u xdj266r xhhsvwb xat24cr xgzva0m xxymvpz xlup9mm x1kky2od\"><img loading=\"lazy\" decoding=\"async\" src=\"https:\/\/static.xx.fbcdn.net\/images\/emoji.php\/v9\/tf0\/1\/16\/2603.png\" alt=\"\u2603\ufe0f\" width=\"16\" height=\"16\" \/><\/span><span class=\"x3nfvp2 x1j61x8r x1fcty0u xdj266r xhhsvwb xat24cr xgzva0m xxymvpz xlup9mm x1kky2od\"><img loading=\"lazy\" decoding=\"async\" src=\"https:\/\/static.xx.fbcdn.net\/images\/emoji.php\/v9\/t2e\/1\/16\/2744.png\" alt=\"\u2744\ufe0f\" width=\"16\" height=\"16\" \/><\/span> Zeit f\u00fcr uns, Euch schon mal \u00fcber unsere neuen \u00d6ffnungszeiten zum Jahreswechsel zu informieren:<\/div>\n<\/div>\n<div class=\"x11i5rnm xat24cr x1mh8g0r x1vvkbs xtlvy1s x126k92a\">\n<div dir=\"auto\">*neu* 24.12.2022: geschlossen<\/div>\n<div dir=\"auto\">*neu* 25.12.2022: geschlossen<\/div>\n<div dir=\"auto\">26.12.2022: 09.00 &#8211; 22.30 Uhr &#8211; an diesem Tag findet keine Damensauna statt!<\/div>\n<div dir=\"auto\">27.- 30.12. t\u00e4glich von 10.00 &#8211; 22.30, Fr\u00fchschwimmen von 6.30-8.00 Uhr<\/div>\n<div dir=\"auto\">*neu* 31.12.2022: geschlossen<\/div>\n<div dir=\"auto\">01.01.2023: 14.00 &#8211; 22.00 Uhr<\/div>\n<\/div>\n<div class=\"x11i5rnm xat24cr x1mh8g0r x1vvkbs xtlvy1s x126k92a\">\n<div dir=\"auto\">P. S.: Ab dem 01.01.2023 haben wir dann t\u00e4glich &#8222;nur noch&#8220; bis 22.00 Uhr ge\u00f6ffnet.<\/div>\n<\/div>\n<div class=\"x11i5rnm xat24cr x1mh8g0r x1vvkbs xtlvy1s x126k92a\">\n<div dir=\"auto\"><a class=\"x1i10hfl xjbqb8w x6umtig x1b1mbwd xaqea5y xav7gou x9f619 x1ypdohk xt0psk2 xe8uvvx xdj266r x11i5rnm xat24cr x1mh8g0r xexx8yu x4uap5 x18d9i69 xkhd6sd x16tdsg8 x1hl2dhg xggy1nq x1a2a7pz xt0b8zv x1qq9wsj xo1l8bm\" tabindex=\"0\" role=\"link\" href=\"https:\/\/www.facebook.com\/hashtag\/badeparadieseiswiese?__eep__=6&amp;__cft__[0]=AZXu6gmompe9EhPeqhNCFE3srcDwRYXZIWYxZdZXkO-YI8TO7C95VaU0isIYoDvyqfQPn3ijtNNJyGB0lFUw4Ac_kIy99ZD6_vfYOvISzNmjwkRemrIXxkvWz9PwlDxx_3o45oQ7o44yQPxJo3U66UN1&amp;__tn__=*NK-R\">#BadeparadiesEiswiese<\/a> <a class=\"x1i10hfl xjbqb8w x6umtig x1b1mbwd xaqea5y xav7gou x9f619 x1ypdohk xt0psk2 xe8uvvx xdj266r x11i5rnm xat24cr x1mh8g0r xexx8yu x4uap5 x18d9i69 xkhd6sd x16tdsg8 x1hl2dhg xggy1nq x1a2a7pz xt0b8zv x1qq9wsj xo1l8bm\" tabindex=\"0\" role=\"link\" href=\"https:\/\/www.facebook.com\/hashtag\/goesf?__eep__=6&amp;__cft__[0]=AZXu6gmompe9EhPeqhNCFE3srcDwRYXZIWYxZdZXkO-YI8TO7C95VaU0isIYoDvyqfQPn3ijtNNJyGB0lFUw4Ac_kIy99ZD6_vfYOvISzNmjwkRemrIXxkvWz9PwlDxx_3o45oQ7o44yQPxJo3U66UN1&amp;__tn__=*NK-R\">#GoeSF<\/a> <a class=\"x1i10hfl xjbqb8w x6umtig x1b1mbwd xaqea5y xav7gou x9f619 x1ypdohk xt0psk2 xe8uvvx xdj266r x11i5rnm xat24cr x1mh8g0r xexx8yu x4uap5 x18d9i69 xkhd6sd x16tdsg8 x1hl2dhg xggy1nq x1a2a7pz xt0b8zv x1qq9wsj xo1l8bm\" tabindex=\"0\" role=\"link\" href=\"https:\/\/www.facebook.com\/hashtag\/badeparadiesg%C3%B6ttingen?__eep__=6&amp;__cft__[0]=AZXu6gmompe9EhPeqhNCFE3srcDwRYXZIWYxZdZXkO-YI8TO7C95VaU0isIYoDvyqfQPn3ijtNNJyGB0lFUw4Ac_kIy99ZD6_vfYOvISzNmjwkRemrIXxkvWz9PwlDxx_3o45oQ7o44yQPxJo3U66UN1&amp;__tn__=*NK-R\">#badeparadiesg\u00f6ttingen<\/a><\/div>\n<\/div>\n<\/div>\n<\/div>\n<\/div>\n<\/div>\n<\/blockquote>\n","protected":false},"excerpt":{"rendered":"<p>(Quelle: https:\/\/www.facebook.com\/badeparadies\/posts\/pfbid0Hy3PoDApoRBPVxd8NkDX1sNGicwm8QYZqJMn3C7fE789rAHnkZXoGPJ3HzShEpm9l) Badeparadies Eiswiese f\u00fchlt sich erholt \u2013 hier: Badeparadies Eiswiese. Das Jahr neigt sich mit riesengro\u00dfen -f\u00fc\u00dfen seinem Ende entgegen. Zeit f\u00fcr uns, Euch schon mal \u00fcber unsere neuen \u00d6ffnungszeiten zum Jahreswechsel zu informieren: *neu* 24.12.2022: geschlossen *neu* 25.12.2022: geschlossen 26.12.2022: 09.00 &#8211; 22.30 Uhr &#8211; an diesem Tag findet keine Damensauna statt! 27.- &#8230; <a title=\"Badeparadies Eiswiese: \u00d6ffnungszeiten zum Jahreswechsel\" class=\"read-more\" href=\"https:\/\/rt-europaallee.de\/wordpress\/2022\/12\/badeparadies-eiswiese-oeffnungszeiten-zum-jahreswechsel\/\" aria-label=\"Mehr Informationen \u00fcber Badeparadies Eiswiese: \u00d6ffnungszeiten zum Jahreswechsel\">Weiterlesen<\/a><\/p>\n","protected":false},"author":3,"featured_media":0,"comment_status":"closed","ping_status":"open","sticky":false,"template":"","format":"standard","meta":{"footnotes":""},"categories":[1],"tags":[],"class_list":["post-13938","post","type-post","status-publish","format-standard","hentry","category-allgemein"],"_links":{"self":[{"href":"https:\/\/rt-europaallee.de\/wordpress\/wp-json\/wp\/v2\/posts\/13938","targetHints":{"allow":["GET"]}}],"collection":[{"href":"https:\/\/rt-europaallee.de\/wordpress\/wp-json\/wp\/v2\/posts"}],"about":[{"href":"https:\/\/rt-europaallee.de\/wordpress\/wp-json\/wp\/v2\/types\/post"}],"author":[{"embeddable":true,"href":"https:\/\/rt-europaallee.de\/wordpress\/wp-json\/wp\/v2\/users\/3"}],"replies":[{"embeddable":true,"href":"https:\/\/rt-europaallee.de\/wordpress\/wp-json\/wp\/v2\/comments?post=13938"}],"version-history":[{"count":1,"href":"https:\/\/rt-europaallee.de\/wordpress\/wp-json\/wp\/v2\/posts\/13938\/revisions"}],"predecessor-version":[{"id":13939,"href":"https:\/\/rt-europaallee.de\/wordpress\/wp-json\/wp\/v2\/posts\/13938\/revisions\/13939"}],"wp:attachment":[{"href":"https:\/\/rt-europaallee.de\/wordpress\/wp-json\/wp\/v2\/media?parent=13938"}],"wp:term":[{"taxonomy":"category","embeddable":true,"href":"https:\/\/rt-europaallee.de\/wordpress\/wp-json\/wp\/v2\/categories?post=13938"},{"taxonomy":"post_tag","embeddable":true,"href":"https:\/\/rt-europaallee.de\/wordpress\/wp-json\/wp\/v2\/tags?post=13938"}],"curies":[{"name":"wp","href":"https:\/\/api.w.org\/{rel}","templated":true}]}}