{"id":14164,"date":"2023-02-08T11:28:24","date_gmt":"2023-02-08T10:28:24","guid":{"rendered":"http:\/\/rt-europaallee.org\/wordpress\/?p=14164"},"modified":"2023-02-08T11:28:24","modified_gmt":"2023-02-08T10:28:24","slug":"bundesregierung-2-masken-muessen-im-pkw-verbandskasten-sein","status":"publish","type":"post","link":"https:\/\/rt-europaallee.de\/wordpress\/2023\/02\/bundesregierung-2-masken-muessen-im-pkw-verbandskasten-sein\/","title":{"rendered":"Bundesregierung: 2 Masken m\u00fcssen im PKW- Verbandskasten sein"},"content":{"rendered":"<p>(Quelle: <a href=\"https:\/\/www.facebook.com\/Bundesregierung\/posts\/pfbid0krGoFs6Eh2LvXMX5sqrhTp3wHc7QpMx2Z8zcxQfnk6j8KuCqBM4vKwtXJYfNQz6ql\">https:\/\/www.facebook.com\/Bundesregierung\/posts\/pfbid0krGoFs6Eh2LvXMX5sqrhTp3wHc7QpMx2Z8zcxQfnk6j8KuCqBM4vKwtXJYfNQz6ql<\/a>)<\/p>\n<blockquote>\n<div class=\"xu06os2 x1ok221b\">\n<h3 id=\"jsc_c_35\" class=\"x1heor9g x1qlqyl8 x1pd3egz x1a2a7pz x1gslohp x1yc453h\"><span class=\"xt0psk2\"><a class=\"x1i10hfl xjbqb8w x6umtig x1b1mbwd xaqea5y xav7gou x9f619 x1ypdohk xt0psk2 xe8uvvx xdj266r x11i5rnm xat24cr x1mh8g0r xexx8yu x4uap5 x18d9i69 xkhd6sd x16tdsg8 x1hl2dhg xggy1nq x1a2a7pz xt0b8zv xzsf02u x1s688f\" tabindex=\"0\" role=\"link\" href=\"https:\/\/www.facebook.com\/Bundesregierung\/?__cft__[0]=AZXyuFIa4PqEc_XJi6H4fK9EVf_lmHrn1OhUvj1gVdPtyp-tyaU1O88GxKKLmLmRiDE0_vZXZKDnZaSFzc_6UNOyMIKwLIKbLQF4fQZAaTYtbAKr9Mze93aGr7xjPhkZy6iCffDw9YmPaBF2Ho33-lxW&amp;__tn__=-UC%2CP-R\"><strong>Bundesregierung<\/strong><\/a><\/span><span class=\"x1dor1uw x1n2onr6\">\u00a0<\/span><\/h3>\n<\/div>\n<div class=\"\" dir=\"auto\">\n<div id=\"jsc_c_37\" class=\"x1iorvi4 x1pi30zi x1swvt13 x1l90r2v\" data-ad-comet-preview=\"message\" data-ad-preview=\"message\">\n<div class=\"x78zum5 xdt5ytf xz62fqu x16ldp7u\">\n<div class=\"xu06os2 x1ok221b\">\n<div class=\"x11i5rnm xat24cr x1mh8g0r x1vvkbs xdj266r x126k92a\">\n<div dir=\"auto\">\u201eMaskenpflicht\u201c gilt jetzt f\u00fcr den Verbandkasten im Auto. F\u00fcr eine gute Erste Hilfe wird die Ausstattung des Verbandkastens regelm\u00e4\u00dfig angepasst. Was alles drin sein muss, lesen Sie hier: <a class=\"x1i10hfl xjbqb8w x6umtig x1b1mbwd xaqea5y xav7gou x9f619 x1ypdohk xt0psk2 xe8uvvx xdj266r x11i5rnm xat24cr x1mh8g0r xexx8yu x4uap5 x18d9i69 xkhd6sd x16tdsg8 x1hl2dhg xggy1nq x1a2a7pz xt0b8zv x1fey0fg\" tabindex=\"0\" role=\"link\" href=\"http:\/\/www.bvmed.de\/flyer-verbandkasten?fbclid=IwAR1nMWgWn4jfAnbKGho5VNU5rT1kskj_KNfPKic3Is2RgqrbNCzcJXblBEo\" target=\"_blank\" rel=\"nofollow noopener\">www.bvmed.de\/flyer-verbandkasten<\/a><\/div>\n<div dir=\"auto\"><\/div>\n<div dir=\"auto\"><img decoding=\"async\" class=\"x1bwycvy x193iq5w x4fas0m x19kjcj4\" src=\"https:\/\/scontent-ham3-1.xx.fbcdn.net\/v\/t39.30808-6\/329329398_563983092111324_7310008676551726348_n.png?_nc_cat=108&amp;ccb=1-7&amp;_nc_sid=730e14&amp;_nc_ohc=Tl7zzZWWQ-AAX9CVnsS&amp;_nc_ht=scontent-ham3-1.xx&amp;oh=00_AfD_R-cUU3V089hgidNW0AE1yhzo0jFtX9Kqlg5SATreiA&amp;oe=63E7CE42\" alt=\"Seit 01. Februar 2023 gilt:\n\nZwei Gesichtsmasken geh\u00f6ren in den Pkw-Verbandkasten.\n\nWelche? \nMedizinische Gesichtsmasken sind ausreichend.\n\nWarum?\nAls zus\u00e4tzliche Schutzma\u00dfnahme f\u00fcr Unfallopfer und Ersthelfer.\n\nGut zu wissen:\nBestehende Verbandk\u00e4sten m\u00fcssen nicht nachger\u00fcstet oder ausgetauscht werden.\n\" data-visualcompletion=\"media-vc-image\" \/><\/div>\n<div dir=\"auto\">(<a href=\"https:\/\/www.facebook.com\/Bundesregierung\/photos\/a.769938079764597\/5915340628557624\/\">https:\/\/www.facebook.com\/Bundesregierung\/photos\/a.769938079764597\/5915340628557624\/<\/a>)<\/div>\n<\/div>\n<\/div>\n<\/div>\n<\/div>\n<\/div>\n<\/blockquote>\n","protected":false},"excerpt":{"rendered":"<p>(Quelle: https:\/\/www.facebook.com\/Bundesregierung\/posts\/pfbid0krGoFs6Eh2LvXMX5sqrhTp3wHc7QpMx2Z8zcxQfnk6j8KuCqBM4vKwtXJYfNQz6ql) Bundesregierung\u00a0 \u201eMaskenpflicht\u201c gilt jetzt f\u00fcr den Verbandkasten im Auto. F\u00fcr eine gute Erste Hilfe wird die Ausstattung des Verbandkastens regelm\u00e4\u00dfig angepasst. Was alles drin sein muss, lesen Sie hier: www.bvmed.de\/flyer-verbandkasten (https:\/\/www.facebook.com\/Bundesregierung\/photos\/a.769938079764597\/5915340628557624\/)<\/p>\n","protected":false},"author":3,"featured_media":0,"comment_status":"closed","ping_status":"open","sticky":false,"template":"","format":"standard","meta":{"footnotes":""},"categories":[1],"tags":[],"class_list":["post-14164","post","type-post","status-publish","format-standard","hentry","category-allgemein"],"_links":{"self":[{"href":"https:\/\/rt-europaallee.de\/wordpress\/wp-json\/wp\/v2\/posts\/14164","targetHints":{"allow":["GET"]}}],"collection":[{"href":"https:\/\/rt-europaallee.de\/wordpress\/wp-json\/wp\/v2\/posts"}],"about":[{"href":"https:\/\/rt-europaallee.de\/wordpress\/wp-json\/wp\/v2\/types\/post"}],"author":[{"embeddable":true,"href":"https:\/\/rt-europaallee.de\/wordpress\/wp-json\/wp\/v2\/users\/3"}],"replies":[{"embeddable":true,"href":"https:\/\/rt-europaallee.de\/wordpress\/wp-json\/wp\/v2\/comments?post=14164"}],"version-history":[{"count":1,"href":"https:\/\/rt-europaallee.de\/wordpress\/wp-json\/wp\/v2\/posts\/14164\/revisions"}],"predecessor-version":[{"id":14165,"href":"https:\/\/rt-europaallee.de\/wordpress\/wp-json\/wp\/v2\/posts\/14164\/revisions\/14165"}],"wp:attachment":[{"href":"https:\/\/rt-europaallee.de\/wordpress\/wp-json\/wp\/v2\/media?parent=14164"}],"wp:term":[{"taxonomy":"category","embeddable":true,"href":"https:\/\/rt-europaallee.de\/wordpress\/wp-json\/wp\/v2\/categories?post=14164"},{"taxonomy":"post_tag","embeddable":true,"href":"https:\/\/rt-europaallee.de\/wordpress\/wp-json\/wp\/v2\/tags?post=14164"}],"curies":[{"name":"wp","href":"https:\/\/api.w.org\/{rel}","templated":true}]}}