{"id":14563,"date":"2023-04-20T00:05:19","date_gmt":"2023-04-19T22:05:19","guid":{"rendered":"http:\/\/rt-europaallee.org\/wordpress\/?p=14563"},"modified":"2023-04-20T00:05:19","modified_gmt":"2023-04-19T22:05:19","slug":"neue-bahn-und-flughafen-streiks-in-deutschland","status":"publish","type":"post","link":"https:\/\/rt-europaallee.de\/wordpress\/2023\/04\/neue-bahn-und-flughafen-streiks-in-deutschland\/","title":{"rendered":"Neue Bahn- und Flughafen-Streiks in Deutschland"},"content":{"rendered":"<p>(Quelle: <a href=\"https:\/\/www.adac.de\/news\/streik-deutschland-verkehr\/\">https:\/\/www.adac.de\/news\/streik-deutschland-verkehr\/<\/a>)<\/p>\n<blockquote>\n<p class=\"_1LCsObWXtjVxV8x0penxZ- _11fmoMP_TcDcAXxrDnmzxq  Q5wZ3Z9Z4BMvn5tmRgFF9    sc-cbTzjv kUqjoh richtextComponent\"><b>Neue Streiks in Deutschland: Die n\u00e4chsten Arbeitsniederlegungen bei der Bahn und an mehreren Flugh\u00e4fen stehen unmittelbar bevor.<\/b><\/p>\n<ul class=\"sc-cAerGf sc-fYIQDW kyLzZf dDNzga richtextComponent\">\n<li class=\"sc-gaUZzY gLDQLm\">\n<p class=\"_1LCsObWXtjVxV8x0penxZ- _11fmoMP_TcDcAXxrDnmzxq  Q5wZ3Z9Z4BMvn5tmRgFF9    sc-cbTzjv kUqjoh richtextComponent\"><b>Update: Rund 700 Fl\u00fcge fallen wegen des Streiks aus<\/b><\/p>\n<\/li>\n<li class=\"sc-gaUZzY gLDQLm\">\n<p class=\"_1LCsObWXtjVxV8x0penxZ- _11fmoMP_TcDcAXxrDnmzxq  Q5wZ3Z9Z4BMvn5tmRgFF9    sc-cbTzjv kUqjoh richtextComponent\"><b>Bei der Bahn wird am Freitag, 21. April, landesweit gestreikt <\/b><\/p>\n<\/li>\n<li class=\"sc-gaUZzY gLDQLm\">\n<p class=\"_1LCsObWXtjVxV8x0penxZ- _11fmoMP_TcDcAXxrDnmzxq  Q5wZ3Z9Z4BMvn5tmRgFF9    sc-cbTzjv kUqjoh richtextComponent\"><b>Verdi ruft zu Streiks an drei Flugh\u00e4fen auf<\/b><\/p>\n<\/li>\n<\/ul>\n<p class=\"_1LCsObWXtjVxV8x0penxZ- _11fmoMP_TcDcAXxrDnmzxq  Q5wZ3Z9Z4BMvn5tmRgFF9    sc-cbTzjv kUqjoh richtextComponent\">Reisende sowie Pendlerinnen und Pendlern in Deutschland stehen neue <b>Unannehmlichkeiten <\/b>bevor: Die Deutsche Bahn wird am Freitag bestreikt, die Flugh\u00e4fen D\u00fcsseldorf, K\u00f6ln\/Bonn sowie Hamburg sind am Donnerstag und Freitag betroffen.<\/p>\n<h2 id=\"deutsche-bahn-streiks-am-freitag\" class=\"_3zBiXS0-XUoow9ihHCZSvf YtkX_a9mrN7Zk0Nj2A3cp  \n\n     sc-ksHpcM GUybE richtextComponent\">Deutsche Bahn: Streiks am Freitag<\/h2>\n<p class=\"_1LCsObWXtjVxV8x0penxZ- _11fmoMP_TcDcAXxrDnmzxq  Q5wZ3Z9Z4BMvn5tmRgFF9    sc-cbTzjv kUqjoh richtextComponent\">Bei der <a class=\"_3PhEcr521VVfg1XpVGwFLq  sc-bdvvtL goIptw\" href=\"https:\/\/www.bahn.de\/\" target=\"_blank\" rel=\"nofollow noopener\" data-tracking=\"{&quot;click&quot;:{&quot;element&quot;:&quot;richtext_link&quot;,&quot;label&quot;:&quot;https:\/\/www.bahn.de\/&quot;}}\" data-testid=\"richtext-link\">Deutschen Bahn<\/a>* und anderen Bahnunternehmen gibt es am Freitag, 21. April, weitere Warnstreiks in ganz Deutschland. Dazu hat die Eisenbahn- und Verkehrsgewerkschaft (EVG) aufgerufen. <b>Zwischen 3 und 13 Uhr <\/b>soll auf der Schiene nichts mehr gehen.<\/p>\n<p class=\"_1LCsObWXtjVxV8x0penxZ- _11fmoMP_TcDcAXxrDnmzxq  Q5wZ3Z9Z4BMvn5tmRgFF9    sc-cbTzjv kUqjoh richtextComponent\">Insbesondere der <b>Fernverkehr<\/b> d\u00fcrfte den ganzen Tag \u00fcber betroffen sein, weil die Z\u00fcge am Morgen nicht auf die Strecke gebracht werden k\u00f6nnen. Aber auch der <b>Regionalverkehr <\/b>f\u00e4llt vormittags weitgehend aus. Die Deutsche Bahn r\u00e4t: &#8222;Alle, die umplanen k\u00f6nnen, sollten das tun&#8220;. Ob ICE und IC grunds\u00e4tzlich in den Depots bleiben m\u00fcssen, ist noch nicht sicher.<\/p>\n<h2 id=\"verdi-streik-an-drei-flughaefen-ab-donnerstag\" class=\"_3zBiXS0-XUoow9ihHCZSvf YtkX_a9mrN7Zk0Nj2A3cp  \n\n     sc-ksHpcM GUybE richtextComponent\">Verdi-Streik an drei Flugh\u00e4fen ab Donnerstag<\/h2>\n<h3>&#8230;<\/h3>\n<\/blockquote>\n","protected":false},"excerpt":{"rendered":"<p>(Quelle: https:\/\/www.adac.de\/news\/streik-deutschland-verkehr\/) Neue Streiks in Deutschland: Die n\u00e4chsten Arbeitsniederlegungen bei der Bahn und an mehreren Flugh\u00e4fen stehen unmittelbar bevor. Update: Rund 700 Fl\u00fcge fallen wegen des Streiks aus Bei der Bahn wird am Freitag, 21. April, landesweit gestreikt Verdi ruft zu Streiks an drei Flugh\u00e4fen auf Reisende sowie Pendlerinnen und Pendlern in Deutschland stehen neue &#8230; <a title=\"Neue Bahn- und Flughafen-Streiks in Deutschland\" class=\"read-more\" href=\"https:\/\/rt-europaallee.de\/wordpress\/2023\/04\/neue-bahn-und-flughafen-streiks-in-deutschland\/\" aria-label=\"Mehr Informationen \u00fcber Neue Bahn- und Flughafen-Streiks in Deutschland\">Weiterlesen<\/a><\/p>\n","protected":false},"author":3,"featured_media":0,"comment_status":"closed","ping_status":"open","sticky":false,"template":"","format":"standard","meta":{"footnotes":""},"categories":[1],"tags":[],"class_list":["post-14563","post","type-post","status-publish","format-standard","hentry","category-allgemein"],"_links":{"self":[{"href":"https:\/\/rt-europaallee.de\/wordpress\/wp-json\/wp\/v2\/posts\/14563","targetHints":{"allow":["GET"]}}],"collection":[{"href":"https:\/\/rt-europaallee.de\/wordpress\/wp-json\/wp\/v2\/posts"}],"about":[{"href":"https:\/\/rt-europaallee.de\/wordpress\/wp-json\/wp\/v2\/types\/post"}],"author":[{"embeddable":true,"href":"https:\/\/rt-europaallee.de\/wordpress\/wp-json\/wp\/v2\/users\/3"}],"replies":[{"embeddable":true,"href":"https:\/\/rt-europaallee.de\/wordpress\/wp-json\/wp\/v2\/comments?post=14563"}],"version-history":[{"count":1,"href":"https:\/\/rt-europaallee.de\/wordpress\/wp-json\/wp\/v2\/posts\/14563\/revisions"}],"predecessor-version":[{"id":14564,"href":"https:\/\/rt-europaallee.de\/wordpress\/wp-json\/wp\/v2\/posts\/14563\/revisions\/14564"}],"wp:attachment":[{"href":"https:\/\/rt-europaallee.de\/wordpress\/wp-json\/wp\/v2\/media?parent=14563"}],"wp:term":[{"taxonomy":"category","embeddable":true,"href":"https:\/\/rt-europaallee.de\/wordpress\/wp-json\/wp\/v2\/categories?post=14563"},{"taxonomy":"post_tag","embeddable":true,"href":"https:\/\/rt-europaallee.de\/wordpress\/wp-json\/wp\/v2\/tags?post=14563"}],"curies":[{"name":"wp","href":"https:\/\/api.w.org\/{rel}","templated":true}]}}