{"id":14567,"date":"2023-04-20T00:34:55","date_gmt":"2023-04-19T22:34:55","guid":{"rendered":"http:\/\/rt-europaallee.org\/wordpress\/?p=14567"},"modified":"2023-04-20T00:34:55","modified_gmt":"2023-04-19T22:34:55","slug":"aufruf-an-groner-vereine-und-institutionen-sich-am-grossen-kirmesumzug-am-03-09-2023-zu-beteiligen","status":"publish","type":"post","link":"https:\/\/rt-europaallee.de\/wordpress\/2023\/04\/aufruf-an-groner-vereine-und-institutionen-sich-am-grossen-kirmesumzug-am-03-09-2023-zu-beteiligen\/","title":{"rendered":"Aufruf an Groner Vereine und Institutionen, sich am &#8222;Gro\u00dfen Kirmesumzug&#8220; am 03.09.2023 zu beteiligen."},"content":{"rendered":"<p>(Quelle:\u00a0<a href=\"https:\/\/www.facebook.com\/GronerKirmes\/posts\/pfbid015qJFV22nsEkR2gmyCvZ6DNizNWgQwbhBYo6JCywtGuPFRHg7dzr1qXqPVmPz3u8l\">https:\/\/www.facebook.com\/GronerKirmes\/posts\/pfbid015qJFV22nsEkR2gmyCvZ6DNizNWgQwbhBYo6JCywtGuPFRHg7dzr1qXqPVmPz3u8l<\/a>)<\/p>\n<blockquote>\n<div class=\"x78zum5 xqtp20y x1emribx\">\n<h3 class=\"x1vqgdyp x100vrsf\"><em><a class=\"x1i10hfl xjbqb8w x6umtig x1b1mbwd xaqea5y xav7gou x9f619 x1ypdohk xt0psk2 xe8uvvx xdj266r x11i5rnm xat24cr x1mh8g0r xexx8yu x4uap5 x18d9i69 xkhd6sd x16tdsg8 x1hl2dhg xggy1nq x1a2a7pz xt0b8zv xzsf02u x1s688f\" tabindex=\"0\" role=\"link\" href=\"https:\/\/www.facebook.com\/GronerKirmes?__cft__[0]=AZV6nLCoN6oxxtza57hgeQajJF9MR1uhIdcdk8_Urxyt2gxuSiOImL1U2VDIupKa9bBth1DGZDjiTKMD2ybVfZDGeQlVymI63iPEW2K8xtJaQRRANQCiuaurlh6aKvTKZ4Os8viYsD41_I4lM7fqrS6SMzO58Sw5JmBtD_03qhiWYQ&amp;__tn__=-UC%2CP-R\"><strong>Groner Kirmes<\/strong><\/a><\/em><\/h3>\n<\/div>\n<div>\n<div class=\"\" dir=\"auto\">\n<div id=\":r11:\" class=\"x1iorvi4 x1pi30zi x1swvt13 xjkvuk6\" data-ad-comet-preview=\"message\" data-ad-preview=\"message\">\n<div class=\"x78zum5 xdt5ytf xz62fqu x16ldp7u\">\n<div class=\"xu06os2 x1ok221b\">\n<div class=\"x11i5rnm xat24cr x1mh8g0r x1vvkbs xdj266r x126k92a\">\n<div dir=\"auto\"><em>Am Sonntag, den 03.09.2023, startet wieder der &#8222;Gro\u00dfe Kirmesumzug&#8220; durch Grone. Es wird in diesem Jahr einer der gr\u00f6\u00dften Umz\u00fcge in S\u00fcdniedersachsen, unter Beteiligung zahlreicher Vereine und insgesamt 7 Musikz\u00fcgen, sein.<\/em><\/div>\n<\/div>\n<div class=\"x11i5rnm xat24cr x1mh8g0r x1vvkbs xtlvy1s x126k92a\">\n<div dir=\"auto\"><em>P\u00fcnktlich ab 14.00 Uhr beginnt der Umzug unter Beteiligung folgender Musikz\u00fcge :<\/em><\/div>\n<\/div>\n<div class=\"x11i5rnm xat24cr x1mh8g0r x1vvkbs xtlvy1s x126k92a\">\n<div dir=\"auto\"><em>&#8211; SZ Dransfeld 1965<\/em><\/div>\n<div dir=\"auto\"><em>&#8211; Schalmeienzug Osterhagen<\/em><\/div>\n<div dir=\"auto\"><em>&#8211; Drum &amp; Bugle Corps Red Stars<\/em><\/div>\n<div dir=\"auto\"><em>&#8211; SP Gieboldehausen<\/em><\/div>\n<div dir=\"auto\"><em>&#8211; FZ Barbis<\/em><\/div>\n<div dir=\"auto\"><em>&#8211; SteelGrey 64 Dransfeld<\/em><\/div>\n<div dir=\"auto\"><em>&#8211; Pipes und Drums<\/em><\/div>\n<\/div>\n<div class=\"x11i5rnm xat24cr x1mh8g0r x1vvkbs xtlvy1s x126k92a\">\n<div dir=\"auto\"><em>Alle Groner Vereine und Institutionen haben den Aufruf erhalten, sich am &#8222;Gro\u00dfen Kirmesumzug&#8220; zu beteiligen. Es besteht wieder die Teilnahme als Fu\u00df- oder Wagengruppe.<\/em><\/div>\n<\/div>\n<div class=\"x11i5rnm xat24cr x1mh8g0r x1vvkbs xtlvy1s x126k92a\">\n<div dir=\"auto\"><em>Erfahrungsgem\u00e4\u00df s\u00e4umen tausende G\u00e4ste die Strassen im Altdorf von Grone.<\/em><\/div>\n<\/div>\n<div class=\"x11i5rnm xat24cr x1mh8g0r x1vvkbs xtlvy1s x126k92a\">\n<div dir=\"auto\"><em>Wir freuen uns, wenn auch Sie \/ Ihr dabei seit.<\/em><\/div>\n<div dir=\"auto\"><em>\u00a0<\/em><\/div>\n<div dir=\"auto\"><em><img decoding=\"async\" class=\"x1bwycvy x193iq5w x4fas0m x19kjcj4\" src=\"https:\/\/scontent-ham3-1.xx.fbcdn.net\/v\/t39.30808-6\/337108841_142126898784788_3839553511557601065_n.jpg?_nc_cat=106&amp;ccb=1-7&amp;_nc_sid=8bfeb9&amp;_nc_ohc=ivmW0Sr7hF0AX-PvA_9&amp;_nc_ht=scontent-ham3-1.xx&amp;oh=00_AfC4QJkuieRxe1PTfPdrsX63LVM8JxpK8ZoaH9_LYcPaRA&amp;oe=64459406\" alt=\"Ist m\u00f6glicherweise ein Bild von Text \u201eFamiliener Groner \u03b3\u0395 Familie Volkskirmes skirmes 01.09. 01.09.bis04.09.20 bis 04.09.2023\u201c\" data-visualcompletion=\"media-vc-image\" \/><\/em><\/div>\n<div dir=\"auto\"><em>(<a href=\"https:\/\/www.facebook.com\/photo\/?fbid=221078107107665&amp;set=pb.100076164317706.-2207520000.\">https:\/\/www.facebook.com\/photo\/?fbid=221078107107665&amp;set=pb.100076164317706.-2207520000.<\/a>)<\/em><\/div>\n<\/div>\n<\/div>\n<\/div>\n<\/div>\n<\/div>\n<\/div>\n<\/blockquote>\n","protected":false},"excerpt":{"rendered":"<p>(Quelle:\u00a0https:\/\/www.facebook.com\/GronerKirmes\/posts\/pfbid015qJFV22nsEkR2gmyCvZ6DNizNWgQwbhBYo6JCywtGuPFRHg7dzr1qXqPVmPz3u8l) Groner Kirmes Am Sonntag, den 03.09.2023, startet wieder der &#8222;Gro\u00dfe Kirmesumzug&#8220; durch Grone. Es wird in diesem Jahr einer der gr\u00f6\u00dften Umz\u00fcge in S\u00fcdniedersachsen, unter Beteiligung zahlreicher Vereine und insgesamt 7 Musikz\u00fcgen, sein. P\u00fcnktlich ab 14.00 Uhr beginnt der Umzug unter Beteiligung folgender Musikz\u00fcge : &#8211; SZ Dransfeld 1965 &#8211; Schalmeienzug Osterhagen &#8211; Drum &#8230; <a title=\"Aufruf an Groner Vereine und Institutionen, sich am &#8222;Gro\u00dfen Kirmesumzug&#8220; am 03.09.2023 zu beteiligen.\" class=\"read-more\" href=\"https:\/\/rt-europaallee.de\/wordpress\/2023\/04\/aufruf-an-groner-vereine-und-institutionen-sich-am-grossen-kirmesumzug-am-03-09-2023-zu-beteiligen\/\" aria-label=\"Mehr Informationen \u00fcber Aufruf an Groner Vereine und Institutionen, sich am &#8222;Gro\u00dfen Kirmesumzug&#8220; am 03.09.2023 zu beteiligen.\">Weiterlesen<\/a><\/p>\n","protected":false},"author":3,"featured_media":0,"comment_status":"closed","ping_status":"open","sticky":false,"template":"","format":"standard","meta":{"footnotes":""},"categories":[1],"tags":[],"class_list":["post-14567","post","type-post","status-publish","format-standard","hentry","category-allgemein"],"_links":{"self":[{"href":"https:\/\/rt-europaallee.de\/wordpress\/wp-json\/wp\/v2\/posts\/14567","targetHints":{"allow":["GET"]}}],"collection":[{"href":"https:\/\/rt-europaallee.de\/wordpress\/wp-json\/wp\/v2\/posts"}],"about":[{"href":"https:\/\/rt-europaallee.de\/wordpress\/wp-json\/wp\/v2\/types\/post"}],"author":[{"embeddable":true,"href":"https:\/\/rt-europaallee.de\/wordpress\/wp-json\/wp\/v2\/users\/3"}],"replies":[{"embeddable":true,"href":"https:\/\/rt-europaallee.de\/wordpress\/wp-json\/wp\/v2\/comments?post=14567"}],"version-history":[{"count":1,"href":"https:\/\/rt-europaallee.de\/wordpress\/wp-json\/wp\/v2\/posts\/14567\/revisions"}],"predecessor-version":[{"id":14568,"href":"https:\/\/rt-europaallee.de\/wordpress\/wp-json\/wp\/v2\/posts\/14567\/revisions\/14568"}],"wp:attachment":[{"href":"https:\/\/rt-europaallee.de\/wordpress\/wp-json\/wp\/v2\/media?parent=14567"}],"wp:term":[{"taxonomy":"category","embeddable":true,"href":"https:\/\/rt-europaallee.de\/wordpress\/wp-json\/wp\/v2\/categories?post=14567"},{"taxonomy":"post_tag","embeddable":true,"href":"https:\/\/rt-europaallee.de\/wordpress\/wp-json\/wp\/v2\/tags?post=14567"}],"curies":[{"name":"wp","href":"https:\/\/api.w.org\/{rel}","templated":true}]}}