{"id":14572,"date":"2023-04-23T11:26:12","date_gmt":"2023-04-23T09:26:12","guid":{"rendered":"http:\/\/rt-europaallee.org\/wordpress\/?p=14572"},"modified":"2023-04-23T11:26:12","modified_gmt":"2023-04-23T09:26:12","slug":"innenstadtwache-der-goettinger-polizei-zieht-um","status":"publish","type":"post","link":"https:\/\/rt-europaallee.de\/wordpress\/2023\/04\/innenstadtwache-der-goettinger-polizei-zieht-um\/","title":{"rendered":"Innenstadtwache der G\u00f6ttinger Polizei zieht um!"},"content":{"rendered":"<p>(Quelle: <a href=\"https:\/\/www.facebook.com\/polizeidirektion.goettingen\/photos\/a.485123801503220\/7036256619723206\/\">https:\/\/www.facebook.com\/polizeidirektion.goettingen\/photos\/a.485123801503220\/7036256619723206\/<\/a>)<\/p>\n<blockquote>\n<div class=\"x78zum5 xqtp20y x1emribx\">\n<h3 class=\"x1vqgdyp x100vrsf\"><a class=\"x1i10hfl xjbqb8w x6umtig x1b1mbwd xaqea5y xav7gou x9f619 x1ypdohk xt0psk2 xe8uvvx xdj266r x11i5rnm xat24cr x1mh8g0r xexx8yu x4uap5 x18d9i69 xkhd6sd x16tdsg8 x1hl2dhg xggy1nq x1a2a7pz xt0b8zv xzsf02u x1s688f\" style=\"font-family: Roboto, sans-serif; font-size: 30px;\" tabindex=\"0\" role=\"link\" href=\"https:\/\/www.facebook.com\/polizeidirektion.goettingen\/?__tn__=-UC*F\">Polizei G\u00f6ttingen<\/a><\/h3>\n<\/div>\n<div class=\"x78zum5 xdt5ytf xz62fqu x16ldp7u\">\n<div class=\"xu06os2 x1ok221b\"><span class=\"x3nfvp2 x1j61x8r x1fcty0u xdj266r xhhsvwb xat24cr xgzva0m xxymvpz xlup9mm x1kky2od\" style=\"color: inherit; font-size: 1.2em;\"><img loading=\"lazy\" decoding=\"async\" src=\"https:\/\/static.xx.fbcdn.net\/images\/emoji.php\/v9\/t40\/1\/16\/25b6.png\" alt=\"\u25b6\" width=\"16\" height=\"16\" \/><\/span><span style=\"color: inherit; font-size: 1.2em;\"> Ab dem kommenden Montag (24.04.23) ist die Innenstadtwache der G\u00f6ttinger Polizei am Markt 3 nicht mehr besetzt!<\/span><\/div>\n<\/div>\n<div class=\"xyinxu5 x4uap5 x1g2khh7 xkhd6sd\"><span class=\"x193iq5w xeuugli x13faqbe x1vvkbs x1xmvt09 x1lliihq x1s928wv xhkezso x1gmr53x x1cpjm7i x1fgarty x1943h6x xudqn12 x3x7a5m x6prxxf xvq8zen xo1l8bm xzsf02u\" dir=\"auto\"><br \/>\nDer Grund sind Umzugsarbeiten. Bis die neuen Dienstr\u00e4ume &#8222;voll einsatzbereit&#8220; sind, versehen unsere <span class=\"x3nfvp2 x1j61x8r x1fcty0u xdj266r xhhsvwb xat24cr xgzva0m xxymvpz xlup9mm x1kky2od\"><img loading=\"lazy\" decoding=\"async\" src=\"https:\/\/static.xx.fbcdn.net\/images\/emoji.php\/v9\/t29\/1\/16\/1f46e_200d_2640.png\" alt=\"\ud83d\udc6e\u200d\u2640\" width=\"16\" height=\"16\" \/><\/span><span class=\"x3nfvp2 x1j61x8r x1fcty0u xdj266r xhhsvwb xat24cr xgzva0m xxymvpz xlup9mm x1kky2od\"><img loading=\"lazy\" decoding=\"async\" src=\"https:\/\/static.xx.fbcdn.net\/images\/emoji.php\/v9\/t2b\/1\/16\/1f46e_200d_2642.png\" alt=\"\ud83d\udc6e\u200d\u2642\" width=\"16\" height=\"16\" \/><\/span> ihren Dienst vor\u00fcbergehend von der Hauptwache an der Groner Landstra\u00dfe 51. Diese ist 24\/7 unter <span class=\"x3nfvp2 x1j61x8r x1fcty0u xdj266r xhhsvwb xat24cr xgzva0m xxymvpz xlup9mm x1kky2od\"><img loading=\"lazy\" decoding=\"async\" src=\"https:\/\/static.xx.fbcdn.net\/images\/emoji.php\/v9\/t22\/1\/16\/260e.png\" alt=\"\u260e\" width=\"16\" height=\"16\" \/><\/span> 0551\/491-2115 erreichbar.<\/p>\n<p><span class=\"x3nfvp2 x1j61x8r x1fcty0u xdj266r xhhsvwb xat24cr xgzva0m xxymvpz xlup9mm x1kky2od\"><img loading=\"lazy\" decoding=\"async\" src=\"https:\/\/static.xx.fbcdn.net\/images\/emoji.php\/v9\/t51\/1\/16\/1f449.png\" alt=\"\ud83d\udc49\" width=\"16\" height=\"16\" \/><\/span> In dringenden Notf\u00e4llen stehen wir \u00fcber den Notruf 110 zur Verf\u00fcgung.<\/span><\/div>\n<div><\/div>\n<div><img decoding=\"async\" class=\"x85a59c x193iq5w x4fas0m x19kjcj4\" src=\"https:\/\/scontent-ham3-1.xx.fbcdn.net\/v\/t39.30808-6\/342798212_2174342659429337_1464242576589741290_n.jpg?_nc_cat=101&amp;ccb=1-7&amp;_nc_sid=9267fe&amp;_nc_ohc=HMY8qfOdGAkAX9dfSZA&amp;_nc_ht=scontent-ham3-1.xx&amp;oh=00_AfA04rhGX7RSdUz-2ivdQ_mXm32ks6ISX-PQkJPta-hOAw&amp;oe=6449A022\" alt=\"Ist m\u00f6glicherweise ein Bild von 1 Person und Text \u201e\u4e00 1 POLIZEI G\u00d6TTINGEN Umzug der Innenstadtwache\u201c\" data-visualcompletion=\"media-vc-image\" \/><\/div>\n<div>(<a href=\"https:\/\/www.facebook.com\/polizeidirektion.goettingen\/photos\/a.485123801503220\/7036256619723206\/\">https:\/\/www.facebook.com\/polizeidirektion.goettingen\/photos\/a.485123801503220\/7036256619723206\/<\/a>)<\/div>\n<\/blockquote>\n","protected":false},"excerpt":{"rendered":"<p>(Quelle: https:\/\/www.facebook.com\/polizeidirektion.goettingen\/photos\/a.485123801503220\/7036256619723206\/) Polizei G\u00f6ttingen Ab dem kommenden Montag (24.04.23) ist die Innenstadtwache der G\u00f6ttinger Polizei am Markt 3 nicht mehr besetzt! Der Grund sind Umzugsarbeiten. Bis die neuen Dienstr\u00e4ume &#8222;voll einsatzbereit&#8220; sind, versehen unsere ihren Dienst vor\u00fcbergehend von der Hauptwache an der Groner Landstra\u00dfe 51. Diese ist 24\/7 unter 0551\/491-2115 erreichbar. In dringenden Notf\u00e4llen stehen &#8230; <a title=\"Innenstadtwache der G\u00f6ttinger Polizei zieht um!\" class=\"read-more\" href=\"https:\/\/rt-europaallee.de\/wordpress\/2023\/04\/innenstadtwache-der-goettinger-polizei-zieht-um\/\" aria-label=\"Mehr Informationen \u00fcber Innenstadtwache der G\u00f6ttinger Polizei zieht um!\">Weiterlesen<\/a><\/p>\n","protected":false},"author":3,"featured_media":0,"comment_status":"closed","ping_status":"open","sticky":false,"template":"","format":"standard","meta":{"footnotes":""},"categories":[1],"tags":[],"class_list":["post-14572","post","type-post","status-publish","format-standard","hentry","category-allgemein"],"_links":{"self":[{"href":"https:\/\/rt-europaallee.de\/wordpress\/wp-json\/wp\/v2\/posts\/14572","targetHints":{"allow":["GET"]}}],"collection":[{"href":"https:\/\/rt-europaallee.de\/wordpress\/wp-json\/wp\/v2\/posts"}],"about":[{"href":"https:\/\/rt-europaallee.de\/wordpress\/wp-json\/wp\/v2\/types\/post"}],"author":[{"embeddable":true,"href":"https:\/\/rt-europaallee.de\/wordpress\/wp-json\/wp\/v2\/users\/3"}],"replies":[{"embeddable":true,"href":"https:\/\/rt-europaallee.de\/wordpress\/wp-json\/wp\/v2\/comments?post=14572"}],"version-history":[{"count":1,"href":"https:\/\/rt-europaallee.de\/wordpress\/wp-json\/wp\/v2\/posts\/14572\/revisions"}],"predecessor-version":[{"id":14573,"href":"https:\/\/rt-europaallee.de\/wordpress\/wp-json\/wp\/v2\/posts\/14572\/revisions\/14573"}],"wp:attachment":[{"href":"https:\/\/rt-europaallee.de\/wordpress\/wp-json\/wp\/v2\/media?parent=14572"}],"wp:term":[{"taxonomy":"category","embeddable":true,"href":"https:\/\/rt-europaallee.de\/wordpress\/wp-json\/wp\/v2\/categories?post=14572"},{"taxonomy":"post_tag","embeddable":true,"href":"https:\/\/rt-europaallee.de\/wordpress\/wp-json\/wp\/v2\/tags?post=14572"}],"curies":[{"name":"wp","href":"https:\/\/api.w.org\/{rel}","templated":true}]}}