{"id":14574,"date":"2023-04-23T11:51:18","date_gmt":"2023-04-23T09:51:18","guid":{"rendered":"http:\/\/rt-europaallee.org\/wordpress\/?p=14574"},"modified":"2023-04-23T11:54:27","modified_gmt":"2023-04-23T09:54:27","slug":"oeffentlicher-dienst-tarifparteien-einigen-sich","status":"publish","type":"post","link":"https:\/\/rt-europaallee.de\/wordpress\/2023\/04\/oeffentlicher-dienst-tarifparteien-einigen-sich\/","title":{"rendered":"\u00d6ffentlicher Dienst: Tarifparteien einigen sich"},"content":{"rendered":"<div class=\"seitenkopf\">\n<div class=\"seitenkopf__media columns twelve m-twelve\">\n<div class=\"ts-picture__wrapper\">(Quelle: <a href=\"https:\/\/www.tagesschau.de\/wirtschaft\/tarifstreit-oeffentlicher-dienst-117.html\">https:\/\/www.tagesschau.de\/wirtschaft\/tarifstreit-oeffentlicher-dienst-117.html<\/a>)<\/div>\n<\/div>\n<\/div>\n<div class=\"seitenkopf\">\n<div class=\"seitenkopf__data columns twelve  m-ten  m-offset-one l-eight l-offset-two\">\n<div class=\"seitenkopf__title\">\n<p class=\"seitenkopf__headline\">\n<p class=\"seitenkopf__headline\"><span class=\"seitenkopf__topline\">\u00d6ffentlicher Dienst <\/span><\/p>\n<blockquote>\n<h2 class=\"seitenkopf__headline\"><span class=\"seitenkopf__headline--text\">Tarifparteien einigen sich<\/span><\/h2>\n<div class=\"metatextline\">Stand: 23.04.2023 10:31 Uhr<\/div>\n<\/blockquote>\n<\/div>\n<\/div>\n<\/div>\n<blockquote>\n<p class=\"m-ten  m-offset-one l-eight l-offset-two textabsatz columns twelve\"><strong>Nach mehrst\u00fcndigen Verhandlungen haben sich Bund, Kommunen und Gewerkschaften auf mehr Geld f\u00fcr Besch\u00e4ftigte im \u00f6ffentlichen Dienst geeinigt. M\u00f6gliche unbefristete Streiks sind damit vom Tisch.<\/strong><\/p>\n<p class=\"m-ten  m-offset-one l-eight l-offset-two textabsatz columns twelve\">Im Tarifstreit des \u00f6ffentlichen Dienstes haben sich Bund, Kommunen und Gewerkschaften auf mehr Geld f\u00fcr die 2,5 Millionen Besch\u00e4ftigten geeinigt. Das teilten Bundesinnenministerin Nancy Faeser sowie Vertreter der Gewerkschaft Ver.di und des Beamtenbundes dbb nach mehrst\u00fcndigen Verhandlungen in Potsdam mit.<\/p>\n<h3>,,,<\/h3>\n<\/blockquote>\n","protected":false},"excerpt":{"rendered":"<p>(Quelle: https:\/\/www.tagesschau.de\/wirtschaft\/tarifstreit-oeffentlicher-dienst-117.html) \u00d6ffentlicher Dienst Tarifparteien einigen sich Stand: 23.04.2023 10:31 Uhr Nach mehrst\u00fcndigen Verhandlungen haben sich Bund, Kommunen und Gewerkschaften auf mehr Geld f\u00fcr Besch\u00e4ftigte im \u00f6ffentlichen Dienst geeinigt. M\u00f6gliche unbefristete Streiks sind damit vom Tisch. Im Tarifstreit des \u00f6ffentlichen Dienstes haben sich Bund, Kommunen und Gewerkschaften auf mehr Geld f\u00fcr die 2,5 Millionen Besch\u00e4ftigten &#8230; <a title=\"\u00d6ffentlicher Dienst: Tarifparteien einigen sich\" class=\"read-more\" href=\"https:\/\/rt-europaallee.de\/wordpress\/2023\/04\/oeffentlicher-dienst-tarifparteien-einigen-sich\/\" aria-label=\"Mehr Informationen \u00fcber \u00d6ffentlicher Dienst: Tarifparteien einigen sich\">Weiterlesen<\/a><\/p>\n","protected":false},"author":3,"featured_media":0,"comment_status":"closed","ping_status":"open","sticky":false,"template":"","format":"standard","meta":{"footnotes":""},"categories":[1],"tags":[],"class_list":["post-14574","post","type-post","status-publish","format-standard","hentry","category-allgemein"],"_links":{"self":[{"href":"https:\/\/rt-europaallee.de\/wordpress\/wp-json\/wp\/v2\/posts\/14574","targetHints":{"allow":["GET"]}}],"collection":[{"href":"https:\/\/rt-europaallee.de\/wordpress\/wp-json\/wp\/v2\/posts"}],"about":[{"href":"https:\/\/rt-europaallee.de\/wordpress\/wp-json\/wp\/v2\/types\/post"}],"author":[{"embeddable":true,"href":"https:\/\/rt-europaallee.de\/wordpress\/wp-json\/wp\/v2\/users\/3"}],"replies":[{"embeddable":true,"href":"https:\/\/rt-europaallee.de\/wordpress\/wp-json\/wp\/v2\/comments?post=14574"}],"version-history":[{"count":3,"href":"https:\/\/rt-europaallee.de\/wordpress\/wp-json\/wp\/v2\/posts\/14574\/revisions"}],"predecessor-version":[{"id":14577,"href":"https:\/\/rt-europaallee.de\/wordpress\/wp-json\/wp\/v2\/posts\/14574\/revisions\/14577"}],"wp:attachment":[{"href":"https:\/\/rt-europaallee.de\/wordpress\/wp-json\/wp\/v2\/media?parent=14574"}],"wp:term":[{"taxonomy":"category","embeddable":true,"href":"https:\/\/rt-europaallee.de\/wordpress\/wp-json\/wp\/v2\/categories?post=14574"},{"taxonomy":"post_tag","embeddable":true,"href":"https:\/\/rt-europaallee.de\/wordpress\/wp-json\/wp\/v2\/tags?post=14574"}],"curies":[{"name":"wp","href":"https:\/\/api.w.org\/{rel}","templated":true}]}}