{"id":14653,"date":"2023-05-05T15:03:12","date_gmt":"2023-05-05T13:03:12","guid":{"rendered":"http:\/\/rt-europaallee.org\/wordpress\/?p=14653"},"modified":"2023-05-07T03:59:19","modified_gmt":"2023-05-07T01:59:19","slug":"pol-goe-213-2023-wo-ist-jamie-s-15-jaehriger-aus-goettingen-seit-mitte-april-vermisst","status":"publish","type":"post","link":"https:\/\/rt-europaallee.de\/wordpress\/2023\/05\/pol-goe-213-2023-wo-ist-jamie-s-15-jaehriger-aus-goettingen-seit-mitte-april-vermisst\/","title":{"rendered":"POL-G\u00d6: (213\/2023) Wo ist Jamie S.? &#8211; 15-J\u00e4hriger aus G\u00f6ttingen seit Mitte April vermisst &#8211; Er ist zu Hause!"},"content":{"rendered":"<div class=\"xu06os2 x1ok221b\">\n<p>Update:&nbsp;<a href=\"https:\/\/www.facebook.com\/polizeidirektion.goettingen\/photos\/a.485123801503220\/7082501818432019\">https:\/\/www.facebook.com\/polizeidirektion.goettingen\/photos\/a.485123801503220\/7082501818432019<\/a><\/p>\n<\/div>\n<blockquote>\n<div class=\"x78zum5 xqtp20y x1emribx\">\n<div class=\"x1vqgdyp x100vrsf\"><\/div>\n<\/div>\n<div class=\"x78zum5 xdt5ytf xz62fqu x16ldp7u\">\n<div class=\"xu06os2 x1ok221b\">\n<h3 id=\":r86:\" class=\"x1heor9g x1qlqyl8 x1pd3egz x1a2a7pz x1gslohp x1yc453h\"><span class=\"xt0psk2\"><a class=\"x1i10hfl xjbqb8w x6umtig x1b1mbwd xaqea5y xav7gou x9f619 x1ypdohk xt0psk2 xe8uvvx xdj266r x11i5rnm xat24cr x1mh8g0r xexx8yu x4uap5 x18d9i69 xkhd6sd x16tdsg8 x1hl2dhg xggy1nq x1a2a7pz xt0b8zv xzsf02u x1s688f\" tabindex=\"0\" role=\"link\" href=\"https:\/\/www.facebook.com\/polizeidirektion.goettingen\/?__cft__[0]=AZXasQ6sfT1RVYnQx8Pz-pnpgSJ9yJ5Uvjt8-ECQT16J9aHx3yjrJqVERw118y9jHJvG8Hv8kbCeeDWQnr8etB_r-YXqlhXJ0GdwcQU0tFFnRfcvKCac3TutcePcqtPeEWZmlRt_oGdi2cwQeXgI80nPE-TaXQXyUo4AA8W6aHOiLBJ9Z9eXU1Nse52-zhKZHJo&amp;__tn__=-UC%2CP-R\"><strong>Polizei G\u00f6ttingen<\/strong><\/a><\/span><span class=\"x1dor1uw x1n2onr6\">&nbsp;<\/span><\/h3>\n<\/div>\n<\/div>\n<div class=\"\" dir=\"auto\">\n<div id=\":r88:\" class=\"x1iorvi4 x1pi30zi x1l90r2v x1swvt13\" data-ad-comet-preview=\"message\" data-ad-preview=\"message\">\n<div class=\"x78zum5 xdt5ytf xz62fqu x16ldp7u\">\n<div class=\"xu06os2 x1ok221b\">\n<div class=\"xdj266r x11i5rnm xat24cr x1mh8g0r x1vvkbs x126k92a\">\n<div dir=\"auto\">+++ UPDATE +++<\/div>\n<\/div>\n<div class=\"x11i5rnm xat24cr x1mh8g0r x1vvkbs xtlvy1s x126k92a\">\n<div dir=\"auto\">Der Vermisste konnte wohlauf angetroffen und an seine Familie \u00fcbergeben werden!<\/div>\n<\/div>\n<div class=\"x11i5rnm xat24cr x1mh8g0r x1vvkbs xtlvy1s x126k92a\">\n<div dir=\"auto\">Wir bedanken uns f\u00fcr Eure Unterst\u00fctzung bei der Fahndung <span class=\"x3nfvp2 x1j61x8r x1fcty0u xdj266r xhhsvwb xat24cr xgzva0m xxymvpz xlup9mm x1kky2od\"><img loading=\"lazy\" decoding=\"async\" src=\"https:\/\/static.xx.fbcdn.net\/images\/emoji.php\/v9\/te3\/1\/16\/1f490.png\" alt=\"\ud83d\udc90\" width=\"16\" height=\"16\"><\/span><\/div>\n<\/div>\n<\/div>\n<\/div>\n<\/div>\n<\/div>\n<\/blockquote>\n<p>(Quelle: <a href=\"https:\/\/www.presseportal.de\/blaulicht\/pm\/119508\/5501871\">https:\/\/www.presseportal.de\/blaulicht\/pm\/119508\/5501871<\/a>)<\/p>\n<blockquote>\n<p class=\"date\"><time datetime=\"2023-05-05 10:08:12\">05.05.2023 \u2013 10:08<\/time><\/p>\n<p class=\"customer\"><a class=\"story-customer\" title=\"weiter zum newsroom von Polizeiinspektion G\u00f6ttingen\" href=\"https:\/\/www.presseportal.de\/blaulicht\/nr\/119508\">Polizeiinspektion G\u00f6ttingen<\/a><\/p>\n<h3>POL-G\u00d6: (213\/2023) Wo ist Jamie S.? &#8211; 15-J\u00e4hri<i><a class=\"story-city event-trigger\" title=\"News aus G\u00f6ttingen \" href=\"https:\/\/www.presseportal.de\/regional\/G%F6ttingen\" data-category=\"citylink-story-view\" data-action=\"click\" data-label=\"Citylink in Meldungsansicht\">ttingen<\/a> (ots)<\/i><\/h3>\n<p>G\u00d6TTINGEN (as) &#8211; Die Polizei in G\u00f6ttingen fahndet nach dem 15 Jahre alten Jamie S. aus G\u00f6ttingen. Der Sch\u00fcler wurde letztmalig am 19. April 2023 gegen 15.00 Uhr im Stadtgebiet von G\u00f6ttingen gesehen und ist seitdem unbekannten Aufenthaltes. Angeh\u00f6rige erstatteten eine Vermisstenanzeige.<\/p>\n<p>Jamie S. ist 159 cm gro\u00df, 50 kg schwer, schlanke Figur und hat schwarzes, kurzes gelocktes Haar. Zuletzt bekleidet war der Jugendliche mit schwarzer Bekleidung und wei\u00dfen Turnschuhen. Jamie tr\u00e4gt meistens Baggie-Hosen.<\/p>\n<p>Wer den Vermissten gesehen hat oder sonst sachdienliche Hinweise zu seinem Aufenthaltsort geben kann, wird gebeten, sich unter Telefon 0551\/491-2115 an die Polizei G\u00f6ttingen oder jede andere Polizeidienststelle zu wenden.<\/p>\n<p class=\"contact-headline\">R\u00fcckfragen bitte an:<\/p>\n<p class=\"contact-text\">Polizeiinspektion G\u00f6ttingen<br \/>\nPresse- und \u00d6ffentlichkeitsarbeit<br \/>\nAndr\u00e9 Sikulski<br \/>\nOtto-Hahn-Stra\u00dfe 2<br \/>\n37077 G\u00f6ttingen<br \/>\nTelefon: 0551 \/ 491-2032<br \/>\nE-Mail: <a class=\"uri-mailto\" href=\"mailto: pressestelle@pi-goe.polizei.niedersachsen.de\"> pressestelle@pi-goe.polizei.niedersachsen.de<\/a><br \/>\n<a class=\"uri-ext outbound\" href=\"http:\/\/www.pi-goe.polizei-nds.de\" target=\"_blank\" rel=\"noopener\">http:\/\/www.pi-goe.polizei-nds.de<\/a><\/p>\n<p class=\"originator\">Original-Content von: Polizeiinspektion G\u00f6ttingen, \u00fcbermittelt durch news aktuell<\/p>\n<\/blockquote>\n","protected":false},"excerpt":{"rendered":"<p>Update:&nbsp;https:\/\/www.facebook.com\/polizeidirektion.goettingen\/photos\/a.485123801503220\/7082501818432019 Polizei G\u00f6ttingen&nbsp; +++ UPDATE +++ Der Vermisste konnte wohlauf angetroffen und an seine Familie \u00fcbergeben werden! Wir bedanken uns f\u00fcr Eure Unterst\u00fctzung bei der Fahndung (Quelle: https:\/\/www.presseportal.de\/blaulicht\/pm\/119508\/5501871) 05.05.2023 \u2013 10:08 Polizeiinspektion G\u00f6ttingen POL-G\u00d6: (213\/2023) Wo ist Jamie S.? &#8211; 15-J\u00e4hrittingen (ots) G\u00d6TTINGEN (as) &#8211; Die Polizei in G\u00f6ttingen fahndet nach dem 15 Jahre alten &#8230; <a title=\"POL-G\u00d6: (213\/2023) Wo ist Jamie S.? &#8211; 15-J\u00e4hriger aus G\u00f6ttingen seit Mitte April vermisst &#8211; Er ist zu Hause!\" class=\"read-more\" href=\"https:\/\/rt-europaallee.de\/wordpress\/2023\/05\/pol-goe-213-2023-wo-ist-jamie-s-15-jaehriger-aus-goettingen-seit-mitte-april-vermisst\/\" aria-label=\"Mehr Informationen \u00fcber POL-G\u00d6: (213\/2023) Wo ist Jamie S.? &#8211; 15-J\u00e4hriger aus G\u00f6ttingen seit Mitte April vermisst &#8211; Er ist zu Hause!\">Weiterlesen<\/a><\/p>\n","protected":false},"author":3,"featured_media":0,"comment_status":"closed","ping_status":"open","sticky":false,"template":"","format":"standard","meta":{"footnotes":""},"categories":[1],"tags":[],"class_list":["post-14653","post","type-post","status-publish","format-standard","hentry","category-allgemein"],"_links":{"self":[{"href":"https:\/\/rt-europaallee.de\/wordpress\/wp-json\/wp\/v2\/posts\/14653","targetHints":{"allow":["GET"]}}],"collection":[{"href":"https:\/\/rt-europaallee.de\/wordpress\/wp-json\/wp\/v2\/posts"}],"about":[{"href":"https:\/\/rt-europaallee.de\/wordpress\/wp-json\/wp\/v2\/types\/post"}],"author":[{"embeddable":true,"href":"https:\/\/rt-europaallee.de\/wordpress\/wp-json\/wp\/v2\/users\/3"}],"replies":[{"embeddable":true,"href":"https:\/\/rt-europaallee.de\/wordpress\/wp-json\/wp\/v2\/comments?post=14653"}],"version-history":[{"count":4,"href":"https:\/\/rt-europaallee.de\/wordpress\/wp-json\/wp\/v2\/posts\/14653\/revisions"}],"predecessor-version":[{"id":14664,"href":"https:\/\/rt-europaallee.de\/wordpress\/wp-json\/wp\/v2\/posts\/14653\/revisions\/14664"}],"wp:attachment":[{"href":"https:\/\/rt-europaallee.de\/wordpress\/wp-json\/wp\/v2\/media?parent=14653"}],"wp:term":[{"taxonomy":"category","embeddable":true,"href":"https:\/\/rt-europaallee.de\/wordpress\/wp-json\/wp\/v2\/categories?post=14653"},{"taxonomy":"post_tag","embeddable":true,"href":"https:\/\/rt-europaallee.de\/wordpress\/wp-json\/wp\/v2\/tags?post=14653"}],"curies":[{"name":"wp","href":"https:\/\/api.w.org\/{rel}","templated":true}]}}