{"id":14667,"date":"2023-05-10T14:11:09","date_gmt":"2023-05-10T12:11:09","guid":{"rendered":"http:\/\/rt-europaallee.org\/wordpress\/?p=14667"},"modified":"2023-05-10T14:11:09","modified_gmt":"2023-05-10T12:11:09","slug":"stadtwerke-goettingen-ag-ladeinfrastruktur-fuer-e-fahrzeuge","status":"publish","type":"post","link":"https:\/\/rt-europaallee.de\/wordpress\/2023\/05\/stadtwerke-goettingen-ag-ladeinfrastruktur-fuer-e-fahrzeuge\/","title":{"rendered":"Stadtwerke G\u00f6ttingen AG: Ladeinfrastruktur f\u00fcr E-Fahrzeuge"},"content":{"rendered":"<p>(Quelle: <a href=\"https:\/\/www.facebook.com\/Stadtwerke.Goettingen\/posts\/pfbid0JpAe3vEY9UT66nwfo9Viiig5qMu4y37F1yLbr4Gs1VJnHzb2PuFxi2dFGR8ieKxTl\">https:\/\/www.facebook.com\/Stadtwerke.Goettingen\/posts\/pfbid0JpAe3vEY9UT66nwfo9Viiig5qMu4y37F1yLbr4Gs1VJnHzb2PuFxi2dFGR8ieKxTl<\/a>)<\/p>\n<p>\u00a0<\/p>\n<blockquote>\n<div class=\"x78zum5 xqtp20y x1emribx\">\n<div class=\"x1vqgdyp x100vrsf\">\u00a0<\/div>\n<\/div>\n<div class=\"x1iyjqo2\">\n<div class=\"x78zum5 xdt5ytf xz62fqu x16ldp7u\">\n<div class=\"xu06os2 x1ok221b\">\n<h3 id=\":r6p:\" class=\"x1heor9g x1qlqyl8 x1pd3egz x1a2a7pz x1gslohp x1yc453h\"><span class=\"x193iq5w xeuugli x13faqbe x1vvkbs x1xmvt09 x6prxxf xvq8zen xo1l8bm xi81zsa\"><strong><a class=\"x1i10hfl xjbqb8w x6umtig x1b1mbwd xaqea5y xav7gou x9f619 x1ypdohk xt0psk2 xe8uvvx xdj266r x11i5rnm xat24cr x1mh8g0r xexx8yu x4uap5 x18d9i69 xkhd6sd x16tdsg8 x1hl2dhg xggy1nq x1a2a7pz xt0b8zv xzsf02u x1s688f\" tabindex=\"0\" role=\"link\" href=\"https:\/\/www.facebook.com\/Stadtwerke.Goettingen\/?__cft__[0]=AZWE2qz9RbooXLrnfwlSQLETxf6kIJgCqyB-9OuBFzLiE5aDQiVI_nhTlvndhJzm-NyCnx_pt_0EZQSeWoa8OvJBBhFJaOPnH1d5NcI7uYuQKCvWS8UEkfCShLijp1Fn5bbRxPnlm2oERnLZwosWMW58&amp;__tn__=kC%2CP-R\"><span class=\"xt0psk2\">Stadtwerke G\u00f6ttingen AG<\/span><\/a><\/strong> ist hier: <strong><a class=\"x1i10hfl xjbqb8w x6umtig x1b1mbwd xaqea5y xav7gou x9f619 x1ypdohk xt0psk2 xe8uvvx xdj266r x11i5rnm xat24cr x1mh8g0r xexx8yu x4uap5 x18d9i69 xkhd6sd x16tdsg8 x1hl2dhg xggy1nq x1a2a7pz xt0b8zv xzsf02u x1s688f\" tabindex=\"0\" role=\"link\" href=\"https:\/\/www.facebook.com\/hfigoe?__cft__[0]=AZWE2qz9RbooXLrnfwlSQLETxf6kIJgCqyB-9OuBFzLiE5aDQiVI_nhTlvndhJzm-NyCnx_pt_0EZQSeWoa8OvJBBhFJaOPnH1d5NcI7uYuQKCvWS8UEkfCShLijp1Fn5bbRxPnlm2oERnLZwosWMW58&amp;__tn__=-]C%2CP-R\"><span class=\"xt0psk2\">Hotel Freizeit In<\/span><\/a><\/strong>.<\/span><\/h3>\n<\/div>\n<div class=\"xu06os2 x1ok221b\"><span class=\"x193iq5w xeuugli x13faqbe x1vvkbs x1xmvt09 x1lliihq x1s928wv xhkezso x1gmr53x x1cpjm7i x1fgarty x1943h6x x4zkp8e x676frb x1nxh6w3 x1sibtaa xo1l8bm xi81zsa x1yc453h\" dir=\"auto\"><span id=\":r6q:\"><a class=\"x1i10hfl xjbqb8w x6umtig x1b1mbwd xaqea5y xav7gou x9f619 x1ypdohk xt0psk2 xe8uvvx xdj266r x11i5rnm xat24cr x1mh8g0r xexx8yu x4uap5 x18d9i69 xkhd6sd x16tdsg8 x1hl2dhg xggy1nq x1a2a7pz x1heor9g xt0b8zv xo1l8bm\" tabindex=\"0\" role=\"link\" href=\"https:\/\/www.facebook.com\/pages\/G%C3%B6ttingen\/108157735878329?__cft__[0]=AZWE2qz9RbooXLrnfwlSQLETxf6kIJgCqyB-9OuBFzLiE5aDQiVI_nhTlvndhJzm-NyCnx_pt_0EZQSeWoa8OvJBBhFJaOPnH1d5NcI7uYuQKCvWS8UEkfCShLijp1Fn5bbRxPnlm2oERnLZwosWMW58&amp;__tn__=%2CP-R\">G\u00f6ttingen<\/a><span class=\"xh99ass\"><span class=\"xzpqnlu xjm9jq1 x6ikm8r x10wlt62 x10l6tqk x1i1rx1s\">\u00a0<\/span><span aria-hidden=\"true\"> \u00b7 <\/span><\/span><\/span><\/span><\/div>\n<\/div>\n<\/div>\n<div class=\"xqcrz7y x78zum5 x1qx5ct2 x1y1aw1k x1sxyh0 xwib8y2 xurb0ha xw4jnvo\">\n<div>\u00a0<\/div>\n<\/div>\n<div class=\"\" dir=\"auto\">\n<div id=\":r6r:\" class=\"x1iorvi4 x1pi30zi x1l90r2v x1swvt13\" data-ad-comet-preview=\"message\" data-ad-preview=\"message\">\n<div class=\"x78zum5 xdt5ytf xz62fqu x16ldp7u\">\n<div class=\"xu06os2 x1ok221b\">\n<div class=\"xdj266r x11i5rnm xat24cr x1mh8g0r x1vvkbs x126k92a\">\n<div dir=\"auto\">Wir geben alles, um G\u00f6ttingen auf dem Weg in die &#8222;Elektrifizierung der Gesellschaft&#8220; zu unterst\u00fctzen. Dazu geh\u00f6rt der Verkehrssektor und der damit verbundene Ausbau der Ladeinfrastruktur f\u00fcr E-Fahrzeuge. <span class=\"x3nfvp2 x1j61x8r x1fcty0u xdj266r xhhsvwb xat24cr xgzva0m xxymvpz xlup9mm x1kky2od\"><img loading=\"lazy\" decoding=\"async\" src=\"https:\/\/static.xx.fbcdn.net\/images\/emoji.php\/v9\/t5d\/1\/16\/26a1.png\" alt=\"\u26a1\ufe0f\" width=\"16\" height=\"16\" \/><\/span><span class=\"x3nfvp2 x1j61x8r x1fcty0u xdj266r xhhsvwb xat24cr xgzva0m xxymvpz xlup9mm x1kky2od\"><img loading=\"lazy\" decoding=\"async\" src=\"https:\/\/static.xx.fbcdn.net\/images\/emoji.php\/v9\/tec\/1\/16\/1f697.png\" alt=\"\ud83d\ude97\" width=\"16\" height=\"16\" \/><\/span><\/div>\n<\/div>\n<div class=\"x11i5rnm xat24cr x1mh8g0r x1vvkbs xtlvy1s x126k92a\">\n<div dir=\"auto\">Schon jetzt k\u00f6nnen Besitzer*innen von E-Autos in unserer Stadt an \u00fcber 150 Ladepunkten der Stadtwerke im \u00f6ffentlichen Raum gr\u00fcnen Strom tanken. Und der Ausbau geht weiter: Jedes Jahr sollen 50 neue Ladepunkte in G\u00f6ttingen dazu kommen. <span class=\"x3nfvp2 x1j61x8r x1fcty0u xdj266r xhhsvwb xat24cr xgzva0m xxymvpz xlup9mm x1kky2od\"><img loading=\"lazy\" decoding=\"async\" src=\"https:\/\/static.xx.fbcdn.net\/images\/emoji.php\/v9\/t68\/1\/16\/1f4aa_1f3fc.png\" alt=\"\ud83d\udcaa\ud83c\udffc\" width=\"16\" height=\"16\" \/><\/span><\/div>\n<div dir=\"auto\">Wichtige Standorte sind dabei auch Hotels wie z.B. das <a class=\"x1i10hfl xjbqb8w x6umtig x1b1mbwd xaqea5y xav7gou x9f619 x1ypdohk xt0psk2 xe8uvvx xdj266r x11i5rnm xat24cr x1mh8g0r xexx8yu x4uap5 x18d9i69 xkhd6sd x16tdsg8 x1hl2dhg xggy1nq x1a2a7pz xt0b8zv x1qq9wsj xo1l8bm\" tabindex=\"0\" role=\"link\" href=\"https:\/\/www.facebook.com\/hashtag\/freizeitin?__eep__=6&amp;__cft__[0]=AZWE2qz9RbooXLrnfwlSQLETxf6kIJgCqyB-9OuBFzLiE5aDQiVI_nhTlvndhJzm-NyCnx_pt_0EZQSeWoa8OvJBBhFJaOPnH1d5NcI7uYuQKCvWS8UEkfCShLijp1Fn5bbRxPnlm2oERnLZwosWMW58&amp;__tn__=*NK-R\">#FreizeitIn<\/a>. Hier haben wir mittlerweile &#8211; Dank der tollen Zusammenarbeit mit dem Hotel &#8211; sieben normale Ladepunkte mit 22 kW und zwei Schnellladepunkte mit 50 kW (DC) errichtet &#8211; was gerade f\u00fcr Durchreisende, die von der Autobahn kommen, interessant ist. <span class=\"x3nfvp2 x1j61x8r x1fcty0u xdj266r xhhsvwb xat24cr xgzva0m xxymvpz xlup9mm x1kky2od\"><img loading=\"lazy\" decoding=\"async\" src=\"https:\/\/static.xx.fbcdn.net\/images\/emoji.php\/v9\/t39\/1\/16\/1f3c1.png\" alt=\"\ud83c\udfc1\" width=\"16\" height=\"16\" \/><\/span><\/div>\n<\/div>\n<div class=\"x11i5rnm xat24cr x1mh8g0r x1vvkbs xtlvy1s x126k92a\">\n<div dir=\"auto\">Geh\u00f6rst Du auch zu den knapp 500 Fahrer*innen von E-Fahrzeugen, die unsere Ladeinfrastruktur am Hotel Freizeit In im ersten Quartal 2023 genutzt haben? <span class=\"x3nfvp2 x1j61x8r x1fcty0u xdj266r xhhsvwb xat24cr xgzva0m xxymvpz xlup9mm x1kky2od\"><img loading=\"lazy\" decoding=\"async\" src=\"https:\/\/static.xx.fbcdn.net\/images\/emoji.php\/v9\/tce\/1\/16\/1f600.png\" alt=\"\ud83d\ude00\" width=\"16\" height=\"16\" \/><\/span><\/div>\n<\/div>\n<div class=\"x11i5rnm xat24cr x1mh8g0r x1vvkbs xtlvy1s x126k92a\">\n<div dir=\"auto\"><a class=\"x1i10hfl xjbqb8w x6umtig x1b1mbwd xaqea5y xav7gou x9f619 x1ypdohk xt0psk2 xe8uvvx xdj266r x11i5rnm xat24cr x1mh8g0r xexx8yu x4uap5 x18d9i69 xkhd6sd x16tdsg8 x1hl2dhg xggy1nq x1a2a7pz xt0b8zv x1qq9wsj xo1l8bm\" tabindex=\"0\" role=\"link\" href=\"https:\/\/www.facebook.com\/hashtag\/emobilit%C3%A4t?__eep__=6&amp;__cft__[0]=AZWE2qz9RbooXLrnfwlSQLETxf6kIJgCqyB-9OuBFzLiE5aDQiVI_nhTlvndhJzm-NyCnx_pt_0EZQSeWoa8OvJBBhFJaOPnH1d5NcI7uYuQKCvWS8UEkfCShLijp1Fn5bbRxPnlm2oERnLZwosWMW58&amp;__tn__=*NK-R\">#EMobilit\u00e4t<\/a> <a class=\"x1i10hfl xjbqb8w x6umtig x1b1mbwd xaqea5y xav7gou x9f619 x1ypdohk xt0psk2 xe8uvvx xdj266r x11i5rnm xat24cr x1mh8g0r xexx8yu x4uap5 x18d9i69 xkhd6sd x16tdsg8 x1hl2dhg xggy1nq x1a2a7pz xt0b8zv x1qq9wsj xo1l8bm\" tabindex=\"0\" role=\"link\" href=\"https:\/\/www.facebook.com\/hashtag\/elades%C3%A4ulen?__eep__=6&amp;__cft__[0]=AZWE2qz9RbooXLrnfwlSQLETxf6kIJgCqyB-9OuBFzLiE5aDQiVI_nhTlvndhJzm-NyCnx_pt_0EZQSeWoa8OvJBBhFJaOPnH1d5NcI7uYuQKCvWS8UEkfCShLijp1Fn5bbRxPnlm2oERnLZwosWMW58&amp;__tn__=*NK-R\">#ELades\u00e4ulen<\/a> <a class=\"x1i10hfl xjbqb8w x6umtig x1b1mbwd xaqea5y xav7gou x9f619 x1ypdohk xt0psk2 xe8uvvx xdj266r x11i5rnm xat24cr x1mh8g0r xexx8yu x4uap5 x18d9i69 xkhd6sd x16tdsg8 x1hl2dhg xggy1nq x1a2a7pz xt0b8zv x1qq9wsj xo1l8bm\" tabindex=\"0\" role=\"link\" href=\"https:\/\/www.facebook.com\/hashtag\/g%C3%B6ttingen?__eep__=6&amp;__cft__[0]=AZWE2qz9RbooXLrnfwlSQLETxf6kIJgCqyB-9OuBFzLiE5aDQiVI_nhTlvndhJzm-NyCnx_pt_0EZQSeWoa8OvJBBhFJaOPnH1d5NcI7uYuQKCvWS8UEkfCShLijp1Fn5bbRxPnlm2oERnLZwosWMW58&amp;__tn__=*NK-R\">#G\u00f6ttingen<\/a><\/div>\n<div dir=\"auto\">\u00a0<\/div>\n<div dir=\"auto\"><img decoding=\"async\" class=\"x1bwycvy x193iq5w x4fas0m x19kjcj4\" src=\"https:\/\/scontent-ham3-1.xx.fbcdn.net\/v\/t39.30808-6\/346040973_1356832328210915_8724916414474955789_n.jpg?_nc_cat=108&amp;ccb=1-7&amp;_nc_sid=730e14&amp;_nc_ohc=5PmUP4L4aRoAX8SyPoK&amp;_nc_ht=scontent-ham3-1.xx&amp;oh=00_AfA9_XMyMbYZzTkTyY38dMo_ENH-4baK4pEmhIZ5OtoBmw&amp;oe=645FE375\" alt=\"Ist m\u00f6glicherweise ein Bild von Parkuhr und Text\" data-visualcompletion=\"media-vc-image\" \/><\/div>\n<div dir=\"auto\">(<a href=\"https:\/\/www.facebook.com\/Stadtwerke.Goettingen\/photos\/a.174555169266981\/6026173864105053\">https:\/\/www.facebook.com\/Stadtwerke.Goettingen\/photos\/a.174555169266981\/6026173864105053<\/a>)<\/div>\n<\/div>\n<\/div>\n<\/div>\n<\/div>\n<\/div>\n<\/blockquote>\n\n\n<p><\/p>\n","protected":false},"excerpt":{"rendered":"<p>(Quelle: https:\/\/www.facebook.com\/Stadtwerke.Goettingen\/posts\/pfbid0JpAe3vEY9UT66nwfo9Viiig5qMu4y37F1yLbr4Gs1VJnHzb2PuFxi2dFGR8ieKxTl) \u00a0 \u00a0 Stadtwerke G\u00f6ttingen AG ist hier: Hotel Freizeit In. G\u00f6ttingen\u00a0 \u00b7 \u00a0 Wir geben alles, um G\u00f6ttingen auf dem Weg in die &#8222;Elektrifizierung der Gesellschaft&#8220; zu unterst\u00fctzen. Dazu geh\u00f6rt der Verkehrssektor und der damit verbundene Ausbau der Ladeinfrastruktur f\u00fcr E-Fahrzeuge. Schon jetzt k\u00f6nnen Besitzer*innen von E-Autos in unserer Stadt an \u00fcber 150 &#8230; <a title=\"Stadtwerke G\u00f6ttingen AG: Ladeinfrastruktur f\u00fcr E-Fahrzeuge\" class=\"read-more\" href=\"https:\/\/rt-europaallee.de\/wordpress\/2023\/05\/stadtwerke-goettingen-ag-ladeinfrastruktur-fuer-e-fahrzeuge\/\" aria-label=\"Mehr Informationen \u00fcber Stadtwerke G\u00f6ttingen AG: Ladeinfrastruktur f\u00fcr E-Fahrzeuge\">Weiterlesen<\/a><\/p>\n","protected":false},"author":3,"featured_media":0,"comment_status":"closed","ping_status":"open","sticky":false,"template":"","format":"standard","meta":{"footnotes":""},"categories":[1],"tags":[],"class_list":["post-14667","post","type-post","status-publish","format-standard","hentry","category-allgemein"],"_links":{"self":[{"href":"https:\/\/rt-europaallee.de\/wordpress\/wp-json\/wp\/v2\/posts\/14667","targetHints":{"allow":["GET"]}}],"collection":[{"href":"https:\/\/rt-europaallee.de\/wordpress\/wp-json\/wp\/v2\/posts"}],"about":[{"href":"https:\/\/rt-europaallee.de\/wordpress\/wp-json\/wp\/v2\/types\/post"}],"author":[{"embeddable":true,"href":"https:\/\/rt-europaallee.de\/wordpress\/wp-json\/wp\/v2\/users\/3"}],"replies":[{"embeddable":true,"href":"https:\/\/rt-europaallee.de\/wordpress\/wp-json\/wp\/v2\/comments?post=14667"}],"version-history":[{"count":1,"href":"https:\/\/rt-europaallee.de\/wordpress\/wp-json\/wp\/v2\/posts\/14667\/revisions"}],"predecessor-version":[{"id":14668,"href":"https:\/\/rt-europaallee.de\/wordpress\/wp-json\/wp\/v2\/posts\/14667\/revisions\/14668"}],"wp:attachment":[{"href":"https:\/\/rt-europaallee.de\/wordpress\/wp-json\/wp\/v2\/media?parent=14667"}],"wp:term":[{"taxonomy":"category","embeddable":true,"href":"https:\/\/rt-europaallee.de\/wordpress\/wp-json\/wp\/v2\/categories?post=14667"},{"taxonomy":"post_tag","embeddable":true,"href":"https:\/\/rt-europaallee.de\/wordpress\/wp-json\/wp\/v2\/tags?post=14667"}],"curies":[{"name":"wp","href":"https:\/\/api.w.org\/{rel}","templated":true}]}}