{"id":14674,"date":"2023-05-10T14:44:59","date_gmt":"2023-05-10T12:44:59","guid":{"rendered":"http:\/\/rt-europaallee.org\/wordpress\/?p=14674"},"modified":"2023-05-10T14:44:59","modified_gmt":"2023-05-10T12:44:59","slug":"stadt-goettingen-termine-und-servicezeiten-rund-um-christi-himmelfahrt-18-05-2023","status":"publish","type":"post","link":"https:\/\/rt-europaallee.de\/wordpress\/2023\/05\/stadt-goettingen-termine-und-servicezeiten-rund-um-christi-himmelfahrt-18-05-2023\/","title":{"rendered":"Stadt G\u00f6ttingen: Termine und Servicezeiten rund um Christi Himmelfahrt (18.05.2023)"},"content":{"rendered":"<p>(Quelle: <a href=\"https:\/\/www.goettingen.de\/portal\/meldungen\/termine-und-servicezeiten-rund-um-christi-himmelfahrt-900001813-25480.html?rubrik=900000002\">https:\/\/www.goettingen.de\/portal\/meldungen\/termine-und-servicezeiten-rund-um-christi-himmelfahrt-900001813-25480.html?rubrik=900000002<\/a>)<\/p>\n<blockquote>\n<div class=\"fusstext fusstext_oben\"><span class=\"create\">10.05.2023<\/span><\/p>\n<div><\/div>\n<\/div>\n<h3 class=\"kontrast-bild\">Termine und Servicezeiten rund um Christi Himmelfahrt<\/h3>\n<div id=\"nolis_content_site\" class=\"nolis_content_site\">\n<p class=\"anreisser_detail\"><strong>Aufgrund des Feiertags Christi Himmelfahrt am Donnerstag, 18. Mai 2023, \u00e4ndern sich die Service- und \u00d6ffnungszeiten st\u00e4dtischer Einrichtungen. Die Stadtverwaltung ist am Freitag, 19. Mai 2023, geschlossen.<\/strong><\/p>\n<div class=\"print_href print_abbr\">\n<div class=\"template1\">\n<div class=\"platz platz1\">\n<div class=\"rahmen\">\n<div class=\"innen\">\n<h4>Wochenmarkt<\/h4>\n<p>Der Wochenmarkt wird von Donnerstag, 18. Mai 2023, auf Mittwoch, 17. Mai 2023, vorgezogen.<\/p>\n<h4>Abfallentsorgung<\/h4>\n<p>Die Termine zur Abfuhr von Restabf\u00e4llen, Papier- und Biotonnen und die Sammlung der gelben S\u00e4cke verschieben sich wegen Christi Himmelfahrt von Donnerstag, 18. und Freitag, 19. Mai 2023, jeweils auf den n\u00e4chsten Tag.<\/p>\n<p>Der Recyclinghof und das Entsorgungszentrum K\u00f6nigsb\u00fchl sind am Freitag, 19. Mai 2023, wie gewohnt ge\u00f6ffnet. Mit Wartezeiten vor den Anlagen muss gerechnet werden (Br\u00fcckentag).<\/p>\n<h4>Tourist-Information<\/h4>\n<p>Die Tourist-Information, Markt 8, hat an Christi Himmelfahrt von 10.30 bis 12.30 Uhr ge\u00f6ffnet. Am Freitag, 19. Mai 2023, \u00f6ffnet die Tourist-Information von 10.00 bis 18.00 Uhr.<\/p>\n<h4>St\u00e4dtisches Museum<\/h4>\n<p>Das St\u00e4dtische Museum am Ritterplan bleibt am 18. Mai 2023 geschlossen. Am Freitag, Samstag und Sonntag gelten die normalen \u00d6ffnungszeiten (Freitag 10.00 bis 17.00 Uhr, Samstag und Sonntag 11.00 bis 17.00 Uhr). Am Sonntag, 21. Mai 2023, ist Internationaler Museumstag mit freiem Eintritt und besonderen Aktionen f\u00fcr Besucher*innen.<\/p>\n<h4>Stadtbibliothek<\/h4>\n<p>Die Stadtbibliothek bleibt am 18. und 19. Mai 2023 geschlossen. Am Samstag, 20. Mai 2023, gelten die regul\u00e4ren \u00d6ffnungszeiten von 10.00 bis 16.00 Uhr.<\/p>\n<h4>Stadtarchiv und G\u00f6ttinger Spendenzentrum<\/h4>\n<p>Das G\u00f6ttinger Spendenzentrum und das Stadtarchiv bleiben am 18. und 19. Mai 2023 geschlossen.<\/p>\n<h4>Stadtverwaltung<\/h4>\n<p>Um Urlaubstage und \u00dcberstunden abzubauen, gibt es am Freitag, 19. Mai 2023, f\u00fcr weite Teile der Stadtverwaltung Betriebsurlaub. Das Neue Rathaus sowie andere Dienststellen und Einrichtungen der Stadt sind dann geschlossen. Dies gilt auch in den st\u00e4dtischen Kitas.\u00a0Ausgenommen von dieser Regelung sind die Einsatzkr\u00e4fte der G\u00f6ttinger Berufsfeuerwehr, die G\u00f6ttinger Entsorgungsbetriebe und das Museum.<\/p>\n<\/div>\n<\/div>\n<\/div>\n<\/div>\n<\/div>\n<\/div>\n<\/blockquote>\n","protected":false},"excerpt":{"rendered":"<p>(Quelle: https:\/\/www.goettingen.de\/portal\/meldungen\/termine-und-servicezeiten-rund-um-christi-himmelfahrt-900001813-25480.html?rubrik=900000002) 10.05.2023 Termine und Servicezeiten rund um Christi Himmelfahrt Aufgrund des Feiertags Christi Himmelfahrt am Donnerstag, 18. Mai 2023, \u00e4ndern sich die Service- und \u00d6ffnungszeiten st\u00e4dtischer Einrichtungen. Die Stadtverwaltung ist am Freitag, 19. Mai 2023, geschlossen. Wochenmarkt Der Wochenmarkt wird von Donnerstag, 18. Mai 2023, auf Mittwoch, 17. Mai 2023, vorgezogen. Abfallentsorgung Die Termine &#8230; <a title=\"Stadt G\u00f6ttingen: Termine und Servicezeiten rund um Christi Himmelfahrt (18.05.2023)\" class=\"read-more\" href=\"https:\/\/rt-europaallee.de\/wordpress\/2023\/05\/stadt-goettingen-termine-und-servicezeiten-rund-um-christi-himmelfahrt-18-05-2023\/\" aria-label=\"Mehr Informationen \u00fcber Stadt G\u00f6ttingen: Termine und Servicezeiten rund um Christi Himmelfahrt (18.05.2023)\">Weiterlesen<\/a><\/p>\n","protected":false},"author":3,"featured_media":0,"comment_status":"closed","ping_status":"open","sticky":false,"template":"","format":"standard","meta":{"footnotes":""},"categories":[1],"tags":[],"class_list":["post-14674","post","type-post","status-publish","format-standard","hentry","category-allgemein"],"_links":{"self":[{"href":"https:\/\/rt-europaallee.de\/wordpress\/wp-json\/wp\/v2\/posts\/14674","targetHints":{"allow":["GET"]}}],"collection":[{"href":"https:\/\/rt-europaallee.de\/wordpress\/wp-json\/wp\/v2\/posts"}],"about":[{"href":"https:\/\/rt-europaallee.de\/wordpress\/wp-json\/wp\/v2\/types\/post"}],"author":[{"embeddable":true,"href":"https:\/\/rt-europaallee.de\/wordpress\/wp-json\/wp\/v2\/users\/3"}],"replies":[{"embeddable":true,"href":"https:\/\/rt-europaallee.de\/wordpress\/wp-json\/wp\/v2\/comments?post=14674"}],"version-history":[{"count":1,"href":"https:\/\/rt-europaallee.de\/wordpress\/wp-json\/wp\/v2\/posts\/14674\/revisions"}],"predecessor-version":[{"id":14675,"href":"https:\/\/rt-europaallee.de\/wordpress\/wp-json\/wp\/v2\/posts\/14674\/revisions\/14675"}],"wp:attachment":[{"href":"https:\/\/rt-europaallee.de\/wordpress\/wp-json\/wp\/v2\/media?parent=14674"}],"wp:term":[{"taxonomy":"category","embeddable":true,"href":"https:\/\/rt-europaallee.de\/wordpress\/wp-json\/wp\/v2\/categories?post=14674"},{"taxonomy":"post_tag","embeddable":true,"href":"https:\/\/rt-europaallee.de\/wordpress\/wp-json\/wp\/v2\/tags?post=14674"}],"curies":[{"name":"wp","href":"https:\/\/api.w.org\/{rel}","templated":true}]}}