{"id":14866,"date":"2023-07-14T18:57:47","date_gmt":"2023-07-14T16:57:47","guid":{"rendered":"http:\/\/rt-europaallee.org\/wordpress\/?p=14866"},"modified":"2023-07-14T18:57:47","modified_gmt":"2023-07-14T16:57:47","slug":"weststadtzenrum-armut-das-geht-uns-alle-an","status":"publish","type":"post","link":"https:\/\/rt-europaallee.de\/wordpress\/2023\/07\/weststadtzenrum-armut-das-geht-uns-alle-an\/","title":{"rendered":"Weststadtzenrum: Armut? Das geht uns alle an!"},"content":{"rendered":"<p>(Quelle: <a href=\"https:\/\/www.facebook.com\/WeZetGoettingen\/posts\/pfbid02CysNdpY8zSmdku5zgiAqTQ6Dd2FtsJMW6HpSabdTSHwCstWoi46NGTzHpnwKhFkil?notif_id=1689250387364737&amp;notif_t=notify_me_page&amp;ref=notif\">https:\/\/www.facebook.com\/WeZetGoettingen\/posts\/pfbid02CysNdpY8zSmdku5zgiAqTQ6Dd2FtsJMW6HpSabdTSHwCstWoi46NGTzHpnwKhFkil?notif_id=1689250387364737&amp;notif_t=notify_me_page&amp;ref=notif<\/a>)<\/p>\n<blockquote>\n<div class=\"xu06os2 x1ok221b\">\n<h3 id=\":Rlal5bb9l5qq75b5klba:\" class=\"x1heor9g x1qlqyl8 x1pd3egz x1a2a7pz x1gslohp x1yc453h\"><span class=\"xt0psk2\"><a class=\"x1i10hfl xjbqb8w x6umtig x1b1mbwd xaqea5y xav7gou x9f619 x1ypdohk xt0psk2 xe8uvvx xdj266r x11i5rnm xat24cr x1mh8g0r xexx8yu x4uap5 x18d9i69 xkhd6sd x16tdsg8 x1hl2dhg xggy1nq x1a2a7pz xt0b8zv xzsf02u x1s688f\" tabindex=\"0\" role=\"link\" href=\"https:\/\/www.facebook.com\/WeZetGoettingen?__cft__[0]=AZWzFlrHtBRu6aZOmWLP46bc1PRxDJR_0_CZRtId_MwIlE3FEBW83U_2q3gt38o9SkbdYHbK-cXFwHBPRTYeRHqm20ANsrCVa0geJrKXi_eK2kGYlbMJPGKrFtHqGXYhIjvD14OVgsw5MLx2fTrFswFL&amp;__tn__=-UC%2CP-R\"><strong>Weststadtzentrum G\u00f6ttingen<\/strong><\/a><\/span><\/h3>\n<\/div>\n<div class=\"\" dir=\"auto\">\n<div id=\":Rlal5bb9l5qq75b5klbaH2:\" class=\"x1iorvi4 x1pi30zi x1l90r2v x1swvt13\" data-ad-comet-preview=\"message\" data-ad-preview=\"message\">\n<div class=\"x78zum5 xdt5ytf xz62fqu x16ldp7u\">\n<div class=\"xu06os2 x1ok221b\">\n<div class=\"xdj266r x11i5rnm xat24cr x1mh8g0r x1vvkbs x126k92a\">\n<div dir=\"auto\">am 4. Juli, startet der Beteiligungsprozess mit einer Online-Beteiligung, die sich einerseits an ehren- und hauptamtliche Akteur*innen der Armutspr\u00e4vention und -bek\u00e4mpfung richtet und andererseits Menschen mit Armutserfahrungen ansprechen soll.<\/div>\n<\/div>\n<div class=\"x11i5rnm xat24cr x1mh8g0r x1vvkbs xtlvy1s x126k92a\">\n<div dir=\"auto\">Wie k\u00f6nnen Sie den Beteiligungsprozess unterst\u00fctzen?<\/div>\n<div dir=\"auto\">\u2022 Auf der Website <a class=\"x1i10hfl xjbqb8w x6umtig x1b1mbwd xaqea5y xav7gou x9f619 x1ypdohk xt0psk2 xe8uvvx xdj266r x11i5rnm xat24cr x1mh8g0r xexx8yu x4uap5 x18d9i69 xkhd6sd x16tdsg8 x1hl2dhg xggy1nq x1a2a7pz xt0b8zv x1fey0fg\" tabindex=\"0\" role=\"link\" href=\"https:\/\/l.facebook.com\/l.php?u=http%3A%2F%2Fwww.armut-das-geht-uns-alle-an.de%2F%3Ffbclid%3DIwAR0N2lzvYwciRAhJ-8EMMC00BOwClAIseDIL8qrGN7jDoUoT4_HP8WQblO8&amp;h=AT3dXykFWMKLXfAdtERRyimLagKfrUbZFgd4_1UkNpjKMBZCuJ5U2FbucugsHl7T2VRNSEFFjm2QkGv77GGbxeeDBNxKANwdWkeUqgy8kdZiHKkIHT5eZ02QUp3yJkH5crHk&amp;__tn__=-UK-R&amp;c[0]=AT0BQmoYeNnEuR-k_AAMifk16t3DtPL3R3KqSAtLSWKEKPU3o0hi2vSCea3FRsRwtkeGhLvLOn1fFRSEJrPG-Y9h6jxvKnxVwjjOGcUCBEnhlXJZeqIIteFG9Nk8jNyJioZtG10YAlbyXoKi8sTK7I1yLlq-5X4rPWMhgF6JMDu7kNInkg\" target=\"_blank\" rel=\"nofollow noopener noreferrer\">www.armut-das-geht-uns-alle-an.de<\/a> finden Sie alle Unterst\u00fctzungsm\u00f6glichkeiten.<\/div>\n<div dir=\"auto\">\u2022 Unter dem Hashtag <a class=\"x1i10hfl xjbqb8w x6umtig x1b1mbwd xaqea5y xav7gou x9f619 x1ypdohk xt0psk2 xe8uvvx xdj266r x11i5rnm xat24cr x1mh8g0r xexx8yu x4uap5 x18d9i69 xkhd6sd x16tdsg8 x1hl2dhg xggy1nq x1a2a7pz xt0b8zv x1qq9wsj xo1l8bm\" tabindex=\"0\" role=\"link\" href=\"https:\/\/www.facebook.com\/hashtag\/armutgehtunsallean?__eep__=6&amp;__cft__[0]=AZWzFlrHtBRu6aZOmWLP46bc1PRxDJR_0_CZRtId_MwIlE3FEBW83U_2q3gt38o9SkbdYHbK-cXFwHBPRTYeRHqm20ANsrCVa0geJrKXi_eK2kGYlbMJPGKrFtHqGXYhIjvD14OVgsw5MLx2fTrFswFL&amp;__tn__=*NK-R\">#armutgehtunsallean<\/a> k\u00f6nnen Sie in den sozialen Medien Teil des Beteiligungsprozesses werden. Folgen Sie den Kan\u00e4len des Beteiligungsprozesses (auf Instagram, Facebook und Twitter), teilen diese und machen Sie dadurch auf diese Beteiligungsm\u00f6glichkeit aufmerksam.<\/div>\n<div dir=\"auto\">\u2022 F\u00fcllen Sie selbst den Fragebogen f\u00fcr Akteur*innen aus, den Sie hier finden: <a class=\"x1i10hfl xjbqb8w x6umtig x1b1mbwd xaqea5y xav7gou x9f619 x1ypdohk xt0psk2 xe8uvvx xdj266r x11i5rnm xat24cr x1mh8g0r xexx8yu x4uap5 x18d9i69 xkhd6sd x16tdsg8 x1hl2dhg xggy1nq x1a2a7pz xt0b8zv x1fey0fg\" tabindex=\"0\" role=\"link\" href=\"https:\/\/armut-das-geht-uns-alle-an.de\/befragung?fbclid=IwAR2Px0NIZztwuGpxQFkV_34f7RsUtDAGOVCoOFHHchbxw6RkK8oaETKX8gE\" target=\"_blank\" rel=\"nofollow noopener noreferrer\">https:\/\/armut-das-geht-uns-alle-an.de\/befragung<\/a><\/div>\n<div dir=\"auto\">\u2022 Laden Sie Menschen mit Armutserfahrungen direkt ein, an der Online-Beteiligung mitzumachen und unterst\u00fctzen Sie Menschen, denen einen solche Beteiligungsform schwerf\u00e4llt.<\/div>\n<div dir=\"auto\">\u2022 Nutzen Sie die Plakatvorlagen f\u00fcr Ihre Einrichtung aus (<a class=\"x1i10hfl xjbqb8w x6umtig x1b1mbwd xaqea5y xav7gou x9f619 x1ypdohk xt0psk2 xe8uvvx xdj266r x11i5rnm xat24cr x1mh8g0r xexx8yu x4uap5 x18d9i69 xkhd6sd x16tdsg8 x1hl2dhg xggy1nq x1a2a7pz xt0b8zv x1fey0fg\" tabindex=\"0\" role=\"link\" href=\"https:\/\/armut-das-geht-uns-alle-an.de\/downloads?fbclid=IwAR2Vbdy9j_c5z1lcOWmm2pl772mHpRLSzlMNOs-NEgrmjsjVlapiz54FTYo\" target=\"_blank\" rel=\"nofollow noopener noreferrer\">https:\/\/armut-das-geht-uns-alle-an.de\/downloads<\/a>) Unter diesem Link finden Sie auch noch mehr Motive und Materialien f\u00fcr die Begleitung der Kampagne)<\/div>\n<div dir=\"auto\">\u2022 Leiten Sie die Informationen zu den Beteiligungsm\u00f6glichkeiten gerne in Ihren Netzwerken weiter.<\/div>\n<div dir=\"auto\">\u2022 Gern k\u00f6nnen Sie das Team von ORBIT e.V. auch per Mail (armut-arbeitsmarkt@orbit-jena.de) anfragen, welche weiteren Printvorlagen\/-materialien verf\u00fcgbar sind.<\/div>\n<div dir=\"auto\">Damit Sie nichts verpassen, k\u00f6nnen Sie sich zum Newsletter unter <a class=\"x1i10hfl xjbqb8w x6umtig x1b1mbwd xaqea5y xav7gou x9f619 x1ypdohk xt0psk2 xe8uvvx xdj266r x11i5rnm xat24cr x1mh8g0r xexx8yu x4uap5 x18d9i69 xkhd6sd x16tdsg8 x1hl2dhg xggy1nq x1a2a7pz xt0b8zv x1fey0fg\" tabindex=\"0\" role=\"link\" href=\"https:\/\/armut-das-geht-uns-alle-an.de\/anmeldung?fbclid=IwAR0UKDmiu1zG6P68ruMnNTjKKb2gSj9X0Iql8SsfgbGzH-6mF-mov9_aq6c\" target=\"_blank\" rel=\"nofollow noopener noreferrer\">https:\/\/armut-das-geht-uns-alle-an.de\/anmeldung<\/a> registrieren. Der Beteiligungsprozess wird bis Ende November 2023 laufen und dann f\u00fcr den 7.ARB aufbereitet.<\/div>\n<\/div>\n<\/div>\n<\/div>\n<\/div>\n<\/div>\n<div id=\":Rlal5bb9l5qq75b5klbaH3:\" class=\"x1n2onr6\">\n<div class=\"x1n2onr6\"><\/div>\n<div><img decoding=\"async\" class=\"x1bwycvy x193iq5w x4fas0m x19kjcj4\" src=\"https:\/\/scontent-ham3-1.xx.fbcdn.net\/v\/t39.30808-6\/358675731_664607592374343_8260843489757305771_n.jpg?_nc_cat=105&amp;ccb=1-7&amp;_nc_sid=730e14&amp;_nc_ohc=0wxdUHe5_T0AX-4CEuF&amp;_nc_ht=scontent-ham3-1.xx&amp;oh=00_AfA1-XvKjLtMZACX1WpOBaFFb3Wr5mcL56wHzCkZp46zXA&amp;oe=64B71D52\" alt=\"Ist m\u00f6glicherweise ein Bild von Text \u201eDas Weststadtzentrum unterst\u00fctzt die B\u00fcrgerbeteiligung bei dieser Umfrage der Bundesregierung ARMUT?! DAS GEHT UNS ALLE AN! IHRE MEINUNG Z\u00c4HLT ES GEHT LOS: Hier gehts zur Online-Beteiligung f\u00fcr den Siebten Armuts- und Reichtumsbericht: WeZet\u201c\" data-visualcompletion=\"media-vc-image\" \/><\/div>\n<div>(<a href=\"https:\/\/www.facebook.com\/photo\/?fbid=664607595707676&amp;set=a.465521218949649\">https:\/\/www.facebook.com\/photo\/?fbid=664607595707676&amp;set=a.465521218949649<\/a>)<\/div>\n<\/div>\n<\/blockquote>\n","protected":false},"excerpt":{"rendered":"<p>(Quelle: https:\/\/www.facebook.com\/WeZetGoettingen\/posts\/pfbid02CysNdpY8zSmdku5zgiAqTQ6Dd2FtsJMW6HpSabdTSHwCstWoi46NGTzHpnwKhFkil?notif_id=1689250387364737&amp;notif_t=notify_me_page&amp;ref=notif) Weststadtzentrum G\u00f6ttingen am 4. Juli, startet der Beteiligungsprozess mit einer Online-Beteiligung, die sich einerseits an ehren- und hauptamtliche Akteur*innen der Armutspr\u00e4vention und -bek\u00e4mpfung richtet und andererseits Menschen mit Armutserfahrungen ansprechen soll. Wie k\u00f6nnen Sie den Beteiligungsprozess unterst\u00fctzen? \u2022 Auf der Website www.armut-das-geht-uns-alle-an.de finden Sie alle Unterst\u00fctzungsm\u00f6glichkeiten. \u2022 Unter dem Hashtag #armutgehtunsallean k\u00f6nnen Sie &#8230; <a title=\"Weststadtzenrum: Armut? Das geht uns alle an!\" class=\"read-more\" href=\"https:\/\/rt-europaallee.de\/wordpress\/2023\/07\/weststadtzenrum-armut-das-geht-uns-alle-an\/\" aria-label=\"Mehr Informationen \u00fcber Weststadtzenrum: Armut? Das geht uns alle an!\">Weiterlesen<\/a><\/p>\n","protected":false},"author":3,"featured_media":0,"comment_status":"closed","ping_status":"open","sticky":false,"template":"","format":"standard","meta":{"footnotes":""},"categories":[1],"tags":[],"class_list":["post-14866","post","type-post","status-publish","format-standard","hentry","category-allgemein"],"_links":{"self":[{"href":"https:\/\/rt-europaallee.de\/wordpress\/wp-json\/wp\/v2\/posts\/14866","targetHints":{"allow":["GET"]}}],"collection":[{"href":"https:\/\/rt-europaallee.de\/wordpress\/wp-json\/wp\/v2\/posts"}],"about":[{"href":"https:\/\/rt-europaallee.de\/wordpress\/wp-json\/wp\/v2\/types\/post"}],"author":[{"embeddable":true,"href":"https:\/\/rt-europaallee.de\/wordpress\/wp-json\/wp\/v2\/users\/3"}],"replies":[{"embeddable":true,"href":"https:\/\/rt-europaallee.de\/wordpress\/wp-json\/wp\/v2\/comments?post=14866"}],"version-history":[{"count":1,"href":"https:\/\/rt-europaallee.de\/wordpress\/wp-json\/wp\/v2\/posts\/14866\/revisions"}],"predecessor-version":[{"id":14867,"href":"https:\/\/rt-europaallee.de\/wordpress\/wp-json\/wp\/v2\/posts\/14866\/revisions\/14867"}],"wp:attachment":[{"href":"https:\/\/rt-europaallee.de\/wordpress\/wp-json\/wp\/v2\/media?parent=14866"}],"wp:term":[{"taxonomy":"category","embeddable":true,"href":"https:\/\/rt-europaallee.de\/wordpress\/wp-json\/wp\/v2\/categories?post=14866"},{"taxonomy":"post_tag","embeddable":true,"href":"https:\/\/rt-europaallee.de\/wordpress\/wp-json\/wp\/v2\/tags?post=14866"}],"curies":[{"name":"wp","href":"https:\/\/api.w.org\/{rel}","templated":true}]}}