{"id":14896,"date":"2023-07-30T02:18:03","date_gmt":"2023-07-30T00:18:03","guid":{"rendered":"http:\/\/rt-europaallee.org\/wordpress\/?p=14896"},"modified":"2023-07-30T02:18:03","modified_gmt":"2023-07-30T00:18:03","slug":"stadt-goettingen-vollsperrung-der-juedenstrasse-ab-31-juli","status":"publish","type":"post","link":"https:\/\/rt-europaallee.de\/wordpress\/2023\/07\/stadt-goettingen-vollsperrung-der-juedenstrasse-ab-31-juli\/","title":{"rendered":"Stadt G\u00f6ttingen: Vollsperrung der J\u00fcdenstra\u00dfe ab 31. Juli"},"content":{"rendered":"<p>(Quelle: <a href=\"https:\/\/www.goettingen.de\/portal\/meldungen\/aktuelle-infos-zur-sommerbaustelle-innenstadt-900001964-25480.html?fbclid=IwAR2rmEBVVgHCOJCrlhXuOMWEarVTkY_Yj9htzHMNw93t3uuISaPu0llgJlY\">https:\/\/www.goettingen.de\/portal\/meldungen\/aktuelle-infos-zur-sommerbaustelle-innenstadt-900001964-25480.html?fbclid=IwAR2rmEBVVgHCOJCrlhXuOMWEarVTkY_Yj9htzHMNw93t3uuISaPu0llgJlY<\/a>)<\/p>\n<blockquote>\n<div class=\"fusstext fusstext_oben\">\n<div class=\"fusstext fusstext_oben\"><span class=\"create\">27.07.2023<\/span><\/p>\n<div><\/div>\n<\/div>\n<h3 class=\"kontrast-bild\">Vollsperrung der J\u00fcdenstra\u00dfe ab 31. Juli<\/h3>\n<div id=\"nolis_content_site\" class=\"nolis_content_site\">\n<p class=\"anreisser_detail\"><strong>Die J\u00fcdenstra\u00dfe wird ab Montag, 31. Juli 2023, bis voraussichtlich Freitag, 4. August 2023, voll gesperrt. Betroffen ist der Abschnitt zwischen Theaterstra\u00dfe und Ritterplan. Dort wird die Fahrbahn saniert.<\/strong><\/p>\n<div class=\"print_href print_abbr\">\n<div class=\"template1\">\n<div class=\"platz platz1\">\n<div class=\"rahmen\">\n<div class=\"innen\">\n<p>Die Stra\u00dfen Ritterplan und Speckstra\u00dfe werden w\u00e4hrend der Bauarbeiten als Sackgassen eingerichtet. Sie sind f\u00fcr den Individual- und Lieferverkehr aus Richtung Norden \u00fcber eine Umleitung \u00fcber die Weender Stra\u00dfe, Untere Karsp\u00fcle, Obere Karsp\u00fcle, Ritterplan und Burgstra\u00dfe erreichbar. Der Fu\u00dfg\u00e4ngerzonenbereich in der Burgstra\u00dfe zwischen Ritterplan und Speckstra\u00dfe wird f\u00fcr die Zeit der Sperrung aufgehoben. Die Anlieger aus der Speckstra\u00dfe k\u00f6nnen \u00fcber Burgstra\u00dfe, Ritterplan und Obere Karsp\u00fcle und Friedrichstra\u00dfe aus der Stadt fahren.<\/p>\n<p>Aus Richtung Geismar Tor f\u00fchrt eine Umleitung f\u00fcr den Anlieger- und Lieferverkehr von der Kreuzung J\u00fcdenstra\u00dfe\/Theaterstra\u00dfe \u00fcber die Prinzenstra\u00dfe zur Goetheallee in Richtung Westen. Daf\u00fcr wird die Einbahnstra\u00dfenregelung in der westlichen Theaterstra\u00dfe umgekehrt. In Richtung Osten f\u00fchrt die Umleitung \u00fcber die Barf\u00fc\u00dferstra\u00dfe, Friedrichstra\u00dfe, Herzberger Landstra\u00dfe und Theaterplatz.<\/p>\n<p>F\u00fcr Fu\u00dfg\u00e4nger*innen bleibt der Bereich der Vollsperrung in der J\u00fcdenstra\u00dfe passierbar. Radfahrer*innen m\u00fcssen absteigen und werden um R\u00fccksicht gebeten.<\/p>\n<h4>Aktuelle Infos zur Sommerbaustelle Innenstadt<\/h4>\n<p>Weitere Informationen zu den Bauarbeiten in der Innenstadt gibt es online unter\u00a0<a class=\"link_aktuelles nolis-link-intern\" title=\"Aktuelle Infos zur Sommerbaustelle Innenstadt\" href=\"https:\/\/www.goettingen.de\/portal\/meldungen\/aktuelle-infos-zur-sommerbaustelle-innenstadt-900001964-25480.html?rubrik=900000003\" target=\"_self\" rel=\"noopener\">goe.de\/sommerbaustelle<\/a>.<\/p>\n<h4>Hotline f\u00fcr B\u00fcrger*innen<\/h4>\n<p>F\u00fcr Fragen zur Innenstadt-Baustelle hat die Stadt G\u00f6ttingen eine Telefon-Hotline eingerichtet. Die Hotline ist montags bis donnerstags von 9.00 bis 15.00 Uhr und freitags von 9.00 bis 13.00 Uhr unter Telefon 0551\/400-5950 zu erreichen.<\/p>\n<\/div>\n<\/div>\n<\/div>\n<\/div>\n<\/div>\n<\/div>\n<\/div>\n<\/blockquote>\n","protected":false},"excerpt":{"rendered":"<p>(Quelle: https:\/\/www.goettingen.de\/portal\/meldungen\/aktuelle-infos-zur-sommerbaustelle-innenstadt-900001964-25480.html?fbclid=IwAR2rmEBVVgHCOJCrlhXuOMWEarVTkY_Yj9htzHMNw93t3uuISaPu0llgJlY) 27.07.2023 Vollsperrung der J\u00fcdenstra\u00dfe ab 31. Juli Die J\u00fcdenstra\u00dfe wird ab Montag, 31. Juli 2023, bis voraussichtlich Freitag, 4. August 2023, voll gesperrt. Betroffen ist der Abschnitt zwischen Theaterstra\u00dfe und Ritterplan. Dort wird die Fahrbahn saniert. Die Stra\u00dfen Ritterplan und Speckstra\u00dfe werden w\u00e4hrend der Bauarbeiten als Sackgassen eingerichtet. Sie sind f\u00fcr den Individual- &#8230; <a title=\"Stadt G\u00f6ttingen: Vollsperrung der J\u00fcdenstra\u00dfe ab 31. Juli\" class=\"read-more\" href=\"https:\/\/rt-europaallee.de\/wordpress\/2023\/07\/stadt-goettingen-vollsperrung-der-juedenstrasse-ab-31-juli\/\" aria-label=\"Mehr Informationen \u00fcber Stadt G\u00f6ttingen: Vollsperrung der J\u00fcdenstra\u00dfe ab 31. Juli\">Weiterlesen<\/a><\/p>\n","protected":false},"author":3,"featured_media":0,"comment_status":"closed","ping_status":"open","sticky":false,"template":"","format":"standard","meta":{"footnotes":""},"categories":[1],"tags":[],"class_list":["post-14896","post","type-post","status-publish","format-standard","hentry","category-allgemein"],"_links":{"self":[{"href":"https:\/\/rt-europaallee.de\/wordpress\/wp-json\/wp\/v2\/posts\/14896","targetHints":{"allow":["GET"]}}],"collection":[{"href":"https:\/\/rt-europaallee.de\/wordpress\/wp-json\/wp\/v2\/posts"}],"about":[{"href":"https:\/\/rt-europaallee.de\/wordpress\/wp-json\/wp\/v2\/types\/post"}],"author":[{"embeddable":true,"href":"https:\/\/rt-europaallee.de\/wordpress\/wp-json\/wp\/v2\/users\/3"}],"replies":[{"embeddable":true,"href":"https:\/\/rt-europaallee.de\/wordpress\/wp-json\/wp\/v2\/comments?post=14896"}],"version-history":[{"count":1,"href":"https:\/\/rt-europaallee.de\/wordpress\/wp-json\/wp\/v2\/posts\/14896\/revisions"}],"predecessor-version":[{"id":14897,"href":"https:\/\/rt-europaallee.de\/wordpress\/wp-json\/wp\/v2\/posts\/14896\/revisions\/14897"}],"wp:attachment":[{"href":"https:\/\/rt-europaallee.de\/wordpress\/wp-json\/wp\/v2\/media?parent=14896"}],"wp:term":[{"taxonomy":"category","embeddable":true,"href":"https:\/\/rt-europaallee.de\/wordpress\/wp-json\/wp\/v2\/categories?post=14896"},{"taxonomy":"post_tag","embeddable":true,"href":"https:\/\/rt-europaallee.de\/wordpress\/wp-json\/wp\/v2\/tags?post=14896"}],"curies":[{"name":"wp","href":"https:\/\/api.w.org\/{rel}","templated":true}]}}