{"id":14911,"date":"2023-08-02T16:07:43","date_gmt":"2023-08-02T14:07:43","guid":{"rendered":"http:\/\/rt-europaallee.org\/wordpress\/?p=14911"},"modified":"2023-08-02T16:07:43","modified_gmt":"2023-08-02T14:07:43","slug":"hna-herbsterwachen-querdenker-machen-erneut-bundesweit-fuer-aufmarsch-in-goettingen-mobil","status":"publish","type":"post","link":"https:\/\/rt-europaallee.de\/wordpress\/2023\/08\/hna-herbsterwachen-querdenker-machen-erneut-bundesweit-fuer-aufmarsch-in-goettingen-mobil\/","title":{"rendered":"HNA: \u201eHerbsterwachen\u201c: Querdenker machen erneut bundesweit f\u00fcr Aufmarsch in G\u00f6ttingen mobil"},"content":{"rendered":"<p>(Quelle: <a href=\"https:\/\/www.hna.de\/lokales\/goettingen\/goettingen-ort28741\/querdenker-machen-bundesweit-fuer-aufmarsch-in-goettingen-mobil-92435613.html?fbclid=IwAR0Mi23C4Pz4a630u0uU63YXaZ2I1C5b5u8UOxCVgClwYe8oK-f5c3OHDLA\">https:\/\/www.hna.de\/lokales\/goettingen\/goettingen-ort28741\/querdenker-machen-bundesweit-fuer-aufmarsch-in-goettingen-mobil-92435613.html?fbclid=IwAR0Mi23C4Pz4a630u0uU63YXaZ2I1C5b5u8UOxCVgClwYe8oK-f5c3OHDLA<\/a>)<\/p>\n<blockquote>\n<h3 class=\"id-StoryElement-headline\">\u201eHerbsterwachen\u201c: Querdenker machen erneut bundesweit f\u00fcr Aufmarsch in G\u00f6ttingen mobil<\/h3>\n<p class=\"id-Story-timestamp id-Story-timestamp--default\"><span class=\"id-Story-timestamp-content\"><span class=\"id-Story-timestamp-content-prefix\">Stand: <\/span><time datetime=\"2023-08-02 11:00\">02.08.2023, 11:00 Uhr<\/time><\/span><\/p>\n<p class=\"id-Story-authors id-Story-authors--default\"><span class=\"id-Story-authors-by\">Von: <\/span><a class=\"id-Story-authors-link lp_west_author\" title=\"Zur Autorenseite von Melanie Zimmermann\" href=\"https:\/\/www.hna.de\/autoren\/6233\/\" data-id-ec=\"{&quot;shn&quot;:&quot;Story&quot;,&quot;sht&quot;:&quot;Container&quot;,&quot;p&quot;:{&quot;containerType&quot;:&quot;Author-Link&quot;,&quot;elementName&quot;:&quot;Melanie Zimmermann&quot;,&quot;elementPosition&quot;:&quot;1&quot;}}\" data-id-em=\"1\">Melanie Zimmermann<\/a><\/p>\n<p class=\"id-StoryElement-leadText\">Die Querdenker-Szene trifft sich am 16. September erneut zu einem Aufmarsch in G\u00f6ttingen. Auch Gegner machen zu dem geplanten \u201eHerbsterwachen\u201c mobil.<\/p>\n<p class=\"id-StoryElement-paragraph\">G\u00f6ttingen \u2013 Ein aufregender September steht den B\u00fcrgern der Unistadt bevor. Nicht nur, dass aufgrund einer erneuten Bombenentsch\u00e4rfung Tausende Menschen ihre Wohnungen verlassen m\u00fcssen. Auch Reichsb\u00fcrger und Corona-Leugner wollen in den kommenden Wochen wieder verst\u00e4rkt Pr\u00e4senz auf Stra\u00dfen und Pl\u00e4tzen zeigen \u2013 so auch in <a class=\"id-import-Link\" href=\"https:\/\/www.hna.de\/lokales\/goettingen\/\" target=\"_blank\" rel=\"nofollow noopener\" data-id-ec=\"{&quot;shn&quot;: &quot;Story&quot;, &quot;sht&quot;: &quot;Container&quot;, &quot;p&quot;: {&quot;containerType&quot;: &quot;InlineLink&quot;, &quot;elementName&quot;: &quot;G\u00f6ttingen&quot;, &quot;elementVariant&quot;: &quot;standardLink&quot;}}\" data-id-em=\"1\">G\u00f6ttingen<\/a>.<\/p>\n<h2>&#8230;<\/h2>\n<\/blockquote>\n","protected":false},"excerpt":{"rendered":"<p>(Quelle: https:\/\/www.hna.de\/lokales\/goettingen\/goettingen-ort28741\/querdenker-machen-bundesweit-fuer-aufmarsch-in-goettingen-mobil-92435613.html?fbclid=IwAR0Mi23C4Pz4a630u0uU63YXaZ2I1C5b5u8UOxCVgClwYe8oK-f5c3OHDLA) \u201eHerbsterwachen\u201c: Querdenker machen erneut bundesweit f\u00fcr Aufmarsch in G\u00f6ttingen mobil Stand: 02.08.2023, 11:00 Uhr Von: Melanie Zimmermann Die Querdenker-Szene trifft sich am 16. September erneut zu einem Aufmarsch in G\u00f6ttingen. Auch Gegner machen zu dem geplanten \u201eHerbsterwachen\u201c mobil. G\u00f6ttingen \u2013 Ein aufregender September steht den B\u00fcrgern der Unistadt bevor. Nicht nur, dass aufgrund &#8230; <a title=\"HNA: \u201eHerbsterwachen\u201c: Querdenker machen erneut bundesweit f\u00fcr Aufmarsch in G\u00f6ttingen mobil\" class=\"read-more\" href=\"https:\/\/rt-europaallee.de\/wordpress\/2023\/08\/hna-herbsterwachen-querdenker-machen-erneut-bundesweit-fuer-aufmarsch-in-goettingen-mobil\/\" aria-label=\"Mehr Informationen \u00fcber HNA: \u201eHerbsterwachen\u201c: Querdenker machen erneut bundesweit f\u00fcr Aufmarsch in G\u00f6ttingen mobil\">Weiterlesen<\/a><\/p>\n","protected":false},"author":3,"featured_media":0,"comment_status":"closed","ping_status":"open","sticky":false,"template":"","format":"standard","meta":{"footnotes":""},"categories":[1],"tags":[],"class_list":["post-14911","post","type-post","status-publish","format-standard","hentry","category-allgemein"],"_links":{"self":[{"href":"https:\/\/rt-europaallee.de\/wordpress\/wp-json\/wp\/v2\/posts\/14911","targetHints":{"allow":["GET"]}}],"collection":[{"href":"https:\/\/rt-europaallee.de\/wordpress\/wp-json\/wp\/v2\/posts"}],"about":[{"href":"https:\/\/rt-europaallee.de\/wordpress\/wp-json\/wp\/v2\/types\/post"}],"author":[{"embeddable":true,"href":"https:\/\/rt-europaallee.de\/wordpress\/wp-json\/wp\/v2\/users\/3"}],"replies":[{"embeddable":true,"href":"https:\/\/rt-europaallee.de\/wordpress\/wp-json\/wp\/v2\/comments?post=14911"}],"version-history":[{"count":1,"href":"https:\/\/rt-europaallee.de\/wordpress\/wp-json\/wp\/v2\/posts\/14911\/revisions"}],"predecessor-version":[{"id":14912,"href":"https:\/\/rt-europaallee.de\/wordpress\/wp-json\/wp\/v2\/posts\/14911\/revisions\/14912"}],"wp:attachment":[{"href":"https:\/\/rt-europaallee.de\/wordpress\/wp-json\/wp\/v2\/media?parent=14911"}],"wp:term":[{"taxonomy":"category","embeddable":true,"href":"https:\/\/rt-europaallee.de\/wordpress\/wp-json\/wp\/v2\/categories?post=14911"},{"taxonomy":"post_tag","embeddable":true,"href":"https:\/\/rt-europaallee.de\/wordpress\/wp-json\/wp\/v2\/tags?post=14911"}],"curies":[{"name":"wp","href":"https:\/\/api.w.org\/{rel}","templated":true}]}}