{"id":14916,"date":"2023-08-02T16:40:04","date_gmt":"2023-08-02T14:40:04","guid":{"rendered":"http:\/\/rt-europaallee.org\/wordpress\/?p=14916"},"modified":"2023-08-02T16:40:04","modified_gmt":"2023-08-02T14:40:04","slug":"neue-reihe-im-staedtischen-podcast-fit-fuers-leben-gesundheitsfoerderung-fuer-familien-in-goettingen","status":"publish","type":"post","link":"https:\/\/rt-europaallee.de\/wordpress\/2023\/08\/neue-reihe-im-staedtischen-podcast-fit-fuers-leben-gesundheitsfoerderung-fuer-familien-in-goettingen\/","title":{"rendered":"Neue Reihe im st\u00e4dtischen Podcast: \u201eFit f\u00fcrs Leben &#8211; Gesundheitsf\u00f6rderung f\u00fcr Familien in G\u00f6ttingen\u201c"},"content":{"rendered":"<p>(Quelle: <a href=\"https:\/\/www.goettingen.de\/portal\/meldungen\/neue-reihe-im-staedtischen-podcast-fit-fuers-leben-gesundheitsfoerderung-fuer-familien-in-goettingen--900002109-25480.html?rubrik=900000003\">https:\/\/www.goettingen.de\/portal\/meldungen\/neue-reihe-im-staedtischen-podcast-fit-fuers-leben-gesundheitsfoerderung-fuer-familien-in-goettingen&#8211;900002109-25480.html?rubrik=900000003<\/a>)<\/p>\n<blockquote>\n<div class=\"fusstext fusstext_oben\"><span class=\"create\">01.08.2023<\/span><\/p>\n<div><\/div>\n<\/div>\n<h3 class=\"kontrast-bild\">Neue Reihe im st\u00e4dtischen Podcast: \u201eFit f\u00fcrs Leben &#8211; Gesundheitsf\u00f6rderung f\u00fcr Familien in G\u00f6ttingen\u201c<\/h3>\n<div id=\"nolis_content_site\" class=\"nolis_content_site\">\n<p class=\"anreisser_detail\"><strong>Das Gesundheitsamt f\u00fcr die Stadt und den Landkreis G\u00f6ttingen pr\u00e4sentiert mit Unterst\u00fctzung durch die Techniker Krankenkasse (TK) die Podcast-Folgen \u201eFit f\u00fcrs Leben\u201c. Sie sind ab sofort im st\u00e4dtischen Podcast-Channel \u201eEs gibt\u2019s was auf die Ohren\u201c auf Spotify sowie auf der Homepage der Stadt G\u00f6ttingen kostenlos zu h\u00f6ren. In \u201eFit f\u00fcrs Leben\u201c werden verschiedene Themen rund um den gesunden Familienalltag beleuchtet. Au\u00dferdem gibt es Antworten auf Fragen rund um das Gesundheitsamt.<\/strong><\/p>\n<div class=\"print_href print_abbr\">\n<div class=\"template1\">\n<div class=\"platz platz1\">\n<div class=\"rahmen\">\n<div class=\"innen\">\n<p>In der aktuellen Folge \u201e<a class=\"link_seite nolis-link-intern\" title=\"Podcast des Gesundheitsamts\" href=\"https:\/\/www.goettingen.de\/portal\/seiten\/podcast-des-gesundheitsamts-900001137-25480.html?rubrik=900000003\" target=\"_self\" rel=\"noopener\">UV-Schutz<\/a>\u201c spricht Sascha Prinz mit dem Neurologen Thomas Neumann \u00fcber die Auswirkungen ultravioletter Strahlung auf die menschliche Haut. Dabei geht der Fachmann auf Fragen ein, die viele Eltern im Alltag bewegen. Etwa, wie viel Sonne gut ist f\u00fcr die Haut oder welche Schutzma\u00dfnahmen man bei kleinen Kindern einhalten sollte.<\/p>\n<p>Bereits ver\u00f6ffentlicht sind die Folgen \u201e<a class=\"link_seite nolis-link-intern\" title=\"Podcast des Gesundheitsamts\" href=\"https:\/\/www.goettingen.de\/portal\/seiten\/podcast-des-gesundheitsamts-900001137-25480.html?rubrik=900000003\" target=\"_self\" rel=\"noopener\">Medienkompetenz im Vorschulalter<\/a>\u201c mit Sascha Prinz und \u201e<a class=\"link_seite nolis-link-intern\" title=\"Podcast des Gesundheitsamts\" href=\"https:\/\/www.goettingen.de\/portal\/seiten\/podcast-des-gesundheitsamts-900001137-25480.html?rubrik=900000003\" target=\"_self\" rel=\"noopener\">Die Schuleingangsuntersuchung<\/a>\u201c mit Angelika Puls. F\u00fcr alle Folgen stehen Transkripte der gesprochenen Worte <a class=\"link_seite nolis-link-intern\" title=\"Podcast des Gesundheitsamts\" href=\"https:\/\/www.goettingen.de\/portal\/seiten\/podcast-des-gesundheitsamts-900001137-25480.html?rubrik=900000003\" target=\"_self\" rel=\"noopener\">als Download auf der st\u00e4dtischen Webseite<\/a> bereit. F\u00fcr die n\u00e4chsten Ausgaben sind Themen wie \u201eWie begleite ich mein Kind durch die digitale Welt?\u201c oder \u201eWie gehe ich mit meinen Gef\u00fchlen um?\u201c geplant. So bietet die Reihe \u201eFit f\u00fcrs Leben\u201c eine gro\u00dfartige M\u00f6glichkeit, von Fachleuten auf dem Gebiet der Gesundheitsf\u00f6rderung zu lernen und wertvolle Einblicke in das Angebot des Gesundheitsamts f\u00fcr die Stadt und den Landkreis G\u00f6ttingen zu erhalten.<\/p>\n<p>Die Reihe ist Teil des Projekts \u201eFit f\u00fcrs Leben\u201c, welches sich der Gesundheitsf\u00f6rderung in 16 Kitas in Stadt und Landkreis G\u00f6ttingen widmet. Ziel ist es, Familien in allen Aspekten des gesunden Familienalltags zu unterst\u00fctzen, dabei stehen die Themen Bewegung, Ern\u00e4hrung, psychische Gesundheit sowie Medienkompetenz im Vordergrund. Das Projekt \u201eFit f\u00fcrs Leben\u201c ist eine beispielhafte Kooperation zwischen dem Gesundheitsamt und derTK. Gemeinsam setzen sie sich f\u00fcr die F\u00f6rderung der Gesundheit von Kindern und Familien in Stadt und Landkreis G\u00f6ttingen ein und bieten eine breite Palette von Aktivit\u00e4ten in den teilnehmenden Kindertagesst\u00e4tten an.<\/p>\n<p>Neben dem Podcast gibt es auch kostenlose Online-Seminare zu den genannten Themen, die f\u00fcr alle Interessierten zug\u00e4nglich sind. Zus\u00e4tzliche Informationen zu den Podcasts, den Online-Seminaren und Tipps f\u00fcr einen gesunden Familienalltag gibt es auf dem offiziellen <a class=\"link_katalog nolis-link-extern\" title=\"Instagram fit.fuers.leben (https:\/\/www.instagram.com\/fit.fuers.leben\/)\" href=\"https:\/\/www.instagram.com\/fit.fuers.leben\/\" target=\"_blank\" rel=\"noopener\">Instagram-Account fit.fuers.lebe<\/a>n sowie online auf der <a class=\"link_katalog nolis-link-extern\" title=\"Fit f\u00fcrs Leben Gesundheitsregion G\u00f6ttingen (https:\/\/gesundheitsregiongoettingen.de\/fitfuersleben\/)\" href=\"https:\/\/gesundheitsregiongoettingen.de\/fitfuersleben\/\" target=\"_blank\" rel=\"noopener\">Projektseite<\/a>.<\/p>\n<\/div>\n<\/div>\n<\/div>\n<\/div>\n<\/div>\n<\/div>\n<\/blockquote>\n","protected":false},"excerpt":{"rendered":"<p>(Quelle: https:\/\/www.goettingen.de\/portal\/meldungen\/neue-reihe-im-staedtischen-podcast-fit-fuers-leben-gesundheitsfoerderung-fuer-familien-in-goettingen&#8211;900002109-25480.html?rubrik=900000003) 01.08.2023 Neue Reihe im st\u00e4dtischen Podcast: \u201eFit f\u00fcrs Leben &#8211; Gesundheitsf\u00f6rderung f\u00fcr Familien in G\u00f6ttingen\u201c Das Gesundheitsamt f\u00fcr die Stadt und den Landkreis G\u00f6ttingen pr\u00e4sentiert mit Unterst\u00fctzung durch die Techniker Krankenkasse (TK) die Podcast-Folgen \u201eFit f\u00fcrs Leben\u201c. Sie sind ab sofort im st\u00e4dtischen Podcast-Channel \u201eEs gibt\u2019s was auf die Ohren\u201c auf Spotify sowie &#8230; <a title=\"Neue Reihe im st\u00e4dtischen Podcast: \u201eFit f\u00fcrs Leben &#8211; Gesundheitsf\u00f6rderung f\u00fcr Familien in G\u00f6ttingen\u201c\" class=\"read-more\" href=\"https:\/\/rt-europaallee.de\/wordpress\/2023\/08\/neue-reihe-im-staedtischen-podcast-fit-fuers-leben-gesundheitsfoerderung-fuer-familien-in-goettingen\/\" aria-label=\"Mehr Informationen \u00fcber Neue Reihe im st\u00e4dtischen Podcast: \u201eFit f\u00fcrs Leben &#8211; Gesundheitsf\u00f6rderung f\u00fcr Familien in G\u00f6ttingen\u201c\">Weiterlesen<\/a><\/p>\n","protected":false},"author":3,"featured_media":0,"comment_status":"closed","ping_status":"open","sticky":false,"template":"","format":"standard","meta":{"footnotes":""},"categories":[1],"tags":[],"class_list":["post-14916","post","type-post","status-publish","format-standard","hentry","category-allgemein"],"_links":{"self":[{"href":"https:\/\/rt-europaallee.de\/wordpress\/wp-json\/wp\/v2\/posts\/14916","targetHints":{"allow":["GET"]}}],"collection":[{"href":"https:\/\/rt-europaallee.de\/wordpress\/wp-json\/wp\/v2\/posts"}],"about":[{"href":"https:\/\/rt-europaallee.de\/wordpress\/wp-json\/wp\/v2\/types\/post"}],"author":[{"embeddable":true,"href":"https:\/\/rt-europaallee.de\/wordpress\/wp-json\/wp\/v2\/users\/3"}],"replies":[{"embeddable":true,"href":"https:\/\/rt-europaallee.de\/wordpress\/wp-json\/wp\/v2\/comments?post=14916"}],"version-history":[{"count":1,"href":"https:\/\/rt-europaallee.de\/wordpress\/wp-json\/wp\/v2\/posts\/14916\/revisions"}],"predecessor-version":[{"id":14917,"href":"https:\/\/rt-europaallee.de\/wordpress\/wp-json\/wp\/v2\/posts\/14916\/revisions\/14917"}],"wp:attachment":[{"href":"https:\/\/rt-europaallee.de\/wordpress\/wp-json\/wp\/v2\/media?parent=14916"}],"wp:term":[{"taxonomy":"category","embeddable":true,"href":"https:\/\/rt-europaallee.de\/wordpress\/wp-json\/wp\/v2\/categories?post=14916"},{"taxonomy":"post_tag","embeddable":true,"href":"https:\/\/rt-europaallee.de\/wordpress\/wp-json\/wp\/v2\/tags?post=14916"}],"curies":[{"name":"wp","href":"https:\/\/api.w.org\/{rel}","templated":true}]}}