{"id":14918,"date":"2023-08-02T16:56:14","date_gmt":"2023-08-02T14:56:14","guid":{"rendered":"http:\/\/rt-europaallee.org\/wordpress\/?p=14918"},"modified":"2023-08-02T16:56:14","modified_gmt":"2023-08-02T14:56:14","slug":"stadt-goettingen-erste-ergebnisse-der-untersuchungen-auf-moegliche-kampfmittel-am-ohg","status":"publish","type":"post","link":"https:\/\/rt-europaallee.de\/wordpress\/2023\/08\/stadt-goettingen-erste-ergebnisse-der-untersuchungen-auf-moegliche-kampfmittel-am-ohg\/","title":{"rendered":"Stadt G\u00f6ttingen: Erste Ergebnisse der Untersuchungen auf m\u00f6gliche Kampfmittel am OHG"},"content":{"rendered":"<p>(Quelle: <a href=\"https:\/\/www.goettingen.de\/portal\/meldungen\/erste-ergebnisse-der-untersuchungen-auf-moegliche-kampfmittel-am-ohg-900002106-25480.html?rubrik=900000003\">https:\/\/www.goettingen.de\/portal\/meldungen\/erste-ergebnisse-der-untersuchungen-auf-moegliche-kampfmittel-am-ohg-900002106-25480.html?rubrik=900000003<\/a>)<\/p>\n<p>\u00a0<\/p>\n<blockquote>\n<div id=\"middle_center\">\n<div id=\"content\" role=\"main\">\n<div id=\"content_in\">\n<div id=\"nolis_content\">\n<div id=\"nolis_content_heading\" class=\"nolis_aktuelles_detail kontrast-bg\">\n<div class=\"fusstext fusstext_oben\"><span class=\"create\">01.08.2023<\/span>\n<div>\u00a0<\/div>\n<\/div>\n<h3 class=\"kontrast-bild\"><span style=\"color: #0000ff;\">Erste Ergebnisse der Untersuchungen auf m\u00f6gliche Kampfmittel am OHG<\/span><\/h3>\n<div id=\"nolis_content_site\" class=\"nolis_content_site\">\n<p class=\"anreisser_detail\"><strong>Bei den Erkundungen auf m\u00f6gliche Kampfmittel aus dem Zweiten Weltkrieg auf Fl\u00e4chen am Otto-Hahn-Gymnasium liegen erste Ergebnisse vor. Die Arbeiten stehen in Zusammenhang mit den Vorbereitungen f\u00fcr den geplanten Erweiterungsbau am OHG.<\/strong><\/p>\n<div class=\"print_href print_abbr\">\n<div class=\"template1\">\n<div class=\"platz platz1\">\n<div class=\"rahmen\">\n<div class=\"innen\">\n<p>An zwei Stellen, an denen Messungen der Fachleute im tieferen Bodenbereich auf Anomalien hingewiesen hatten, kann infolge der technischen Untersuchungen nun Entwarnung gegeben werden. Die eine Messung l\u00f6sten zwei sehr gro\u00dfe Bombensplitter aus. Sie lagen derart dicht beieinander, dass es den Messungen zufolge auch ein Blindg\u00e4nger h\u00e4tte sein k\u00f6nnen. Diesem Verdacht galt es nachzugehen. Er ist nun entkr\u00e4ftet. Die Ursache f\u00fcr die andere verd\u00e4chtige Messung konnte ebenfalls gekl\u00e4rt werden, es handelte sich hier um altes Bohrger\u00e4t im Boden. Den Untersuchungsergebnissen zufolge gibt es in der Tiefe der Fl\u00e4chen am OHG damit keine verd\u00e4chtigen Objekte mehr.<\/p>\n<p>In den kommenden Wochen werden auf den Fl\u00e4chen f\u00fcr den Erweiterungsbau am OHG wie geplant noch die oberen Erdschichten abgesucht. Hier w\u00e4re es nach Einsch\u00e4tzung des Kampfmittelbeseitigungsdienstes Niedersachsen wahrscheinlich nur m\u00f6glich, dass allenfalls kleine Kampfmittel gefunden werden k\u00f6nnten. In bislang untersuchten Teilfl\u00e4chen wurden Eisenabf\u00e4lle, ein verrosteter Schachtdeckel, Bombensplitter und eine alte, nicht mehr genutzte Wasserleitung entdeckt.<\/p>\n<p>Falls bei den Untersuchungen kleinere Kampfmittel gefunden werden sollten, die nicht gefahrlos abtransportiert werden k\u00f6nnten, m\u00fcssten sie vor Ort beseitigt werden. Dann gilt auch weiterhin, was die Stadt G\u00f6ttingen den rund 300 Anwohner*innen und den Anlieger*innen im Umkreis von 300 Metern um das OHG vorsorglich per Handzettel an alle dortigen Haushalte, Unternehmen und Einrichtungen mitgeteilt hatte: Zu deren Sicherheit kann kurzfristig eine kurzzeitige Evakuierung in einem Radius von 300 Metern um das OHG erforderlich werden. In einem solchen Fall melden sich Einsatzkr\u00e4fte im Auftrag der Stadt G\u00f6ttingen pers\u00f6nlich direkt bei den Anwohner*innen und Anlieger*innen im Sperrbereich. Den Anweisungen der Einsatzkr\u00e4fte ist dann umgehend Folge zu leisten. F\u00fcr die Dauer einer kurzzeitigen Evakuierung sollte ein Aufenthaltsort weitr\u00e4umig au\u00dferhalb des Radius von 300 Metern aufgesucht werden. Die Stadt bereitet au\u00dferdem vorsorglich eine Evakuierungsunterkunft vor und gibt sie bekannt, falls sie erforderlich werden sollte. \u00a0<\/p>\n<h4>Weitere Informationen<\/h4>\n<p>Aktuelle Informationen zu den Kampfmittelsondierungen in der Weststadt bietet fortlaufend der st\u00e4dtische Liveblog im Internet unter <a class=\"link_aktuelles nolis-link-intern\" title=\"Aktuelle Infos zum Kampfmittelverdacht in der Weststadt\" href=\"https:\/\/www.goettingen.de\/portal\/meldungen\/aktuelle-infos-zum-kampfmittelverdacht-in-der-weststadt-900000220-25480.html?rubrik=900000003\" target=\"_self\" rel=\"noopener\">goe.de\/bombenverdacht<\/a>. Im Fall einer Evakuierung schaltet die Stadt G\u00f6ttingen eine Hotline unter Telefon 0551 400-5050 aktiv. Antworten auf Fragen erhalten Anwohner*innen auch per E-Mail an <a class=\"link_katalog email nolis-link-intern nolis-link-mailto\" title=\"ordnung@goettingen.de\" href=\"mailto:%6F%72%64%6E%75%6E%67%40%67%6F%65%74%74%69%6E%67%65%6E%2E%64%65\">ordnung@goettingen.de<\/a>.<\/p>\n<div class=\"texbausteine_klappbar container_tabelle_katalog container_tabelle_katalog_900000094\">\n<div id=\"6150324be8cda56e578ba2e2df6ae5f8900000094_900000347_0\" class=\"textbaustein hide odd  textbaustein_900000094_900000347_0\">\n<div class=\"textbaustein_head oneline\"><a class=\"zugeklappt bild-link\" title=\"auf-\/zuklappen\" aria-controls=\"6150324be8cda56e578ba2e2df6ae5f8_content900000094_900000347_0\" aria-expanded=\"false\">\u00a0<span class=\"\">Die Stadtverwaltung auf Messenger-Services<\/span> <\/a><\/div>\n<div class=\"clearfloat\">\u00a0<\/div>\n<\/div>\n<\/div>\n<p><em>Anregungen oder Meinungen zu dieser Mitteilung k\u00f6nnen Sie direkt an <a class=\"link_katalog email nolis-link-intern nolis-link-mailto\" title=\"IhreMeinung@goettingen.de\" href=\"mailto:%49%68%72%65%4D%65%69%6E%75%6E%67%40%67%6F%65%74%74%69%6E%67%65%6E%2E%64%65\">IhreMeinung@goettingen.de<\/a> senden. Wir leiten Ihre Nachricht an den zust\u00e4ndigen Fachdienst weiter.<\/em><\/p>\n<\/div>\n<\/div>\n<\/div>\n<\/div>\n<\/div>\n<\/div>\n<\/div>\n<\/div>\n<\/div>\n<\/div>\n<\/div>\n<div id=\"news\" class=\"news\">\u00a0<\/div>\n<\/blockquote>\n\n\n<p><\/p>\n","protected":false},"excerpt":{"rendered":"<p>(Quelle: https:\/\/www.goettingen.de\/portal\/meldungen\/erste-ergebnisse-der-untersuchungen-auf-moegliche-kampfmittel-am-ohg-900002106-25480.html?rubrik=900000003) \u00a0 01.08.2023 \u00a0 Erste Ergebnisse der Untersuchungen auf m\u00f6gliche Kampfmittel am OHG Bei den Erkundungen auf m\u00f6gliche Kampfmittel aus dem Zweiten Weltkrieg auf Fl\u00e4chen am Otto-Hahn-Gymnasium liegen erste Ergebnisse vor. Die Arbeiten stehen in Zusammenhang mit den Vorbereitungen f\u00fcr den geplanten Erweiterungsbau am OHG. An zwei Stellen, an denen Messungen der Fachleute im &#8230; <a title=\"Stadt G\u00f6ttingen: Erste Ergebnisse der Untersuchungen auf m\u00f6gliche Kampfmittel am OHG\" class=\"read-more\" href=\"https:\/\/rt-europaallee.de\/wordpress\/2023\/08\/stadt-goettingen-erste-ergebnisse-der-untersuchungen-auf-moegliche-kampfmittel-am-ohg\/\" aria-label=\"Mehr Informationen \u00fcber Stadt G\u00f6ttingen: Erste Ergebnisse der Untersuchungen auf m\u00f6gliche Kampfmittel am OHG\">Weiterlesen<\/a><\/p>\n","protected":false},"author":3,"featured_media":0,"comment_status":"closed","ping_status":"open","sticky":false,"template":"","format":"standard","meta":{"footnotes":""},"categories":[1],"tags":[],"class_list":["post-14918","post","type-post","status-publish","format-standard","hentry","category-allgemein"],"_links":{"self":[{"href":"https:\/\/rt-europaallee.de\/wordpress\/wp-json\/wp\/v2\/posts\/14918","targetHints":{"allow":["GET"]}}],"collection":[{"href":"https:\/\/rt-europaallee.de\/wordpress\/wp-json\/wp\/v2\/posts"}],"about":[{"href":"https:\/\/rt-europaallee.de\/wordpress\/wp-json\/wp\/v2\/types\/post"}],"author":[{"embeddable":true,"href":"https:\/\/rt-europaallee.de\/wordpress\/wp-json\/wp\/v2\/users\/3"}],"replies":[{"embeddable":true,"href":"https:\/\/rt-europaallee.de\/wordpress\/wp-json\/wp\/v2\/comments?post=14918"}],"version-history":[{"count":1,"href":"https:\/\/rt-europaallee.de\/wordpress\/wp-json\/wp\/v2\/posts\/14918\/revisions"}],"predecessor-version":[{"id":14919,"href":"https:\/\/rt-europaallee.de\/wordpress\/wp-json\/wp\/v2\/posts\/14918\/revisions\/14919"}],"wp:attachment":[{"href":"https:\/\/rt-europaallee.de\/wordpress\/wp-json\/wp\/v2\/media?parent=14918"}],"wp:term":[{"taxonomy":"category","embeddable":true,"href":"https:\/\/rt-europaallee.de\/wordpress\/wp-json\/wp\/v2\/categories?post=14918"},{"taxonomy":"post_tag","embeddable":true,"href":"https:\/\/rt-europaallee.de\/wordpress\/wp-json\/wp\/v2\/tags?post=14918"}],"curies":[{"name":"wp","href":"https:\/\/api.w.org\/{rel}","templated":true}]}}