{"id":14925,"date":"2023-08-06T12:04:07","date_gmt":"2023-08-06T10:04:07","guid":{"rendered":"http:\/\/rt-europaallee.org\/wordpress\/?p=14925"},"modified":"2023-08-06T12:04:07","modified_gmt":"2023-08-06T10:04:07","slug":"anlaufstelle-kontakt-in-krisen-e-v-neue-angemessene-kalt-mieten-bei-bezug-von-buergergeld-sgb-ii-und-grundsicherung-sgb-xii-im-landkreis-goettingen-seit-01-08-2023","status":"publish","type":"post","link":"https:\/\/rt-europaallee.de\/wordpress\/2023\/08\/anlaufstelle-kontakt-in-krisen-e-v-neue-angemessene-kalt-mieten-bei-bezug-von-buergergeld-sgb-ii-und-grundsicherung-sgb-xii-im-landkreis-goettingen-seit-01-08-2023\/","title":{"rendered":"Anlaufstelle &#8211; Kontakt in Krisen e.V.: Neue &#8222;angemessene&#8220; (Kalt-)Mieten bei Bezug von B\u00fcrgergeld (SGB II) und Grundsicherung (SGB XII) im Landkreis G\u00f6ttingen seit 01.08.2023"},"content":{"rendered":"<p>(Quelle: <a href=\"https:\/\/www.facebook.com\/ASTGoettingen\/posts\/pfbid0h88yReB6hbNeCzLsQ5SRsiJZdGJ7e1RFknhKvd2c321H4mViA5kFVvFNKWAFe17Ml\">https:\/\/www.facebook.com\/ASTGoettingen\/posts\/pfbid0h88yReB6hbNeCzLsQ5SRsiJZdGJ7e1RFknhKvd2c321H4mViA5kFVvFNKWAFe17Ml<\/a>)<\/p>\n<blockquote>\n<div class=\"xu06os2 x1ok221b\">\n<h3 id=\":R1al9aqqd9emhpapd5aq:\" class=\"x1heor9g x1qlqyl8 x1pd3egz x1a2a7pz x1gslohp x1yc453h\"><span class=\"xt0psk2\"><a class=\"x1i10hfl xjbqb8w x6umtig x1b1mbwd xaqea5y xav7gou x9f619 x1ypdohk xt0psk2 xe8uvvx xdj266r x11i5rnm xat24cr x1mh8g0r xexx8yu x4uap5 x18d9i69 xkhd6sd x16tdsg8 x1hl2dhg xggy1nq x1a2a7pz xt0b8zv xzsf02u x1s688f\" tabindex=\"0\" role=\"link\" href=\"https:\/\/www.facebook.com\/ASTGoettingen?__cft__[0]=AZVWiIg2yZeA1EIxpU9q-JWQoO_vXCg1V8x_Oi9kvBJ57Ph4VQXKl7VZwZ43gZzvKqICMi7SX-OccfbQOWCkqsDqTo92k6M8b_oB4S5rSpct3ftN7j9k1FgXi9GczIw142PIa-nPZKnHggx7VKosZyDz&amp;__tn__=-UC%2CP-R\"><strong>Anlaufstelle &#8211; Kontakt in Krisen e.V.<\/strong><\/a><\/span><\/h3>\n<\/div>\n<div class=\"\" dir=\"auto\">\n<div id=\":R1al9aqqd9emhpapd5aqH2:\" class=\"x1iorvi4 x1pi30zi x1l90r2v x1swvt13\" data-ad-comet-preview=\"message\" data-ad-preview=\"message\">\n<div class=\"x78zum5 xdt5ytf xz62fqu x16ldp7u\">\n<div class=\"xu06os2 x1ok221b\">\n<div class=\"xdj266r x11i5rnm xat24cr x1mh8g0r x1vvkbs x126k92a\">\n<div dir=\"auto\"><span class=\"x3nfvp2 x1j61x8r x1fcty0u xdj266r xhhsvwb xat24cr xgzva0m xxymvpz xlup9mm x1kky2od\"><img loading=\"lazy\" decoding=\"async\" src=\"https:\/\/static.xx.fbcdn.net\/images\/emoji.php\/v9\/t77\/1\/16\/203c.png\" alt=\"\u203c\ufe0f\" width=\"16\" height=\"16\" \/><\/span>Neue &#8222;angemessene&#8220; (Kalt-)Mieten bei Bezug von B\u00fcrgergeld (SGB II) und Grundsicherung (SGB XII) im Landkreis G\u00f6ttingen seit 01.08.2023.<span class=\"x3nfvp2 x1j61x8r x1fcty0u xdj266r xhhsvwb xat24cr xgzva0m xxymvpz xlup9mm x1kky2od\"><img loading=\"lazy\" decoding=\"async\" src=\"https:\/\/static.xx.fbcdn.net\/images\/emoji.php\/v9\/t77\/1\/16\/203c.png\" alt=\"\u203c\ufe0f\" width=\"16\" height=\"16\" \/><\/span><\/div>\n<\/div>\n<div class=\"x11i5rnm xat24cr x1mh8g0r x1vvkbs xtlvy1s x126k92a\">\n<div dir=\"auto\">Nachdem zum 01.01.23 die angemessenen Mieten deutlich erh\u00f6ht wurden, fand nun zum 01.08.23 wieder eine Anpassung statt, die in den meisten F\u00e4llen eine Absenkung bedeutet (z.B. 1-Personen Haushalt im Stadtgebiet G\u00f6ttingen rd. 30,00 Euro weniger als bis 31.07.23). Lediglich bei den &#8222;Kernorten&#8220; Rosdorf und Bovenden wurde nochmals erh\u00f6ht. Details entnehmt Ihr bitte der Grafik. Die Werte stellen die Bruttokaltmiete dar, also Grundmiete incl. kalter Nebenkosten (Betriebskosten) OHNE Heizkosten (Heizkosten kommen noch hinzu). Zum Vergleich findet ihr die alte Tabelle (g\u00fcltig von 01.01. bis 31.07.23) in den Kommentaren.<\/div>\n<div dir=\"auto\"><\/div>\n<div dir=\"auto\"><img decoding=\"async\" class=\"x1bwycvy x193iq5w x4fas0m x19kjcj4\" src=\"https:\/\/scontent-ham3-1.xx.fbcdn.net\/v\/t39.30808-6\/363339338_674750264696828_2598054663012825849_n.jpg?_nc_cat=100&amp;ccb=1-7&amp;_nc_sid=8bfeb9&amp;_nc_ohc=qEIGdiUNNdYAX8mx4k6&amp;_nc_ht=scontent-ham3-1.xx&amp;oh=00_AfD2WjuSKnUjNw4GCVLYPvAYuFb52ZsPKwzj-Bwhrmkd3g&amp;oe=64D460F3\" alt=\"Ist m\u00f6glicherweise ein Bild von Karte und Text\" data-visualcompletion=\"media-vc-image\" \/><\/div>\n<div dir=\"auto\">(<a href=\"https:\/\/www.facebook.com\/photo\/?fbid=674750228030165&amp;set=a.466517942186729\">https:\/\/www.facebook.com\/photo\/?fbid=674750228030165&amp;set=a.466517942186729<\/a>)<\/div>\n<div dir=\"auto\"><\/div>\n<div dir=\"auto\">\n<div class=\"xv55zj0 x1vvkbs x1rg5ohu xxymvpz\">\n<div class=\"x1tlxs6b x1g8br2z x1gn5b1j x230xth x9f619 xzsf02u x1rg5ohu xdj266r x11i5rnm xat24cr x1mh8g0r x193iq5w x1mzt3pk x1n2onr6 xeaf4i8 x13faqbe xjbqb8w\">\n<div class=\"x1y1aw1k xn6708d xwib8y2 x1ye3gou\">\n<div class=\"x1i10hfl xjbqb8w x6umtig x1b1mbwd xaqea5y xav7gou x9f619 x1ypdohk xt0psk2 xe8uvvx xdj266r x11i5rnm xat24cr x1mh8g0r xexx8yu x4uap5 x18d9i69 xkhd6sd x16tdsg8 x1hl2dhg xggy1nq x1a2a7pz x1heor9g xt0b8zv\" tabindex=\"0\" role=\"button\" aria-label=\"Identity Badges\">\n<div class=\"x6s0dn4 x78zum5 x12nagc\"><img decoding=\"async\" class=\"xw3qccf\" src=\"https:\/\/static.xx.fbcdn.net\/rsrc.php\/v3\/yw\/r\/8iuTX4LlGZO.png\" alt=\"\" height=\"12\" \/><span class=\"xi81zsa x190qgfh x1s688f x1u7k74 x16dsc37 xfs2ol5\">Verfasser<\/span><\/div>\n<\/div>\n<p><span class=\"xt0psk2\"><a class=\"x1i10hfl xjbqb8w x6umtig x1b1mbwd xaqea5y xav7gou x9f619 x1ypdohk xt0psk2 xe8uvvx xdj266r x11i5rnm xat24cr x1mh8g0r xexx8yu x4uap5 x18d9i69 xkhd6sd x16tdsg8 x1hl2dhg xggy1nq x1a2a7pz x1heor9g xt0b8zv\" tabindex=\"0\" role=\"link\" href=\"https:\/\/www.facebook.com\/ASTGoettingen?comment_id=Y29tbWVudDo2NzQ3NTAyNDgwMzAxNjNfMjA1OTUzMzEyMTM3NzMw&amp;__cft__[0]=AZVWiIg2yZeA1EIxpU9q-JWQoO_vXCg1V8x_Oi9kvBJ57Ph4VQXKl7VZwZ43gZzvKqICMi7SX-OccfbQOWCkqsDqTo92k6M8b_oB4S5rSpct3ftN7j9k1FgXi9GczIw142PIa-nPZKnHggx7VKosZyDz&amp;__tn__=R]-R\" aria-hidden=\"false\"><span class=\"x3nfvp2\"><span class=\"x193iq5w xeuugli x13faqbe x1vvkbs x1xmvt09 x1lliihq x1s928wv xhkezso x1gmr53x x1cpjm7i x1fgarty x1943h6x x4zkp8e x676frb x1nxh6w3 x1sibtaa x1s688f xzsf02u\" dir=\"auto\">Anlaufstelle &#8211; Kontakt in Krisen e.V.<\/span><\/span><\/a><\/span><\/div>\n<\/div>\n<\/div>\n<div class=\"x1rg5ohu xxymvpz x17z2i9w\">\n<div class=\"x1hy63sm xg01cxk xhva3ql\" aria-hidden=\"false\"><\/div>\n<\/div>\n<div>\n<div class=\"x1rg5ohu xxymvpz x17z2i9w\">\n<div class=\"x1hy63sm xg01cxk xhva3ql\" aria-hidden=\"false\"><\/div>\n<\/div>\n<\/div>\n<div class=\"x78zum5 xv55zj0 x1vvkbs\">\n<div class=\"x3nfvp2 x1n2onr6 xxymvpz xh8yej3\">\n<div class=\"xdl72j9 x1iyjqo2 xs83m0k xeuugli xh8yej3\">\n<div class=\"x1tlxs6b x1g8br2z x1gn5b1j x230xth x1rg5ohu x12nagc x193iq5w x6ikm8r x10wlt62 x1n2onr6 xxymvpz xdj266r\">\n<div class=\"x1ey2m1c x9f619 xds687c x10l6tqk x17qophe x13vifvy\"><\/div>\n<div><img decoding=\"async\" class=\"x1bwycvy x193iq5w x4fas0m x19kjcj4\" src=\"https:\/\/scontent-ham3-1.xx.fbcdn.net\/v\/t39.30808-6\/365458924_674750768030111_2165471107641045020_n.jpg?_nc_cat=100&amp;ccb=1-7&amp;_nc_sid=dbeb18&amp;_nc_ohc=fMdiRg2gPDIAX-lYzfE&amp;_nc_ht=scontent-ham3-1.xx&amp;oh=00_AfBKemBf2u7bCPV9Ekssj80APor82o7lR3hkGHmK0dkPbA&amp;oe=64D41A8A\" alt=\"Ist m\u00f6glicherweise ein Bild von Text\" data-visualcompletion=\"media-vc-image\" \/><\/div>\n<div>(<a href=\"https:\/\/www.facebook.com\/photo.php?fbid=674750774696777&amp;set=p.674750774696777&amp;type=3\">https:\/\/www.facebook.com\/photo.php?fbid=674750774696777&amp;set=p.674750774696777&amp;type=3<\/a>)<\/div>\n<div class=\"x193iq5w\"><\/div>\n<\/div>\n<\/div>\n<\/div>\n<\/div>\n<\/div>\n<\/div>\n<\/div>\n<\/div>\n<\/div>\n<\/div>\n<\/blockquote>\n","protected":false},"excerpt":{"rendered":"<p>(Quelle: https:\/\/www.facebook.com\/ASTGoettingen\/posts\/pfbid0h88yReB6hbNeCzLsQ5SRsiJZdGJ7e1RFknhKvd2c321H4mViA5kFVvFNKWAFe17Ml) Anlaufstelle &#8211; Kontakt in Krisen e.V. Neue &#8222;angemessene&#8220; (Kalt-)Mieten bei Bezug von B\u00fcrgergeld (SGB II) und Grundsicherung (SGB XII) im Landkreis G\u00f6ttingen seit 01.08.2023. Nachdem zum 01.01.23 die angemessenen Mieten deutlich erh\u00f6ht wurden, fand nun zum 01.08.23 wieder eine Anpassung statt, die in den meisten F\u00e4llen eine Absenkung bedeutet (z.B. 1-Personen Haushalt im &#8230; <a title=\"Anlaufstelle &#8211; Kontakt in Krisen e.V.: Neue &#8222;angemessene&#8220; (Kalt-)Mieten bei Bezug von B\u00fcrgergeld (SGB II) und Grundsicherung (SGB XII) im Landkreis G\u00f6ttingen seit 01.08.2023\" class=\"read-more\" href=\"https:\/\/rt-europaallee.de\/wordpress\/2023\/08\/anlaufstelle-kontakt-in-krisen-e-v-neue-angemessene-kalt-mieten-bei-bezug-von-buergergeld-sgb-ii-und-grundsicherung-sgb-xii-im-landkreis-goettingen-seit-01-08-2023\/\" aria-label=\"Mehr Informationen \u00fcber Anlaufstelle &#8211; Kontakt in Krisen e.V.: Neue &#8222;angemessene&#8220; (Kalt-)Mieten bei Bezug von B\u00fcrgergeld (SGB II) und Grundsicherung (SGB XII) im Landkreis G\u00f6ttingen seit 01.08.2023\">Weiterlesen<\/a><\/p>\n","protected":false},"author":3,"featured_media":0,"comment_status":"closed","ping_status":"open","sticky":false,"template":"","format":"standard","meta":{"footnotes":""},"categories":[1],"tags":[],"class_list":["post-14925","post","type-post","status-publish","format-standard","hentry","category-allgemein"],"_links":{"self":[{"href":"https:\/\/rt-europaallee.de\/wordpress\/wp-json\/wp\/v2\/posts\/14925","targetHints":{"allow":["GET"]}}],"collection":[{"href":"https:\/\/rt-europaallee.de\/wordpress\/wp-json\/wp\/v2\/posts"}],"about":[{"href":"https:\/\/rt-europaallee.de\/wordpress\/wp-json\/wp\/v2\/types\/post"}],"author":[{"embeddable":true,"href":"https:\/\/rt-europaallee.de\/wordpress\/wp-json\/wp\/v2\/users\/3"}],"replies":[{"embeddable":true,"href":"https:\/\/rt-europaallee.de\/wordpress\/wp-json\/wp\/v2\/comments?post=14925"}],"version-history":[{"count":1,"href":"https:\/\/rt-europaallee.de\/wordpress\/wp-json\/wp\/v2\/posts\/14925\/revisions"}],"predecessor-version":[{"id":14926,"href":"https:\/\/rt-europaallee.de\/wordpress\/wp-json\/wp\/v2\/posts\/14925\/revisions\/14926"}],"wp:attachment":[{"href":"https:\/\/rt-europaallee.de\/wordpress\/wp-json\/wp\/v2\/media?parent=14925"}],"wp:term":[{"taxonomy":"category","embeddable":true,"href":"https:\/\/rt-europaallee.de\/wordpress\/wp-json\/wp\/v2\/categories?post=14925"},{"taxonomy":"post_tag","embeddable":true,"href":"https:\/\/rt-europaallee.de\/wordpress\/wp-json\/wp\/v2\/tags?post=14925"}],"curies":[{"name":"wp","href":"https:\/\/api.w.org\/{rel}","templated":true}]}}