{"id":14949,"date":"2023-08-15T21:14:55","date_gmt":"2023-08-15T19:14:55","guid":{"rendered":"http:\/\/rt-europaallee.org\/wordpress\/?p=14949"},"modified":"2023-08-15T21:14:55","modified_gmt":"2023-08-15T19:14:55","slug":"hagenweg-20-stadt-richtet-neuen-fachdienst-sozialarbeit-ein","status":"publish","type":"post","link":"https:\/\/rt-europaallee.de\/wordpress\/2023\/08\/hagenweg-20-stadt-richtet-neuen-fachdienst-sozialarbeit-ein\/","title":{"rendered":"Hagenweg 20 \u2013 Stadt richtet neuen Fachdienst \u201eSozialarbeit\u201c ein"},"content":{"rendered":"<p>(Quelle: <a href=\"https:\/\/www.goettingen.de\/portal\/meldungen\/hagenweg-20-stadt-richtet-neuen-fachdienst-sozialarbeit-ein-900002137-25480.html?rubrik=900000003\">https:\/\/www.goettingen.de\/portal\/meldungen\/hagenweg-20-stadt-richtet-neuen-fachdienst-sozialarbeit-ein-900002137-25480.html?rubrik=900000003<\/a>)<\/p>\n<blockquote>\n<div class=\"fusstext fusstext_oben\"><span class=\"create\">14.08.2023<\/span><\/p>\n<div><\/div>\n<\/div>\n<h3 class=\"kontrast-bild\">Hagenweg 20 \u2013 Stadt richtet neuen Fachdienst \u201eSozialarbeit\u201c ein<\/h3>\n<div id=\"nolis_content_site\" class=\"nolis_content_site\">\n<p class=\"anreisser_detail\"><strong>Um Menschen, die derzeit im Hagenweg 20 und weiteren Immobilien mit prek\u00e4ren Wohnverh\u00e4ltnissen leben, beim Umzug in ein neues Zuhause zu unterst\u00fctzen und zu begleiten, hat die Stadt G\u00f6ttingen einen neuen Fachdienst \u201eSozialarbeit\u201c gegr\u00fcndet. Dort wird die Expertise verschiedener Fachleute geb\u00fcndelt, um auch vor Ort effektiv handeln zu k\u00f6nnen.<\/strong><\/p>\n<div class=\"print_href print_abbr\">\n<div class=\"template1\">\n<div class=\"platz platz1\">\n<div class=\"rahmen\">\n<div class=\"innen\">\n<p>\u201eNiemand in G\u00f6ttingen soll in Verh\u00e4ltnissen wie am Hagenweg 20 leben m\u00fcssen, vor allem keine Familien mit Kindern\u201c, erl\u00e4utert Anja Krause, Sozialdezernentin bei der Stadt G\u00f6ttingen. Dennoch w\u00fcrden immer wieder Menschen in das Geb\u00e4ude einziehen. Im neuen Fachdienst kommen Fl\u00fcchtlingssozialarbeiter*innen, das Mobile Clearing sowie Sozialarbeiter*innen f\u00fcr Menschen in prek\u00e4ren Wohnimmobilien zusammen. Sie alle bringen ihr jeweiliges Know-how ein, um den Bewohner*innen im Hagenweg 20 und anderen Immobilien mit prek\u00e4ren Wohnverh\u00e4ltnissen unter die Arme zu greifen und vor allem eine Umzugsperspektive zu schaffen. Vorbereitet werden Mieterqualifizierungen und Schulungen beispielsweise im Umgang mit der Entsorgung von Abfall. Um die Menschen vor Ort bis zu einem tats\u00e4chlichen beziehungsweise m\u00f6glichen vor Ort zu unterst\u00fctzen, wird in einer der leerstehenden st\u00e4dtischen Wohnungen ein Waschmaschinenraum f\u00fcr die Bewohner*innen des Hauses eingerichtet. Eine weitere bisher leerstehende Wohnung ist zum Besprechungs- und Beratungsraum umgestaltet worden. Dort finden verschiedene Unterst\u00fctzungsangebote f\u00fcr die Bewohner*innen statt. Vor dem Haus werden B\u00e4nke und Abfallbeh\u00e4lter bereitgestellt, um Sitz- und Aufenthaltsm\u00f6glichkeiten zu schaffen.<\/p>\n<p>\u201eAktuell wei\u00dft der Hagenweg 20 einen recht hohen Leerstand aus\u201c, erg\u00e4nzt Wilhelm Kohlrautz, Leiter des st\u00e4dtischen Fachbereichs Soziale Sicherung. Gut 40 Prozent des Geb\u00e4udes st\u00fcnden leer. Erst im Juni 2023 hatte die Stadt 22 Appartements in dem Wohnblock erworben mit dem Ziel, nun in der Wohnungseigent\u00fcmerversammlung vertreten zu sein und mehr Einfluss auf die Verh\u00e4ltnisse nehmen zu k\u00f6nnen. Von den Wohnungen sind aktuell nur 15 vermietet. Sie werden, sofern n\u00f6tig, Instand gesetzt. So wie die bereits leerstehenden Wohnungen werden auch sie, wenn sie frei werden, aufgrund des Zustands der Wohnungen nicht weitervermietet. \u201eSo wollen wir einen Leerstand herbeif\u00fchren, der den Weg zur Sanierung oder zum Abriss und Neubau ebnet\u201c, so Kohlrautz.<\/p>\n<p>G\u00f6ttingens Oberb\u00fcrgermeisterin Petra Broistedt hatte die Strategie der Stadt zum Wohnungsankauf im Juni so beschrieben: \u201eWir wollen durch den Kauf der Wohnungen gemeinsam mit den anderen Eigent\u00fcmer*innen an einem Tisch sitzen, mitbeschlie\u00dfen und immer wieder auf den Erhalt unseres Eigentums klagen.\u201c Erkl\u00e4rtes Ziel sei es, eine unangenehme Miteigent\u00fcmerin zu sein.<\/p>\n<\/div>\n<\/div>\n<\/div>\n<\/div>\n<\/div>\n<\/div>\n<\/blockquote>\n","protected":false},"excerpt":{"rendered":"<p>(Quelle: https:\/\/www.goettingen.de\/portal\/meldungen\/hagenweg-20-stadt-richtet-neuen-fachdienst-sozialarbeit-ein-900002137-25480.html?rubrik=900000003) 14.08.2023 Hagenweg 20 \u2013 Stadt richtet neuen Fachdienst \u201eSozialarbeit\u201c ein Um Menschen, die derzeit im Hagenweg 20 und weiteren Immobilien mit prek\u00e4ren Wohnverh\u00e4ltnissen leben, beim Umzug in ein neues Zuhause zu unterst\u00fctzen und zu begleiten, hat die Stadt G\u00f6ttingen einen neuen Fachdienst \u201eSozialarbeit\u201c gegr\u00fcndet. Dort wird die Expertise verschiedener Fachleute geb\u00fcndelt, um auch &#8230; <a title=\"Hagenweg 20 \u2013 Stadt richtet neuen Fachdienst \u201eSozialarbeit\u201c ein\" class=\"read-more\" href=\"https:\/\/rt-europaallee.de\/wordpress\/2023\/08\/hagenweg-20-stadt-richtet-neuen-fachdienst-sozialarbeit-ein\/\" aria-label=\"Mehr Informationen \u00fcber Hagenweg 20 \u2013 Stadt richtet neuen Fachdienst \u201eSozialarbeit\u201c ein\">Weiterlesen<\/a><\/p>\n","protected":false},"author":3,"featured_media":0,"comment_status":"closed","ping_status":"open","sticky":false,"template":"","format":"standard","meta":{"footnotes":""},"categories":[1],"tags":[],"class_list":["post-14949","post","type-post","status-publish","format-standard","hentry","category-allgemein"],"_links":{"self":[{"href":"https:\/\/rt-europaallee.de\/wordpress\/wp-json\/wp\/v2\/posts\/14949","targetHints":{"allow":["GET"]}}],"collection":[{"href":"https:\/\/rt-europaallee.de\/wordpress\/wp-json\/wp\/v2\/posts"}],"about":[{"href":"https:\/\/rt-europaallee.de\/wordpress\/wp-json\/wp\/v2\/types\/post"}],"author":[{"embeddable":true,"href":"https:\/\/rt-europaallee.de\/wordpress\/wp-json\/wp\/v2\/users\/3"}],"replies":[{"embeddable":true,"href":"https:\/\/rt-europaallee.de\/wordpress\/wp-json\/wp\/v2\/comments?post=14949"}],"version-history":[{"count":1,"href":"https:\/\/rt-europaallee.de\/wordpress\/wp-json\/wp\/v2\/posts\/14949\/revisions"}],"predecessor-version":[{"id":14950,"href":"https:\/\/rt-europaallee.de\/wordpress\/wp-json\/wp\/v2\/posts\/14949\/revisions\/14950"}],"wp:attachment":[{"href":"https:\/\/rt-europaallee.de\/wordpress\/wp-json\/wp\/v2\/media?parent=14949"}],"wp:term":[{"taxonomy":"category","embeddable":true,"href":"https:\/\/rt-europaallee.de\/wordpress\/wp-json\/wp\/v2\/categories?post=14949"},{"taxonomy":"post_tag","embeddable":true,"href":"https:\/\/rt-europaallee.de\/wordpress\/wp-json\/wp\/v2\/tags?post=14949"}],"curies":[{"name":"wp","href":"https:\/\/api.w.org\/{rel}","templated":true}]}}