{"id":14957,"date":"2023-08-19T15:30:24","date_gmt":"2023-08-19T13:30:24","guid":{"rendered":"http:\/\/rt-europaallee.org\/wordpress\/?p=14957"},"modified":"2023-08-19T15:30:24","modified_gmt":"2023-08-19T13:30:24","slug":"stadt-goettingen-vollsperrung-der-otto-brenner-strasse-ab-30-august","status":"publish","type":"post","link":"https:\/\/rt-europaallee.de\/wordpress\/2023\/08\/stadt-goettingen-vollsperrung-der-otto-brenner-strasse-ab-30-august\/","title":{"rendered":"Stadt G\u00f6ttingen: Vollsperrung der Otto-Brenner-Stra\u00dfe ab 30. August"},"content":{"rendered":"<p>(Quelle: <a href=\"https:\/\/www.goettingen.de\/portal\/meldungen\/vollsperrung-der-otto-brenner-strasse-ab-30-august-900002148-25480.html?rubrik=900000003\">https:\/\/www.goettingen.de\/portal\/meldungen\/vollsperrung-der-otto-brenner-strasse-ab-30-august-900002148-25480.html?rubrik=900000003<\/a>)<\/p>\n<blockquote>\n<div class=\"fusstext fusstext_oben\"><span class=\"create\">16.08.2023<\/span><\/p>\n<div><\/div>\n<\/div>\n<h3 class=\"kontrast-bild\">Vollsperrung der Otto-Brenner-Stra\u00dfe ab 30. August<\/h3>\n<div id=\"nolis_content_site\" class=\"nolis_content_site\">\n<p class=\"anreisser_detail\"><strong>Ab Mittwoch, 30. August 2023, muss die Otto-Brenner-Stra\u00dfe im Bereich zwischen Robert-Bosch-Breite und Hermann-Kolbe-Stra\u00dfe in H\u00f6he der Kreuzung Ellieh\u00e4user Weg bis voraussichtlich Montag, 30. Oktober 2023, voll gesperrt werden.<\/strong><\/p>\n<div class=\"print_href print_abbr\">\n<div class=\"template1\">\n<div class=\"platz platz1\">\n<div class=\"rahmen\">\n<div class=\"innen\">\n<p>Die Vollsperrung ist notwendig f\u00fcr den Umbau der Fahrspuren im Rahmen einer neuen Zufahrt zur Sartorius-Kindertagesst\u00e4tte.<\/p>\n<p>Die Otto-Brenner-Stra\u00dfe sowie der Ellieh\u00e4user Weg werden hierf\u00fcr als Sackgasse bis zur Baustelle eingerichtet. Umleitungen \u00fcber Hermann-Kolbe-Stra\u00dfe, August-Spindler-Stra\u00dfe, Robert-Bosch-Breite und gegenl\u00e4ufig werden ausgeschildert.<\/p>\n<p>Im <a class=\"link_katalog nolis-link-extern\" title=\"Baustellen\u00fcbersicht im Stadtplan (https:\/\/stadtplan.goettingen.de\/Goettingen\/client\/gisclient\/index.html?&amp;applicationId=1105#layers\/66,67,69,68,64,63,65,62,58,61,59,60,57|header\/Baustellen)\" href=\"https:\/\/stadtplan.goettingen.de\/Goettingen\/client\/gisclient\/index.html?&amp;applicationId=1105#layers\/66,67,69,68,64,63,65,62,58,61,59,60,57|header\/Baustellen\" target=\"_blank\" rel=\"noopener\">digitalen Stadtplan<\/a> sind gr\u00f6\u00dfere Baustellen f\u00fcr die Dauer der Ma\u00dfnahmen zu finden.<\/p>\n<\/div>\n<\/div>\n<\/div>\n<\/div>\n<\/div>\n<\/div>\n<\/blockquote>\n","protected":false},"excerpt":{"rendered":"<p>(Quelle: https:\/\/www.goettingen.de\/portal\/meldungen\/vollsperrung-der-otto-brenner-strasse-ab-30-august-900002148-25480.html?rubrik=900000003) 16.08.2023 Vollsperrung der Otto-Brenner-Stra\u00dfe ab 30. August Ab Mittwoch, 30. August 2023, muss die Otto-Brenner-Stra\u00dfe im Bereich zwischen Robert-Bosch-Breite und Hermann-Kolbe-Stra\u00dfe in H\u00f6he der Kreuzung Ellieh\u00e4user Weg bis voraussichtlich Montag, 30. Oktober 2023, voll gesperrt werden. Die Vollsperrung ist notwendig f\u00fcr den Umbau der Fahrspuren im Rahmen einer neuen Zufahrt zur Sartorius-Kindertagesst\u00e4tte. Die &#8230; <a title=\"Stadt G\u00f6ttingen: Vollsperrung der Otto-Brenner-Stra\u00dfe ab 30. August\" class=\"read-more\" href=\"https:\/\/rt-europaallee.de\/wordpress\/2023\/08\/stadt-goettingen-vollsperrung-der-otto-brenner-strasse-ab-30-august\/\" aria-label=\"Mehr Informationen \u00fcber Stadt G\u00f6ttingen: Vollsperrung der Otto-Brenner-Stra\u00dfe ab 30. August\">Weiterlesen<\/a><\/p>\n","protected":false},"author":3,"featured_media":0,"comment_status":"closed","ping_status":"open","sticky":false,"template":"","format":"standard","meta":{"footnotes":""},"categories":[1],"tags":[],"class_list":["post-14957","post","type-post","status-publish","format-standard","hentry","category-allgemein"],"_links":{"self":[{"href":"https:\/\/rt-europaallee.de\/wordpress\/wp-json\/wp\/v2\/posts\/14957","targetHints":{"allow":["GET"]}}],"collection":[{"href":"https:\/\/rt-europaallee.de\/wordpress\/wp-json\/wp\/v2\/posts"}],"about":[{"href":"https:\/\/rt-europaallee.de\/wordpress\/wp-json\/wp\/v2\/types\/post"}],"author":[{"embeddable":true,"href":"https:\/\/rt-europaallee.de\/wordpress\/wp-json\/wp\/v2\/users\/3"}],"replies":[{"embeddable":true,"href":"https:\/\/rt-europaallee.de\/wordpress\/wp-json\/wp\/v2\/comments?post=14957"}],"version-history":[{"count":1,"href":"https:\/\/rt-europaallee.de\/wordpress\/wp-json\/wp\/v2\/posts\/14957\/revisions"}],"predecessor-version":[{"id":14958,"href":"https:\/\/rt-europaallee.de\/wordpress\/wp-json\/wp\/v2\/posts\/14957\/revisions\/14958"}],"wp:attachment":[{"href":"https:\/\/rt-europaallee.de\/wordpress\/wp-json\/wp\/v2\/media?parent=14957"}],"wp:term":[{"taxonomy":"category","embeddable":true,"href":"https:\/\/rt-europaallee.de\/wordpress\/wp-json\/wp\/v2\/categories?post=14957"},{"taxonomy":"post_tag","embeddable":true,"href":"https:\/\/rt-europaallee.de\/wordpress\/wp-json\/wp\/v2\/tags?post=14957"}],"curies":[{"name":"wp","href":"https:\/\/api.w.org\/{rel}","templated":true}]}}