{"id":14968,"date":"2023-08-21T22:38:42","date_gmt":"2023-08-21T20:38:42","guid":{"rendered":"http:\/\/rt-europaallee.org\/wordpress\/?p=14968"},"modified":"2023-08-21T22:38:42","modified_gmt":"2023-08-21T20:38:42","slug":"pm-stadt-goettingen-einschraenkungen-am-groner-tor","status":"publish","type":"post","link":"https:\/\/rt-europaallee.de\/wordpress\/2023\/08\/pm-stadt-goettingen-einschraenkungen-am-groner-tor\/","title":{"rendered":"PM Stadt G\u00f6ttingen: Einschr\u00e4nkungen am Groner Tor"},"content":{"rendered":"<p>(Quelle: <a href=\"https:\/\/s3-eu-west-1.amazonaws.com\/\/files.crsend.com\/185000\/185603\/rss\/media\/14671967.htm\">https:\/\/s3-eu-west-1.amazonaws.com\/\/files.crsend.com\/185000\/185603\/rss\/media\/14671967.htm<\/a>)<\/p>\n<blockquote>\n<table border=\"0\" width=\"100%\" cellspacing=\"0\" cellpadding=\"0\">\n<tbody>\n<tr>\n<td class=\"cr-container editable\" align=\"center\" valign=\"top\" data-style=\"background-color:inherit;\" data-name=\"Container\">\n<table class=\"cr-maxwidth editable\" border=\"0\" width=\"100%\" cellspacing=\"0\" cellpadding=\"0\" data-style=\"background-color:inherit;border:inherit;\" data-name=\"Inner container\">\n<tbody>\n<tr>\n<td class=\"cr-text editable\" align=\"left\" valign=\"top\" data-style=\"font-family:inherit !important;color:inherit;line-height:inherit;letter-spacing:inherit;padding:0px;\" data-name=\"Text\">\n<div><a href=\"http:\/\/mailings.goettingen.de\/c\/86168954\/5e313c590-rzqjhd\"><img loading=\"lazy\" decoding=\"async\" src=\"https:\/\/files.crsend.com\/185000\/185603\/images\/G%C3%B6-Logo-einzeilig-2-f.png\" alt=\"\" width=\"450\" height=\"30\" \/><\/a><\/p>\n<p>pdg 457 \/ 21.08.2023<\/p>\n<\/div>\n<\/td>\n<\/tr>\n<\/tbody>\n<\/table>\n<\/td>\n<\/tr>\n<\/tbody>\n<\/table>\n<table border=\"0\" width=\"100%\" cellspacing=\"0\" cellpadding=\"0\">\n<tbody>\n<tr>\n<td class=\"cr-container editable\" align=\"center\" valign=\"top\" data-style=\"background-color:inherit;\" data-name=\"Container\">\n<table class=\"cr-maxwidth editable\" border=\"0\" width=\"100%\" cellspacing=\"0\" cellpadding=\"0\" data-style=\"background-color:inherit;border:inherit;\" data-name=\"Inner container\">\n<tbody>\n<tr>\n<td class=\"cr-text editable\" align=\"left\" valign=\"top\" data-style=\"font-family:inherit !important;color:inherit;line-height:inherit;letter-spacing:inherit;padding:0px;\" data-name=\"Text\">\n<h1 class=\"false\">Einschr\u00e4nkungen am Groner Tor<\/h1>\n<p class=\"false\">Im Zuge der Bauarbeiten am Groner Tor beginnt voraussichtlich am Montag, 28. August 2023, der zweite Bauabschnitt. Dabei kommt es zu Einschr\u00e4nkungen in der Groner-Tor-Stra\u00dfe sowie der B\u00fcrgerstra\u00dfe.<\/p>\n<p class=\"false\">Auf der s\u00fcdlichen Seite der Groner-Tor-Stra\u00dfe zwischen B\u00fcrgerstra\u00dfe und Kauschietenplan erfolgen Tief- und Kanalbauarbeiten. Die Groner-Tor-Stra\u00dfe verengt sich daher in beide Fahrtrichtungen auf je eine Fahrspur.<\/p>\n<p class=\"false\">In der B\u00fcrgerstra\u00dfe werden im Abschnitt zwischen Gartenstra\u00dfe und Groner-Tor-Stra\u00dfe die Rechtsabbiegerspur in die Groner-Tor-Stra\u00dfe sowie die rechte der beiden Geradeausspuren in Richtung Norden gesperrt. Das Abbiegen in die Groner-Tor-Stra\u00dfe bleibt weiterhin m\u00f6glich.<\/p>\n<p class=\"false\">Dieser Bauabschnitt wird voraussichtlich bis Ende des Jahres dauern. Die Fertigstellung der gesamten Arbeiten, die sich in der Groner-Tor-Stra\u00dfe von der Kreuzung Berliner Stra\u00dfe \/ B\u00fcrgerstra\u00dfe bis zur Einm\u00fcndung Papendiek \/ Groner Stra\u00dfe ziehen werden, ist f\u00fcr August 2025 vorgesehen.<\/p>\n<p class=\"false\">Im\u00a0<a class=\"false\" href=\"http:\/\/mailings.goettingen.de\/c\/86168955\/5e313c590-rzqjhd\">digitalen Stadtplan<\/a>\u00a0sind gr\u00f6\u00dfere Baustellen f\u00fcr die Dauer der Ma\u00dfnahmen zu finden.<\/p>\n<\/td>\n<\/tr>\n<\/tbody>\n<\/table>\n<\/td>\n<\/tr>\n<\/tbody>\n<\/table>\n<\/blockquote>\n","protected":false},"excerpt":{"rendered":"<p>(Quelle: https:\/\/s3-eu-west-1.amazonaws.com\/\/files.crsend.com\/185000\/185603\/rss\/media\/14671967.htm) pdg 457 \/ 21.08.2023 Einschr\u00e4nkungen am Groner Tor Im Zuge der Bauarbeiten am Groner Tor beginnt voraussichtlich am Montag, 28. August 2023, der zweite Bauabschnitt. Dabei kommt es zu Einschr\u00e4nkungen in der Groner-Tor-Stra\u00dfe sowie der B\u00fcrgerstra\u00dfe. Auf der s\u00fcdlichen Seite der Groner-Tor-Stra\u00dfe zwischen B\u00fcrgerstra\u00dfe und Kauschietenplan erfolgen Tief- und Kanalbauarbeiten. Die Groner-Tor-Stra\u00dfe verengt &#8230; <a title=\"PM Stadt G\u00f6ttingen: Einschr\u00e4nkungen am Groner Tor\" class=\"read-more\" href=\"https:\/\/rt-europaallee.de\/wordpress\/2023\/08\/pm-stadt-goettingen-einschraenkungen-am-groner-tor\/\" aria-label=\"Mehr Informationen \u00fcber PM Stadt G\u00f6ttingen: Einschr\u00e4nkungen am Groner Tor\">Weiterlesen<\/a><\/p>\n","protected":false},"author":3,"featured_media":0,"comment_status":"closed","ping_status":"open","sticky":false,"template":"","format":"standard","meta":{"footnotes":""},"categories":[1],"tags":[],"class_list":["post-14968","post","type-post","status-publish","format-standard","hentry","category-allgemein"],"_links":{"self":[{"href":"https:\/\/rt-europaallee.de\/wordpress\/wp-json\/wp\/v2\/posts\/14968","targetHints":{"allow":["GET"]}}],"collection":[{"href":"https:\/\/rt-europaallee.de\/wordpress\/wp-json\/wp\/v2\/posts"}],"about":[{"href":"https:\/\/rt-europaallee.de\/wordpress\/wp-json\/wp\/v2\/types\/post"}],"author":[{"embeddable":true,"href":"https:\/\/rt-europaallee.de\/wordpress\/wp-json\/wp\/v2\/users\/3"}],"replies":[{"embeddable":true,"href":"https:\/\/rt-europaallee.de\/wordpress\/wp-json\/wp\/v2\/comments?post=14968"}],"version-history":[{"count":1,"href":"https:\/\/rt-europaallee.de\/wordpress\/wp-json\/wp\/v2\/posts\/14968\/revisions"}],"predecessor-version":[{"id":14969,"href":"https:\/\/rt-europaallee.de\/wordpress\/wp-json\/wp\/v2\/posts\/14968\/revisions\/14969"}],"wp:attachment":[{"href":"https:\/\/rt-europaallee.de\/wordpress\/wp-json\/wp\/v2\/media?parent=14968"}],"wp:term":[{"taxonomy":"category","embeddable":true,"href":"https:\/\/rt-europaallee.de\/wordpress\/wp-json\/wp\/v2\/categories?post=14968"},{"taxonomy":"post_tag","embeddable":true,"href":"https:\/\/rt-europaallee.de\/wordpress\/wp-json\/wp\/v2\/tags?post=14968"}],"curies":[{"name":"wp","href":"https:\/\/api.w.org\/{rel}","templated":true}]}}