{"id":14978,"date":"2023-08-25T21:41:32","date_gmt":"2023-08-25T19:41:32","guid":{"rendered":"http:\/\/rt-europaallee.org\/wordpress\/?p=14978"},"modified":"2023-08-25T21:41:32","modified_gmt":"2023-08-25T19:41:32","slug":"moeglichkeiten-sich-unverbindlich-und-zwanglos-ueber-die-freundeskreise-fuer-suchtkrankenhilfe-zu-infomieren","status":"publish","type":"post","link":"https:\/\/rt-europaallee.de\/wordpress\/2023\/08\/moeglichkeiten-sich-unverbindlich-und-zwanglos-ueber-die-freundeskreise-fuer-suchtkrankenhilfe-zu-infomieren\/","title":{"rendered":"M\u00f6glichkeiten sich unverbindlich und zwanglos \u00fcber die Freundeskreise f\u00fcr Suchtkrankenhilfe zu Infomieren"},"content":{"rendered":"<p>(Quelle: <a href=\"https:\/\/www.facebook.com\/permalink.php?story_fbid=pfbid02y9R6gZfev1iVQQLJ28NDYbdZsfRQ5yDLGXNVe8HVcftd7vMkmmC9cq6rQcUYquGbl&amp;id=100067415078769\">https:\/\/www.facebook.com\/permalink.php?story_fbid=pfbid02y9R6gZfev1iVQQLJ28NDYbdZsfRQ5yDLGXNVe8HVcftd7vMkmmC9cq6rQcUYquGbl&amp;id=100067415078769<\/a>)<\/p>\n<blockquote>\n<div class=\"xu06os2 x1ok221b\">\n<h2 id=\":R1al9aqqd9emhpapd5aq:\" class=\"x1heor9g x1qlqyl8 x1pd3egz x1a2a7pz x1gslohp x1yc453h\"><span class=\"xt0psk2\"><a class=\"x1i10hfl xjbqb8w x6umtig x1b1mbwd xaqea5y xav7gou x9f619 x1ypdohk xt0psk2 xe8uvvx xdj266r x11i5rnm xat24cr x1mh8g0r xexx8yu x4uap5 x18d9i69 xkhd6sd x16tdsg8 x1hl2dhg xggy1nq x1a2a7pz xt0b8zv xzsf02u x1s688f\" tabindex=\"0\" role=\"link\" href=\"https:\/\/www.facebook.com\/profile.php?id=100067415078769&amp;__cft__[0]=AZX2FMN_9RLmofkManqg6vf49C1NOafbW1G4gdKzL2b5DP38MepP9H4T2ifvu6QAo4ReQ7mOdM3ExnNVHFENgZUe2-2cJcVsW2HtZ59lA7ukOvbpPKPR8lnmjO2haLDGKRLo52c0B7B8vge1wCKT6WPz&amp;__tn__=-UC%2CP-R\"><strong>Freundeskreise f\u00fcr Suchtkrankenhilfe der Region 6, LV Niedersachsen<\/strong><\/a><\/span><\/h2>\n<\/div>\n<div class=\"xu06os2 x1ok221b\"><span style=\"color: inherit; font-size: 1.2em;\">In der Region 6 gibt es wieder M\u00f6glichkeiten sich unverbindlich und zwanglos \u00fcber die Freundeskreise f\u00fcr Suchtkrankenhilfe zu Infomieren. Zum Beispiel auf dem 37. G\u00f6ttinger Gesundheitsmarkt oder bei der erste Selbsthilfewoche der ZISS Selbsthilfekontaktstelle NOM<\/span><\/div>\n<div class=\"\" dir=\"auto\">\n<div id=\":R1al9aqqd9emhpapd5aqH2:\" class=\"x1iorvi4 x1pi30zi x1l90r2v x1swvt13\" data-ad-comet-preview=\"message\" data-ad-preview=\"message\">\n<div class=\"x78zum5 xdt5ytf xz62fqu x16ldp7u\">\n<div class=\"xu06os2 x1ok221b\">\n<div class=\"x11i5rnm xat24cr x1mh8g0r x1vvkbs xtlvy1s x126k92a\">\n<div dir=\"auto\">Selbsthilfe die wirkt.<\/div>\n<div dir=\"auto\"><\/div>\n<div dir=\"auto\"><img decoding=\"async\" class=\"x1bwycvy x193iq5w x4fas0m x19kjcj4\" src=\"https:\/\/scontent-fra3-1.xx.fbcdn.net\/v\/t39.30808-6\/370551226_629232789333885_4115347923106949621_n.jpg?_nc_cat=105&amp;ccb=1-7&amp;_nc_sid=730e14&amp;_nc_eui2=AeEaaADY2sTZ9wXWGlzjD-1TLH3sLpwAtz4sfewunAC3Pi9044KvQwug8kHcKETRe0ITh4CN6bpacRfwzawVkn1-&amp;_nc_ohc=8t8Mi18I8gkAX_4DYS-&amp;_nc_ht=scontent-fra3-1.xx&amp;oh=00_AfDOYCRhoNbOvPbYlDoLqanbouaY1KWQi79LJ18Z34mDGg&amp;oe=64EEA033\" alt=\"Ist m\u00f6glicherweise eine Grafik von Text \u201e1. Selbsthilfewoche der ZISS Selbsthilfekontaktstelle Northeim unter der Schirmherrschaft der Landr\u00e4tin Astrid Klinkert-Kittel vom 04. bis 09. September 2023 in Northeim heeped RUHE gl\u00fack Es Vortr\u00e4ge Vertanin erwarten Workshops euch: Northeim FSH&quot; Kurse zum Gestaltete Krebs aktiv Leinwand der Selbsthilfegruppe &quot;Frauen FSH Sonne nach Mitmachen und eine kleine Wanderausstellung \u53e4\u1308\u1335\u1335\u0153\u0153\u129d was uns verbindet Wir bewegen @shr.nm seit 2004 ZISS Selbsthilfe Zentrale Informationsstelle Selbsthilfekontaktstelle Caritas-Centrum Northeim Caritasverband caritas S\u00fcdniedersachsen e.V.\u201c\" data-visualcompletion=\"media-vc-image\" \/><\/div>\n<div dir=\"auto\">(<a href=\"https:\/\/www.facebook.com\/photo?fbid=629232802667217&amp;set=pcb.629233736000457\">https:\/\/www.facebook.com\/photo?fbid=629232802667217&amp;set=pcb.629233736000457<\/a>)<\/div>\n<div dir=\"auto\"><\/div>\n<div dir=\"auto\"><img decoding=\"async\" class=\"x1bwycvy x193iq5w x4fas0m x19kjcj4\" src=\"https:\/\/scontent-fra3-2.xx.fbcdn.net\/v\/t39.30808-6\/370537073_629232776000553_5196179341963824929_n.jpg?_nc_cat=111&amp;ccb=1-7&amp;_nc_sid=730e14&amp;_nc_aid=0&amp;_nc_eui2=AeEbpus3JhJc08uroQk2UA99hyc9z05NUDeHJz3PTk1QN0Iti0xnm3zX59z3t5dIHKEzcajksDSvDNie_8vmlmzf&amp;_nc_ohc=285C7bNOVnAAX8EzkRp&amp;_nc_ht=scontent-fra3-2.xx&amp;oh=00_AfCCgLDjezdW5UC1hZhfbIJU7v7AjfNd5n8QR_h55kBwOg&amp;oe=64EDE631\" alt=\"Ist m\u00f6glicherweise ein Bild von Ticketabschnitt und Text \u201eProgramm Selbsthilfewoche vom 04. bis 09.09.2023 Gef\u00f6rdertvon: AOK ZISS Selbsthilfekontaktstelle Caritas- Centrum 9 Montag Montag,04.09 Caritasverband caritas Sudniedersachsen \u304a\u5409\u5e02\u5357\u65b9 Pfarrzentrum bewegen verbindet Heimsuchung Besichtigung Pfarrzentrum mit Donnerstag, 07.09. Hochschule Uhr EROMPC\u00ae\/Meridianklopfen 16:45 Uhr Systemische ParrzentumMari Besichtigung gWanderusstellun EROMPC@\/Meridianklopfen Stressreduktion G\u00f6ttingen PfarrzentrumS Besichtigung Wanderausstellung 13:30 Ringler, Mittwoch, Almut Hahne, &quot;\u00c4ngste 18:00 Uhr Pfarrzentrum Maria Heimsuchung Besichtigung Wanderausstellung Legastheniertrainerin Pfarrzentrum 13:45 rs&quot;Lach-Yoga&quot; RheinischerHo 15:00 Besichtigung Wanderausstellung 12:00 Uhr Gehirn \u00c4ngste, J.Mandalka, 14:00 Uhr und Selbsthilfewoche f\u00fcr alle Engagierte Selbsthilfe Interessierte Selbsthilfewoche hach Ende Uhr Kurzfristige \u00c4nderungen vorbehalten. weitere Informationen (Ort, Parkm\u00f6glichkeiten, u\u0e23w.) Anmeldungen kontaktieren Sie uns: ZISS Breiter Weg Telefon:\u201c\" data-visualcompletion=\"media-vc-image\" \/><\/div>\n<div dir=\"auto\">(<a href=\"https:\/\/www.facebook.com\/photo?fbid=629232786000552&amp;set=pcb.629233736000457\">https:\/\/www.facebook.com\/photo?fbid=629232786000552&amp;set=pcb.629233736000457<\/a>)<\/div>\n<\/div>\n<\/div>\n<\/div>\n<\/div>\n<\/div>\n<\/blockquote>\n<div dir=\"auto\"><strong><span style=\"color: inherit; font-size: 1.2em;\">37. G\u00f6ttinger Gesundheitsmarkt: siehe Kalender 01.09.2023<\/span><\/strong><\/div>\n","protected":false},"excerpt":{"rendered":"<p>(Quelle: https:\/\/www.facebook.com\/permalink.php?story_fbid=pfbid02y9R6gZfev1iVQQLJ28NDYbdZsfRQ5yDLGXNVe8HVcftd7vMkmmC9cq6rQcUYquGbl&amp;id=100067415078769) Freundeskreise f\u00fcr Suchtkrankenhilfe der Region 6, LV Niedersachsen In der Region 6 gibt es wieder M\u00f6glichkeiten sich unverbindlich und zwanglos \u00fcber die Freundeskreise f\u00fcr Suchtkrankenhilfe zu Infomieren. Zum Beispiel auf dem 37. G\u00f6ttinger Gesundheitsmarkt oder bei der erste Selbsthilfewoche der ZISS Selbsthilfekontaktstelle NOM Selbsthilfe die wirkt. (https:\/\/www.facebook.com\/photo?fbid=629232802667217&amp;set=pcb.629233736000457) (https:\/\/www.facebook.com\/photo?fbid=629232786000552&amp;set=pcb.629233736000457) 37. G\u00f6ttinger Gesundheitsmarkt: siehe Kalender &#8230; <a title=\"M\u00f6glichkeiten sich unverbindlich und zwanglos \u00fcber die Freundeskreise f\u00fcr Suchtkrankenhilfe zu Infomieren\" class=\"read-more\" href=\"https:\/\/rt-europaallee.de\/wordpress\/2023\/08\/moeglichkeiten-sich-unverbindlich-und-zwanglos-ueber-die-freundeskreise-fuer-suchtkrankenhilfe-zu-infomieren\/\" aria-label=\"Mehr Informationen \u00fcber M\u00f6glichkeiten sich unverbindlich und zwanglos \u00fcber die Freundeskreise f\u00fcr Suchtkrankenhilfe zu Infomieren\">Weiterlesen<\/a><\/p>\n","protected":false},"author":3,"featured_media":0,"comment_status":"closed","ping_status":"open","sticky":false,"template":"","format":"standard","meta":{"footnotes":""},"categories":[1],"tags":[],"class_list":["post-14978","post","type-post","status-publish","format-standard","hentry","category-allgemein"],"_links":{"self":[{"href":"https:\/\/rt-europaallee.de\/wordpress\/wp-json\/wp\/v2\/posts\/14978","targetHints":{"allow":["GET"]}}],"collection":[{"href":"https:\/\/rt-europaallee.de\/wordpress\/wp-json\/wp\/v2\/posts"}],"about":[{"href":"https:\/\/rt-europaallee.de\/wordpress\/wp-json\/wp\/v2\/types\/post"}],"author":[{"embeddable":true,"href":"https:\/\/rt-europaallee.de\/wordpress\/wp-json\/wp\/v2\/users\/3"}],"replies":[{"embeddable":true,"href":"https:\/\/rt-europaallee.de\/wordpress\/wp-json\/wp\/v2\/comments?post=14978"}],"version-history":[{"count":1,"href":"https:\/\/rt-europaallee.de\/wordpress\/wp-json\/wp\/v2\/posts\/14978\/revisions"}],"predecessor-version":[{"id":14979,"href":"https:\/\/rt-europaallee.de\/wordpress\/wp-json\/wp\/v2\/posts\/14978\/revisions\/14979"}],"wp:attachment":[{"href":"https:\/\/rt-europaallee.de\/wordpress\/wp-json\/wp\/v2\/media?parent=14978"}],"wp:term":[{"taxonomy":"category","embeddable":true,"href":"https:\/\/rt-europaallee.de\/wordpress\/wp-json\/wp\/v2\/categories?post=14978"},{"taxonomy":"post_tag","embeddable":true,"href":"https:\/\/rt-europaallee.de\/wordpress\/wp-json\/wp\/v2\/tags?post=14978"}],"curies":[{"name":"wp","href":"https:\/\/api.w.org\/{rel}","templated":true}]}}