{"id":15001,"date":"2023-09-13T16:58:24","date_gmt":"2023-09-13T14:58:24","guid":{"rendered":"http:\/\/rt-europaallee.org\/wordpress\/?p=15001"},"modified":"2023-09-13T16:58:24","modified_gmt":"2023-09-13T14:58:24","slug":"update-herbst-apfel-woche-nachbarschaftszentrum-holtenser-berg","status":"publish","type":"post","link":"https:\/\/rt-europaallee.de\/wordpress\/2023\/09\/update-herbst-apfel-woche-nachbarschaftszentrum-holtenser-berg\/","title":{"rendered":"Update: Herbst-Apfel-Woche Nachbarschaftszentrum Holtenser Berg"},"content":{"rendered":"<p>(Quelle: <a href=\"https:\/\/www.facebook.com\/NBZHoBerg\/posts\/pfbid0cX2h6jWzXXJcb3pDoKdWevgiiy8Mydcve7cV2vtCRVx4wXtT4TNnztJVZUzwDcXzl?notif_id=1694422606579568&amp;notif_t=notify_me_page&amp;ref=notif\">https:\/\/www.facebook.com\/NBZHoBerg\/posts\/pfbid0cX2h6jWzXXJcb3pDoKdWevgiiy8Mydcve7cV2vtCRVx4wXtT4TNnztJVZUzwDcXzl?notif_id=1694422606579568&amp;notif_t=notify_me_page&amp;ref=notif<\/a>)<\/p>\n<blockquote>\n<div class=\"x78zum5 xqtp20y x1emribx\">\n<h3 class=\"x1vqgdyp x100vrsf\"><a class=\"x1i10hfl xjbqb8w x6umtig x1b1mbwd xaqea5y xav7gou x9f619 x1ypdohk xt0psk2 xe8uvvx xdj266r x11i5rnm xat24cr x1mh8g0r xexx8yu x4uap5 x18d9i69 xkhd6sd x16tdsg8 x1hl2dhg xggy1nq x1a2a7pz xt0b8zv xzsf02u x1s688f\" style=\"font-family: Roboto, sans-serif; font-size: 30px;\" tabindex=\"0\" role=\"link\" href=\"https:\/\/www.facebook.com\/NBZHoBerg?__cft__[0]=AZXOX5aepk_lmGnNggIaDvoJLlLWcLhm7VzVfL6IOD0EMJOJeAdl9Cn2VTUSrzWUFVq1zoK-WRjpJofpmpedWiX5VGsJsvss7jWXT9dZq0DIdx2mCi2eahwJk8YO18aWkP32rm5v2LFOFMNQqUzKsHYx&amp;__tn__=-UC%2CP-R\"><strong>Nachbarschaftszentrum Holtenser Berg<\/strong><\/a><\/h3>\n<\/div>\n<div class=\"x1iyjqo2\">\n<div class=\"x78zum5 xdt5ytf xz62fqu x16ldp7u\">\n<div class=\"xu06os2 x1ok221b\"><\/div>\n<\/div>\n<\/div>\n<div class=\"\" dir=\"auto\">\n<div id=\":R1al9aqqd9emhpapd5aqH2:\" class=\"x1iorvi4 x1pi30zi x1l90r2v x1swvt13\" data-ad-comet-preview=\"message\" data-ad-preview=\"message\">\n<div class=\"x78zum5 xdt5ytf xz62fqu x16ldp7u\">\n<div class=\"xu06os2 x1ok221b\">\n<div class=\"xdj266r x11i5rnm xat24cr x1mh8g0r x1vvkbs x126k92a\">\n<div dir=\"auto\">Liebe Nachbar*innen,<\/div>\n<div dir=\"auto\">f\u00fcr den 25.09. w\u00fcnschen wir uns eine Sch\u00fcssel Waffelteig als Spende, f\u00fcr den 01.10. noch Kuchen. Wenn ihr aushelfen k\u00f6nnt, meldet Euch bitte unter <span dir=\"ltr\"><i class=\"x1b0d499 x1vv9jnp xahult9\" data-visualcompletion=\"css-img\"><\/i><a class=\"x1i10hfl xjbqb8w x6umtig x1b1mbwd xaqea5y xav7gou x9f619 x1ypdohk xt0psk2 xe8uvvx xdj266r x11i5rnm xat24cr x1mh8g0r xexx8yu x4uap5 x18d9i69 xkhd6sd x16tdsg8 x1hl2dhg xggy1nq x1a2a7pz xt0b8zv x1fey0fg\" tabindex=\"0\" role=\"link\" href=\"https:\/\/api.whatsapp.com\/send?phone=491753470461&amp;text=Link%3A%0Ahttps%3A%2F%2Ffb.me%2F1fc9uT8aI%0A%0AIch%20habe%20das%20auf%20Facebook%20gesehen%20%E2%80%A6&amp;app=facebook&amp;fbclid=IwAR3v6hJaEptnyRaQz9jVBkphpa__yOfHtn9rraUik-oSzCTvep2lzmX_8ws\" target=\"_blank\" rel=\"nofollow noopener noreferrer\">0175 3470461<\/a><\/span>. Dankesch\u00f6n <span class=\"x3nfvp2 x1j61x8r x1fcty0u xdj266r xhhsvwb xat24cr xgzva0m xxymvpz xlup9mm x1kky2od\"><img loading=\"lazy\" decoding=\"async\" src=\"https:\/\/static.xx.fbcdn.net\/images\/emoji.php\/v9\/t4c\/1\/16\/1f642.png\" alt=\"\ud83d\ude42\" width=\"16\" height=\"16\" \/><\/span><\/div>\n<\/div>\n<\/div>\n<\/div>\n<\/div>\n<\/div>\n<\/blockquote>\n","protected":false},"excerpt":{"rendered":"<p>(Quelle: https:\/\/www.facebook.com\/NBZHoBerg\/posts\/pfbid0cX2h6jWzXXJcb3pDoKdWevgiiy8Mydcve7cV2vtCRVx4wXtT4TNnztJVZUzwDcXzl?notif_id=1694422606579568&amp;notif_t=notify_me_page&amp;ref=notif) Nachbarschaftszentrum Holtenser Berg Liebe Nachbar*innen, f\u00fcr den 25.09. w\u00fcnschen wir uns eine Sch\u00fcssel Waffelteig als Spende, f\u00fcr den 01.10. noch Kuchen. Wenn ihr aushelfen k\u00f6nnt, meldet Euch bitte unter 0175 3470461. Dankesch\u00f6n<\/p>\n","protected":false},"author":3,"featured_media":0,"comment_status":"closed","ping_status":"open","sticky":false,"template":"","format":"standard","meta":{"footnotes":""},"categories":[1],"tags":[],"class_list":["post-15001","post","type-post","status-publish","format-standard","hentry","category-allgemein"],"_links":{"self":[{"href":"https:\/\/rt-europaallee.de\/wordpress\/wp-json\/wp\/v2\/posts\/15001","targetHints":{"allow":["GET"]}}],"collection":[{"href":"https:\/\/rt-europaallee.de\/wordpress\/wp-json\/wp\/v2\/posts"}],"about":[{"href":"https:\/\/rt-europaallee.de\/wordpress\/wp-json\/wp\/v2\/types\/post"}],"author":[{"embeddable":true,"href":"https:\/\/rt-europaallee.de\/wordpress\/wp-json\/wp\/v2\/users\/3"}],"replies":[{"embeddable":true,"href":"https:\/\/rt-europaallee.de\/wordpress\/wp-json\/wp\/v2\/comments?post=15001"}],"version-history":[{"count":1,"href":"https:\/\/rt-europaallee.de\/wordpress\/wp-json\/wp\/v2\/posts\/15001\/revisions"}],"predecessor-version":[{"id":15002,"href":"https:\/\/rt-europaallee.de\/wordpress\/wp-json\/wp\/v2\/posts\/15001\/revisions\/15002"}],"wp:attachment":[{"href":"https:\/\/rt-europaallee.de\/wordpress\/wp-json\/wp\/v2\/media?parent=15001"}],"wp:term":[{"taxonomy":"category","embeddable":true,"href":"https:\/\/rt-europaallee.de\/wordpress\/wp-json\/wp\/v2\/categories?post=15001"},{"taxonomy":"post_tag","embeddable":true,"href":"https:\/\/rt-europaallee.de\/wordpress\/wp-json\/wp\/v2\/tags?post=15001"}],"curies":[{"name":"wp","href":"https:\/\/api.w.org\/{rel}","templated":true}]}}