{"id":15004,"date":"2023-09-13T18:19:03","date_gmt":"2023-09-13T16:19:03","guid":{"rendered":"http:\/\/rt-europaallee.org\/wordpress\/?p=15004"},"modified":"2023-09-13T18:19:38","modified_gmt":"2023-09-13T16:19:38","slug":"goettinger-vereinsfonds-stadt-hilft-vereinen-in-energie-notlage","status":"publish","type":"post","link":"https:\/\/rt-europaallee.de\/wordpress\/2023\/09\/goettinger-vereinsfonds-stadt-hilft-vereinen-in-energie-notlage\/","title":{"rendered":"G\u00f6ttinger Vereinsfonds: Stadt hilft Vereinen in Energie-Notlage"},"content":{"rendered":"<p>(Quelle: <a href=\"https:\/\/s3-eu-west-1.amazonaws.com\/\/files.crsend.com\/185000\/185603\/rss\/media\/14706517.htm\">https:\/\/s3-eu-west-1.amazonaws.com\/\/files.crsend.com\/185000\/185603\/rss\/media\/14706517.htm<\/a>)<\/p>\n<blockquote><p><a href=\"http:\/\/mailings.goettingen.de\/c\/86625024\/5e313c590-s0i3yb\"><img loading=\"lazy\" decoding=\"async\" src=\"https:\/\/files.crsend.com\/185000\/185603\/images\/G%C3%B6-Logo-einzeilig-2-f.png\" alt=\"\" width=\"450\" height=\"30\" \/><\/a><\/p>\n<p>pdg 487 \/ 05.09.2023<\/p>\n<h2 class=\"false\">G\u00f6ttinger Vereinsfonds: Stadt hilft Vereinen in Energie-Notlage<\/h2>\n<p class=\"false\">Zur Bew\u00e4ltigung der Energiekrise hat die Stadt G\u00f6ttingen einen H\u00e4rtefallfonds f\u00fcr Vereine und Institutionen eingerichtet. Mit den Mitteln aus dem G\u00f6ttinger Vereinsfonds bietet die Stadt G\u00f6ttingen jetzt gemeinn\u00fctzigen Vereinen und vergleichbaren Institutionen aus den Bereichen Bildung, Jugend, Kultur, Soziales und Sport eine erg\u00e4nzende Unterst\u00fctzung an.<\/p>\n<p class=\"false\">Nicht nur Privathaushalte und Unternehmen belasten die Auswirkungen durch deutlich gestiegene Energiepreise infolge des Kriegs in der Ukraine, sondern auch die ehrenamtlich gef\u00fchrten, gemeinn\u00fctzigen Vereine und vergleichbaren Institutionen, die nicht von der \u00f6ffentlichen Hand getragen werden. Bund, L\u00e4nder und andere Institutionen haben bereits zahlreiche Hilfsprogramme gestartet.<\/p>\n<p class=\"false\">Zur Unterst\u00fctzung sind f\u00fcr den G\u00f6ttinger Vereinsfonds 250.000 Euro an Haushaltsmitteln au\u00dferplanm\u00e4\u00dfig durch den Rat bereitgestellt worden. Diese k\u00f6nnen von ehrenamtlich gef\u00fchrten, gemeinn\u00fctzigen Vereinen und vergleichbaren Institutionen aus den Bereichen Bildung, Jugend, Kultur, Soziales und Sport, die nicht von der \u00f6ffentlichen Hand getragen werden, beantragt werden. Die Richtlinien zum G\u00f6ttinger Vereinsfonds sind im <a class=\"false\" href=\"http:\/\/mailings.goettingen.de\/c\/86625025\/5e313c590-s0i3yb\">Amtsblatt Nr. 21\/2023<\/a> vom 5. September 2023 ver\u00f6ffentlicht.<\/p>\n<p class=\"false\">Weitere Informationen zum H\u00e4rtefallfonds sowie das Antragsformular sind online unter <a class=\"false\" href=\"http:\/\/mailings.goettingen.de\/c\/86625026\/5e313c590-s0i3yb\">goe.de\/vereinsfonds<\/a> zu finden.<\/p>\n<p class=\"false\">Der Antrag kann bis zum 31. Dezember 2023 gestellt werden. Die Unterst\u00fctzung erfolgt als einmaliger Zuschuss. Es besteht kein Rechtsanspruch auf eine Unterst\u00fctzungsleistung.<\/p>\n<div><strong>Impressum:<\/strong><\/div>\n<div>Stadt G\u00f6ttingen<\/div>\n<div>Referat der Oberb\u00fcrgermeisterin<\/div>\n<div><a href=\"http:\/\/mailings.goettingen.de\/c\/86625027\/5e313c590-s0i3yb\">\u00d6ffentlichkeitsarbeit<\/a><\/div>\n<div>Neues Rathaus<\/div>\n<div>Hiroshimaplatz 1-4<\/div>\n<div>37083 G\u00f6ttingen<\/div>\n<div><\/div>\n<div>Tel.: +49 551 \/ 400 2320<\/div>\n<div>Fax: +49 551 \/ 400 2098<\/div>\n<div><a href=\"mailto:presse@goettingen.de\">presse@goettingen.de<\/a><\/div>\n<div><a href=\"http:\/\/mailings.goettingen.de\/c\/86625024\/5e313c590-s0i3yb\">Webseite<\/a><\/div>\n<\/blockquote>\n","protected":false},"excerpt":{"rendered":"<p>(Quelle: https:\/\/s3-eu-west-1.amazonaws.com\/\/files.crsend.com\/185000\/185603\/rss\/media\/14706517.htm) pdg 487 \/ 05.09.2023 G\u00f6ttinger Vereinsfonds: Stadt hilft Vereinen in Energie-Notlage Zur Bew\u00e4ltigung der Energiekrise hat die Stadt G\u00f6ttingen einen H\u00e4rtefallfonds f\u00fcr Vereine und Institutionen eingerichtet. Mit den Mitteln aus dem G\u00f6ttinger Vereinsfonds bietet die Stadt G\u00f6ttingen jetzt gemeinn\u00fctzigen Vereinen und vergleichbaren Institutionen aus den Bereichen Bildung, Jugend, Kultur, Soziales und Sport eine &#8230; <a title=\"G\u00f6ttinger Vereinsfonds: Stadt hilft Vereinen in Energie-Notlage\" class=\"read-more\" href=\"https:\/\/rt-europaallee.de\/wordpress\/2023\/09\/goettinger-vereinsfonds-stadt-hilft-vereinen-in-energie-notlage\/\" aria-label=\"Mehr Informationen \u00fcber G\u00f6ttinger Vereinsfonds: Stadt hilft Vereinen in Energie-Notlage\">Weiterlesen<\/a><\/p>\n","protected":false},"author":3,"featured_media":0,"comment_status":"closed","ping_status":"open","sticky":false,"template":"","format":"standard","meta":{"footnotes":""},"categories":[1],"tags":[],"class_list":["post-15004","post","type-post","status-publish","format-standard","hentry","category-allgemein"],"_links":{"self":[{"href":"https:\/\/rt-europaallee.de\/wordpress\/wp-json\/wp\/v2\/posts\/15004","targetHints":{"allow":["GET"]}}],"collection":[{"href":"https:\/\/rt-europaallee.de\/wordpress\/wp-json\/wp\/v2\/posts"}],"about":[{"href":"https:\/\/rt-europaallee.de\/wordpress\/wp-json\/wp\/v2\/types\/post"}],"author":[{"embeddable":true,"href":"https:\/\/rt-europaallee.de\/wordpress\/wp-json\/wp\/v2\/users\/3"}],"replies":[{"embeddable":true,"href":"https:\/\/rt-europaallee.de\/wordpress\/wp-json\/wp\/v2\/comments?post=15004"}],"version-history":[{"count":2,"href":"https:\/\/rt-europaallee.de\/wordpress\/wp-json\/wp\/v2\/posts\/15004\/revisions"}],"predecessor-version":[{"id":15006,"href":"https:\/\/rt-europaallee.de\/wordpress\/wp-json\/wp\/v2\/posts\/15004\/revisions\/15006"}],"wp:attachment":[{"href":"https:\/\/rt-europaallee.de\/wordpress\/wp-json\/wp\/v2\/media?parent=15004"}],"wp:term":[{"taxonomy":"category","embeddable":true,"href":"https:\/\/rt-europaallee.de\/wordpress\/wp-json\/wp\/v2\/categories?post=15004"},{"taxonomy":"post_tag","embeddable":true,"href":"https:\/\/rt-europaallee.de\/wordpress\/wp-json\/wp\/v2\/tags?post=15004"}],"curies":[{"name":"wp","href":"https:\/\/api.w.org\/{rel}","templated":true}]}}