{"id":15021,"date":"2023-09-15T12:16:27","date_gmt":"2023-09-15T10:16:27","guid":{"rendered":"http:\/\/rt-europaallee.org\/wordpress\/?p=15021"},"modified":"2023-09-15T12:16:27","modified_gmt":"2023-09-15T10:16:27","slug":"stadt-goettingen-kundgebungen-am-freitag-und-samstag","status":"publish","type":"post","link":"https:\/\/rt-europaallee.de\/wordpress\/2023\/09\/stadt-goettingen-kundgebungen-am-freitag-und-samstag\/","title":{"rendered":"Stadt G\u00f6ttingen: Kundgebungen am Freitag und Samstag"},"content":{"rendered":"<p>(Quelle: <a href=\"https:\/\/www.goettingen.de\/portal\/meldungen\/kundgebungen-am-freitag-und-samstag-mit-einschraenkungen-im-strassenverkehr-ist-zu-rechnen-900002241-25480.html?rubrik=900000003\">https:\/\/www.goettingen.de\/portal\/meldungen\/kundgebungen-am-freitag-und-samstag-mit-einschraenkungen-im-strassenverkehr-ist-zu-rechnen-900002241-25480.html?rubrik=900000003<\/a>)<\/p>\n<blockquote>\n<div class=\"fusstext fusstext_oben\"><span class=\"create\">14.09.2023<\/span><\/p>\n<div><\/div>\n<\/div>\n<h3 class=\"kontrast-bild\">Kundgebungen am Freitag und Samstag: Mit Einschr\u00e4nkungen im Stra\u00dfenverkehr ist zu rechnen<\/h3>\n<div id=\"nolis_content_site\" class=\"nolis_content_site\">\n<p class=\"anreisser_detail\"><strong>Aufgrund verschiedener Kundgebungen im Stadtgebiet G\u00f6ttingen ist am Freitag, 15. September 2023, und am Samstag, 16. September 2023, mit Einschr\u00e4nkungen im Stra\u00dfenverkehr zu rechnen.<\/strong><\/p>\n<div class=\"print_href print_abbr\">\n<div class=\"template1\">\n<div class=\"platz platz1\">\n<div class=\"rahmen\">\n<div class=\"innen\">\n<p>Kundgebungen sind nach dem Versammlungsrecht gegen\u00fcber der Versammlungsbeh\u00f6rde, also der Stadt G\u00f6ttingen, lediglich anzuzeigen. Eine Genehmigungspflicht besteht nicht.<\/p>\n<p><strong>Freitag, 15. September 2023<\/strong><\/p>\n<p>Angezeigt ist ein Sternmarsch, auf diesen Stra\u00dfen und Pl\u00e4tzen ist zwischen 11.00 Uhr und 12.00 Uhr mit Einschr\u00e4nkungen im Stra\u00dfenverkehr zu rechnen:<\/p>\n<ul>\n<li>Theaterplatz, Herzberger Landstra\u00dfe, Friedl\u00e4nder Weg<\/li>\n<li>Grotefendsta\u00dfe, Ewaldstra\u00dfe, Br\u00fcder-Grimm-Allee, Dahlmannstra\u00dfe, Merkelstra\u00dfe, Hainholzweg, Friedl\u00e4nder Weg, Calsowstra\u00dfe, Schildweg, Keplerstra\u00dfe, Hiroshimaplatz<\/li>\n<\/ul>\n<p>Zwischen 13.00 Uhr und 16.45 Uhr findet eine Kundgebung mit Fortbewegung statt. Auf diesen Stra\u00dfen und Pl\u00e4tzen ist mit Einschr\u00e4nkungen im Stra\u00dfenverkehr zu rechnen:<\/p>\n<ul>\n<li>Hiroshimaplatz, B\u00fcrgerstra\u00dfe, Berliner Stra\u00dfe, Goethe-Allee, Prinzenstra\u00dfe, Weender Stra\u00dfe, Auditorium<\/li>\n<\/ul>\n<p>Weiterhin ist zwischen 16.00 Uhr und 17.00 Uhr eine Kundgebung mit Fortbewegung anzeigt. Auf diesen Stra\u00dfen und Pl\u00e4tzen ist mit Einschr\u00e4nkungen im Stra\u00dfenverkehr zu rechnen:<\/p>\n<ul>\n<li>Auditorium, Weender Stra\u00dfe, Reitstallstra\u00dfe, Waageplatz, Obere-Masch-Stra\u00dfe, Goetheallee, Kreuzung Geiststra\u00dfe.<\/li>\n<\/ul>\n<p><strong>Samstag, 16. September 2023<\/strong><\/p>\n<p>Angezeigt sind im Tagesverlauf Kundgebungen auf dem Bahnhofsvorplatz, auf der Gr\u00fcnfl\u00e4che der Berliner Stra\u00dfe in H\u00f6he Bahnhofsvorplatz, am Albaniplatz, am Nikolaikirchhof, an der Nikolaistra\u00dfe sowie am Groner Tor\/Hirtenbrunnen. Zus\u00e4tzlich sind zwei Autokorsos angek\u00fcndigt.<\/p>\n<p>Die Berliner Stra\u00dfe wird infolgedessen zwischen 7.00 Uhr und 22.00 Uhr vollgesperrt sein. Das wird sich auch auf die Fahrpl\u00e4ne der G\u00f6VB auswirken. Es wird empfohlen, auf etwaige \u00c4nderungen im Fahrplan, ausfallende Fahrten, entfallende Haltestellen und etwaige Ersatzhaltestellen zu achten und sich fr\u00fchzeitig auf der Webseite der <a class=\"link_katalog nolis-link-extern\" title=\"G\u00f6VB (https:\/\/www.goevb.de\/service\/news\/details\/massive-beeintraechtigungen-des-busverkehrs-am-sonnabend)\" href=\"https:\/\/www.goevb.de\/service\/news\/details\/massive-beeintraechtigungen-des-busverkehrs-am-sonnabend\" target=\"_blank\" rel=\"noopener\">G\u00f6VB<\/a> oder im Kundenzentrum unter (0551) 38 444 444 zu informieren.<\/p>\n<p>Die Kundgebungen finden teils ohne Fortbewegung statt, zum Teil sind Fortbewegungen durch die Innenstadt angezeigt worden. Aufgrund von Autokorsos ist in diesen Bereichen mit Einschr\u00e4nkungen im Stra\u00dfenverkehr zu rechnen: Weende, Nordstadt, Ostviertel, S\u00fcdstadt, Weststadt, Egelsberg und Grone sowie am Bahnhofsvorplatz.<\/p>\n<\/div>\n<\/div>\n<\/div>\n<\/div>\n<\/div>\n<\/div>\n<\/blockquote>\n","protected":false},"excerpt":{"rendered":"<p>(Quelle: https:\/\/www.goettingen.de\/portal\/meldungen\/kundgebungen-am-freitag-und-samstag-mit-einschraenkungen-im-strassenverkehr-ist-zu-rechnen-900002241-25480.html?rubrik=900000003) 14.09.2023 Kundgebungen am Freitag und Samstag: Mit Einschr\u00e4nkungen im Stra\u00dfenverkehr ist zu rechnen Aufgrund verschiedener Kundgebungen im Stadtgebiet G\u00f6ttingen ist am Freitag, 15. September 2023, und am Samstag, 16. September 2023, mit Einschr\u00e4nkungen im Stra\u00dfenverkehr zu rechnen. Kundgebungen sind nach dem Versammlungsrecht gegen\u00fcber der Versammlungsbeh\u00f6rde, also der Stadt G\u00f6ttingen, lediglich anzuzeigen. Eine Genehmigungspflicht &#8230; <a title=\"Stadt G\u00f6ttingen: Kundgebungen am Freitag und Samstag\" class=\"read-more\" href=\"https:\/\/rt-europaallee.de\/wordpress\/2023\/09\/stadt-goettingen-kundgebungen-am-freitag-und-samstag\/\" aria-label=\"Mehr Informationen \u00fcber Stadt G\u00f6ttingen: Kundgebungen am Freitag und Samstag\">Weiterlesen<\/a><\/p>\n","protected":false},"author":3,"featured_media":0,"comment_status":"closed","ping_status":"open","sticky":false,"template":"","format":"standard","meta":{"footnotes":""},"categories":[1],"tags":[],"class_list":["post-15021","post","type-post","status-publish","format-standard","hentry","category-allgemein"],"_links":{"self":[{"href":"https:\/\/rt-europaallee.de\/wordpress\/wp-json\/wp\/v2\/posts\/15021","targetHints":{"allow":["GET"]}}],"collection":[{"href":"https:\/\/rt-europaallee.de\/wordpress\/wp-json\/wp\/v2\/posts"}],"about":[{"href":"https:\/\/rt-europaallee.de\/wordpress\/wp-json\/wp\/v2\/types\/post"}],"author":[{"embeddable":true,"href":"https:\/\/rt-europaallee.de\/wordpress\/wp-json\/wp\/v2\/users\/3"}],"replies":[{"embeddable":true,"href":"https:\/\/rt-europaallee.de\/wordpress\/wp-json\/wp\/v2\/comments?post=15021"}],"version-history":[{"count":1,"href":"https:\/\/rt-europaallee.de\/wordpress\/wp-json\/wp\/v2\/posts\/15021\/revisions"}],"predecessor-version":[{"id":15022,"href":"https:\/\/rt-europaallee.de\/wordpress\/wp-json\/wp\/v2\/posts\/15021\/revisions\/15022"}],"wp:attachment":[{"href":"https:\/\/rt-europaallee.de\/wordpress\/wp-json\/wp\/v2\/media?parent=15021"}],"wp:term":[{"taxonomy":"category","embeddable":true,"href":"https:\/\/rt-europaallee.de\/wordpress\/wp-json\/wp\/v2\/categories?post=15021"},{"taxonomy":"post_tag","embeddable":true,"href":"https:\/\/rt-europaallee.de\/wordpress\/wp-json\/wp\/v2\/tags?post=15021"}],"curies":[{"name":"wp","href":"https:\/\/api.w.org\/{rel}","templated":true}]}}