{"id":15030,"date":"2023-09-19T12:20:59","date_gmt":"2023-09-19T10:20:59","guid":{"rendered":"http:\/\/rt-europaallee.org\/wordpress\/?p=15030"},"modified":"2023-09-19T12:20:59","modified_gmt":"2023-09-19T10:20:59","slug":"ndr-bundeswehr-uebt-nachtfluege-mit-kampfhubschrauber-tiger","status":"publish","type":"post","link":"https:\/\/rt-europaallee.de\/wordpress\/2023\/09\/ndr-bundeswehr-uebt-nachtfluege-mit-kampfhubschrauber-tiger\/","title":{"rendered":"NDR: Bundeswehr \u00fcbt Nachtfl\u00fcge mit Kampfhubschrauber &#8222;Tiger&#8220;"},"content":{"rendered":"<p>(Quelle: <a href=\"https:\/\/www.ndr.de\/nachrichten\/niedersachsen\/braunschweig_harz_goettingen\/Bundeswehr-uebt-Nachtfluege-mit-Kampfhubschrauber-Tiger,aktuellbraunschweig11396.html?fbclid=IwAR1QMaH1WPUFauJmCuk3ZbD_kfWb9Wx2PGGu4najdi6kVwuUpHgeqOKLGAg\">https:\/\/www.ndr.de\/nachrichten\/niedersachsen\/braunschweig_harz_goettingen\/Bundeswehr-uebt-Nachtfluege-mit-Kampfhubschrauber-Tiger,aktuellbraunschweig11396.html?fbclid=IwAR1QMaH1WPUFauJmCuk3ZbD_kfWb9Wx2PGGu4najdi6kVwuUpHgeqOKLGAg<\/a>)<\/p>\n<blockquote>\n<header>\n<div class=\"lastchanged\">Stand: 18.09.2023 20:39 Uhr<\/div>\n<h1>Bundeswehr \u00fcbt Nachtfl\u00fcge mit Kampfhubschrauber &#8222;Tiger&#8220;<\/h1>\n<\/header>\n<div class=\"contentimage w50\">\n<div class=\"image-container quer\"><picture><source srcset=\"\/resources\/images\/placeholder.png 8w,\/nachrichten\/niedersachsen\/hubschrauber880_v-thumbnailgross.jpg 128w,\/nachrichten\/niedersachsen\/hubschrauber880_v-contentgross.jpg 568w,\/nachrichten\/niedersachsen\/hubschrauber880_v-vierspaltig.jpg 760w,\/nachrichten\/niedersachsen\/hubschrauber880_v-contentxl.jpg 1067w,\/nachrichten\/niedersachsen\/hubschrauber880_v-fullhd.jpg 1920w,\/nachrichten\/niedersachsen\/hubschrauber880_v-einspaltig.jpg 184w,\/nachrichten\/niedersachsen\/hubschrauber880_v-contentklein.jpg 256w,\/nachrichten\/niedersachsen\/hubschrauber880_v-anderthalbspaltig.jpg 280w,\/nachrichten\/niedersachsen\/hubschrauber880_v-zweispaltig.jpg 376w\" type=\"image\/jpeg\" sizes=\"396.717px\" \/><\/picture><\/div>\n<p><span class=\"caption\">Die Bundeswehr \u00fcbt in den kommenden N\u00e4chten Fl\u00fcge mit dem Kampfhubschrauber &#8222;Tiger&#8220;.\u00a0<\/span><\/div>\n<p>Die Bundeswehr absolviert in den kommenden N\u00e4chten unter anderem \u00fcber G\u00f6ttingen \u00dcbungsfl\u00fcge mit dem Kampfhubschrauber &#8222;Tiger&#8220;. Teils seien Tieffl\u00fcge in weniger als 30 Metern H\u00f6he geplant, teilte das Kampfhubschrauberregiment 36 im hessischen Fritzlar mit. &#8222;Dabei kann es m\u00f6glicherweise zu einer erh\u00f6hten L\u00e4rmbelastung kommen&#8220;, hie\u00df es. Die Kampfhubschrauber seien \u00fcber G\u00f6ttingen, dem th\u00fcringischen M\u00fchlhausen und dem nordrhein-westf\u00e4lischen Warburg unterwegs, au\u00dferdem in Hessen im Vogelsbergkreis, in Marburg, Allendorf an der Eder und Korbach sowie Bad Hersfeld. Pro Nacht sollen zwei bis vier &#8222;Tiger&#8220; die \u00dcbungen fliegen. Um die St\u00f6rungen so gering wie m\u00f6glich zu halten, werde versucht, das \u00dcbungsgebiet stetig zu wechseln, sagte ein Sprecher am Montag.<\/p><\/blockquote>\n","protected":false},"excerpt":{"rendered":"<p>(Quelle: https:\/\/www.ndr.de\/nachrichten\/niedersachsen\/braunschweig_harz_goettingen\/Bundeswehr-uebt-Nachtfluege-mit-Kampfhubschrauber-Tiger,aktuellbraunschweig11396.html?fbclid=IwAR1QMaH1WPUFauJmCuk3ZbD_kfWb9Wx2PGGu4najdi6kVwuUpHgeqOKLGAg) Stand: 18.09.2023 20:39 Uhr Bundeswehr \u00fcbt Nachtfl\u00fcge mit Kampfhubschrauber &#8222;Tiger&#8220; Die Bundeswehr \u00fcbt in den kommenden N\u00e4chten Fl\u00fcge mit dem Kampfhubschrauber &#8222;Tiger&#8220;.\u00a0 Die Bundeswehr absolviert in den kommenden N\u00e4chten unter anderem \u00fcber G\u00f6ttingen \u00dcbungsfl\u00fcge mit dem Kampfhubschrauber &#8222;Tiger&#8220;. Teils seien Tieffl\u00fcge in weniger als 30 Metern H\u00f6he geplant, teilte das Kampfhubschrauberregiment 36 im &#8230; <a title=\"NDR: Bundeswehr \u00fcbt Nachtfl\u00fcge mit Kampfhubschrauber &#8222;Tiger&#8220;\" class=\"read-more\" href=\"https:\/\/rt-europaallee.de\/wordpress\/2023\/09\/ndr-bundeswehr-uebt-nachtfluege-mit-kampfhubschrauber-tiger\/\" aria-label=\"Mehr Informationen \u00fcber NDR: Bundeswehr \u00fcbt Nachtfl\u00fcge mit Kampfhubschrauber &#8222;Tiger&#8220;\">Weiterlesen<\/a><\/p>\n","protected":false},"author":3,"featured_media":0,"comment_status":"closed","ping_status":"open","sticky":false,"template":"","format":"standard","meta":{"footnotes":""},"categories":[1],"tags":[],"class_list":["post-15030","post","type-post","status-publish","format-standard","hentry","category-allgemein"],"_links":{"self":[{"href":"https:\/\/rt-europaallee.de\/wordpress\/wp-json\/wp\/v2\/posts\/15030","targetHints":{"allow":["GET"]}}],"collection":[{"href":"https:\/\/rt-europaallee.de\/wordpress\/wp-json\/wp\/v2\/posts"}],"about":[{"href":"https:\/\/rt-europaallee.de\/wordpress\/wp-json\/wp\/v2\/types\/post"}],"author":[{"embeddable":true,"href":"https:\/\/rt-europaallee.de\/wordpress\/wp-json\/wp\/v2\/users\/3"}],"replies":[{"embeddable":true,"href":"https:\/\/rt-europaallee.de\/wordpress\/wp-json\/wp\/v2\/comments?post=15030"}],"version-history":[{"count":1,"href":"https:\/\/rt-europaallee.de\/wordpress\/wp-json\/wp\/v2\/posts\/15030\/revisions"}],"predecessor-version":[{"id":15031,"href":"https:\/\/rt-europaallee.de\/wordpress\/wp-json\/wp\/v2\/posts\/15030\/revisions\/15031"}],"wp:attachment":[{"href":"https:\/\/rt-europaallee.de\/wordpress\/wp-json\/wp\/v2\/media?parent=15030"}],"wp:term":[{"taxonomy":"category","embeddable":true,"href":"https:\/\/rt-europaallee.de\/wordpress\/wp-json\/wp\/v2\/categories?post=15030"},{"taxonomy":"post_tag","embeddable":true,"href":"https:\/\/rt-europaallee.de\/wordpress\/wp-json\/wp\/v2\/tags?post=15030"}],"curies":[{"name":"wp","href":"https:\/\/api.w.org\/{rel}","templated":true}]}}