{"id":15046,"date":"2023-09-27T11:25:35","date_gmt":"2023-09-27T09:25:35","guid":{"rendered":"http:\/\/rt-europaallee.org\/wordpress\/?p=15046"},"modified":"2023-09-27T11:25:35","modified_gmt":"2023-09-27T09:25:35","slug":"museum-friedland-programm-interkulturelle-woche-2023","status":"publish","type":"post","link":"https:\/\/rt-europaallee.de\/wordpress\/2023\/09\/museum-friedland-programm-interkulturelle-woche-2023\/","title":{"rendered":"Museum Friedland: Programm &#8222;Interkulturelle Woche 2023&#8220;"},"content":{"rendered":"<p>(Quelle: <a href=\"https:\/\/www.facebook.com\/MuseumFriedland\/posts\/pfbid02BgZG1pbUaK94rQ4jsKah8Px3sYU7wioJUCyZL613AWmyzbhwKPmPEQeQubmMz5Wsl\">https:\/\/www.facebook.com\/MuseumFriedland\/posts\/pfbid02BgZG1pbUaK94rQ4jsKah8Px3sYU7wioJUCyZL613AWmyzbhwKPmPEQeQubmMz5Wsl<\/a>)<\/p>\n<blockquote>\n<div class=\"xu06os2 x1ok221b\">\n<h3 id=\":R1al9aqqd9emhpapd5aq:\" class=\"x1heor9g x1qlqyl8 x1pd3egz x1a2a7pz x1gslohp x1yc453h\"><span class=\"xt0psk2\"><a class=\"x1i10hfl xjbqb8w x6umtig x1b1mbwd xaqea5y xav7gou x9f619 x1ypdohk xt0psk2 xe8uvvx xdj266r x11i5rnm xat24cr x1mh8g0r xexx8yu x4uap5 x18d9i69 xkhd6sd x16tdsg8 x1hl2dhg xggy1nq x1a2a7pz xt0b8zv xzsf02u x1s688f\" tabindex=\"0\" role=\"link\" href=\"https:\/\/www.facebook.com\/MuseumFriedland?__cft__[0]=AZV9zxohOh0kG0A624w98VgCZOmcfoPuRS3-g9qAuUiBTDd_pY2CMoGf3TNisdyv7bDUQsBNuwMkoWi2zjCAPYJVv30T4QeTsEQ5uOLQ0u4FWCmDo5BJSvIbgGH5QiSTmGESt48yfTyidn4y2gvWtWIR&amp;__tn__=-UC%2CP-R\"><strong>Museum Friedland<\/strong><\/a><\/span><\/h3>\n<\/div>\n<div class=\"xu06os2 x1ok221b\">(23. September 2023)<\/div>\n<div><\/div>\n<div class=\"\" dir=\"auto\">\n<div id=\":R1al9aqqd9emhpapd5aqH2:\" class=\"x1iorvi4 x1pi30zi x1l90r2v x1swvt13\" data-ad-comet-preview=\"message\" data-ad-preview=\"message\">\n<div class=\"x78zum5 xdt5ytf xz62fqu x16ldp7u\">\n<div class=\"xu06os2 x1ok221b\">\n<div class=\"xdj266r x11i5rnm xat24cr x1mh8g0r x1vvkbs x126k92a\">\n<div dir=\"auto\"><span class=\"x3nfvp2 x1j61x8r x1fcty0u xdj266r xhhsvwb xat24cr xgzva0m xxymvpz xlup9mm x1kky2od\"><img loading=\"lazy\" decoding=\"async\" src=\"https:\/\/static.xx.fbcdn.net\/images\/emoji.php\/v9\/t13\/1\/16\/1f308.png\" alt=\"\ud83c\udf08\" width=\"16\" height=\"16\" \/><\/span><span class=\"x3nfvp2 x1j61x8r x1fcty0u xdj266r xhhsvwb xat24cr xgzva0m xxymvpz xlup9mm x1kky2od\"><img loading=\"lazy\" decoding=\"async\" src=\"https:\/\/static.xx.fbcdn.net\/images\/emoji.php\/v9\/tf4\/1\/16\/2728.png\" alt=\"\u2728\" width=\"16\" height=\"16\" \/><\/span>Morgen beginnt offiziell die &#8222;Interkulturelle Woche 2023&#8220;. Bundesweit beteiligen sich zahlreiche Institutionen, Vereine, B\u00fcndnisse und K\u00fcnstler:innen mit verschiedenen Veranstaltungen und Aktionen.<\/div>\n<\/div>\n<div class=\"x11i5rnm xat24cr x1mh8g0r x1vvkbs xtlvy1s x126k92a\">\n<div dir=\"auto\">In diesem Rahmen haben wir auch in Friedland ein kleines, aber vielf\u00e4ltiges Programm organisiert, das wir Euch in diesem Post vorstellen m\u00f6chten und zu dem Ihr alle herzlich eingeladen seid.<\/div>\n<\/div>\n<div class=\"x11i5rnm xat24cr x1mh8g0r x1vvkbs xtlvy1s x126k92a\">\n<div dir=\"auto\">Alle Angebote und Veranstaltungen sind kostenfrei und k\u00f6nnen ohne vorherige Anmeldung besucht werden.<\/div>\n<\/div>\n<div class=\"x11i5rnm xat24cr x1mh8g0r x1vvkbs xtlvy1s x126k92a\">\n<div dir=\"auto\"><span class=\"x3nfvp2 x1j61x8r x1fcty0u xdj266r xhhsvwb xat24cr xgzva0m xxymvpz xlup9mm x1kky2od\"><img loading=\"lazy\" decoding=\"async\" src=\"https:\/\/static.xx.fbcdn.net\/images\/emoji.php\/v9\/tb4\/1\/16\/1f38a.png\" alt=\"\ud83c\udf8a\" width=\"16\" height=\"16\" \/><\/span>Wir freuen uns darauf, gemeinsam mit euch die Interkulturelle Woche 2023 in Friedland zu feiern.<\/div>\n<div dir=\"auto\"><\/div>\n<div dir=\"auto\">\n<div class=\"x9f619 x1r8uery x1iyjqo2 x6ikm8r x10wlt62 x1n2onr6\">\n<div class=\"xqtp20y x1n2onr6 xh8yej3\">\n<div class=\"x1qjc9v5 x1q0q8m5 x1qhh985 xu3j5b3 xcfux6l x26u7qi xm0m39n x13fuv20 x972fbf x1ey2m1c x9f619 x78zum5 xds687c xdt5ytf x1iyjqo2 xs83m0k x1qughib xat24cr x11i5rnm x1mh8g0r xdj266r x2lwn1j xeuugli x18d9i69 x4uap5 xkhd6sd xexx8yu x10l6tqk x17qophe x13vifvy x1ja2u2z\"><a class=\"x1i10hfl xjbqb8w x6umtig x1b1mbwd xaqea5y xav7gou x9f619 x1ypdohk xe8uvvx xdj266r x11i5rnm xat24cr x1mh8g0r xexx8yu x4uap5 x18d9i69 xkhd6sd x16tdsg8 x1hl2dhg xggy1nq x1a2a7pz x1heor9g xt0b8zv x1lliihq x5yr21d x1n2onr6 xh8yej3\" tabindex=\"0\" role=\"link\" href=\"https:\/\/www.facebook.com\/photo.php?fbid=779259130874317&amp;set=pb.100063707104238.-2207520000&amp;type=3\"><img decoding=\"async\" class=\"xzg4506 xycxndf xua58t2 x4xrfw5 x1lq5wgf xgqcy7u x30kzoy x9jhf4c x9f619 x5yr21d xl1xv1r xh8yej3\" src=\"https:\/\/scontent-ham3-1.xx.fbcdn.net\/v\/t39.30808-6\/382819151_779259110874319_993786439558392995_n.jpg?stp=dst-jpg_p206x206&amp;_nc_cat=109&amp;ccb=1-7&amp;_nc_sid=0df3a7&amp;_nc_ohc=FxERw9QJyWIAX_kqcIB&amp;_nc_ht=scontent-ham3-1.xx&amp;oh=00_AfDtIFj9W85ROVN7X3GQP7N9oWKYry8LCrUepPcfhJGcTQ&amp;oe=65180EAF\" alt=\"Ist m\u00f6glicherweise ein Bild von Text \u201eF\u00f6rderung und Kooperationspartner: Die Beauftragte der Bundesregierung f\u00fcr Kultur Medien Bewegen. ntegrieren. F\u00f6rdern Mission Evangelisches Hilfswerk O WAS RUNS ERBINDET Diakonie Kofinanziert von der Europ\u00e4ischen Union undGeiddtelung f 0\u03bbO \u4e00 Kultar f\u00f6rlern, LANDSCHAFTS VERBAND S\u00dcDNIEDERSACHSEN VGH Friedland GARTEN Stiftung\u201c\" \/><\/a><\/p>\n<div class=\"x1wa3icf x1923su1 x12nagc x10l6tqk\">\n<div class=\"xw3qccf\"><\/div>\n<\/div>\n<\/div>\n<\/div>\n<\/div>\n<div class=\"x9f619 x1r8uery x1iyjqo2 x6ikm8r x10wlt62 x1n2onr6\">\n<div class=\"xqtp20y x1n2onr6 xh8yej3\">\n<div class=\"x1qjc9v5 x1q0q8m5 x1qhh985 xu3j5b3 xcfux6l x26u7qi xm0m39n x13fuv20 x972fbf x1ey2m1c x9f619 x78zum5 xds687c xdt5ytf x1iyjqo2 xs83m0k x1qughib xat24cr x11i5rnm x1mh8g0r xdj266r x2lwn1j xeuugli x18d9i69 x4uap5 xkhd6sd xexx8yu x10l6tqk x17qophe x13vifvy x1ja2u2z\"><a class=\"x1i10hfl xjbqb8w x6umtig x1b1mbwd xaqea5y xav7gou x9f619 x1ypdohk xe8uvvx xdj266r x11i5rnm xat24cr x1mh8g0r xexx8yu x4uap5 x18d9i69 xkhd6sd x16tdsg8 x1hl2dhg xggy1nq x1a2a7pz x1heor9g xt0b8zv x1lliihq x5yr21d x1n2onr6 xh8yej3\" tabindex=\"0\" role=\"link\" href=\"https:\/\/www.facebook.com\/photo.php?fbid=779259124207651&amp;set=pb.100063707104238.-2207520000&amp;type=3\"><img decoding=\"async\" class=\"xzg4506 xycxndf xua58t2 x4xrfw5 x1lq5wgf xgqcy7u x30kzoy x9jhf4c x9f619 x5yr21d xl1xv1r xh8yej3\" src=\"https:\/\/scontent-ham3-1.xx.fbcdn.net\/v\/t39.30808-6\/382758452_779259104207653_8190536994232160484_n.jpg?stp=dst-jpg_p206x206&amp;_nc_cat=107&amp;ccb=1-7&amp;_nc_sid=0df3a7&amp;_nc_ohc=jhNF4cNpU-sAX_fRfDo&amp;_nc_ht=scontent-ham3-1.xx&amp;oh=00_AfCBJU93wtYsUrWVIDKbnvHjP-gdrqCFcZT4ICmbedr7aw&amp;oe=65184980\" alt=\"Ist m\u00f6glicherweise ein Bild von 1 Person und Text \u201e&quot;Dengek me Jeye- Wir haben eine Stimme Er\u00f6ffnung der Sonderauss\u0142ellung 30. September 18.00 Uhr Museum friedland Die Ausstellung mit Werken von Ravo Ossman und H\u00eav\u00ee thematisiert den Genozid an der yezidischen Gemeinschaft durch den &quot;Islamischen Staat&quot; im Nordirak im Jahr 2014. Im Mittelpunkt stehen die Erfahrungen und Erlebnisse von Frauen und Kindern auf der Flucht. FRIEDLAND\u201c\" \/><\/a><\/p>\n<div class=\"x1wa3icf x1923su1 x12nagc x10l6tqk\">\n<div class=\"xw3qccf\"><\/div>\n<\/div>\n<\/div>\n<\/div>\n<\/div>\n<div class=\"x9f619 x1r8uery x1iyjqo2 x6ikm8r x10wlt62 x1n2onr6\">\n<div class=\"xqtp20y x1n2onr6 xh8yej3\">\n<div class=\"x1qjc9v5 x1q0q8m5 x1qhh985 xu3j5b3 xcfux6l x26u7qi xm0m39n x13fuv20 x972fbf x1ey2m1c x9f619 x78zum5 xds687c xdt5ytf x1iyjqo2 xs83m0k x1qughib xat24cr x11i5rnm x1mh8g0r xdj266r x2lwn1j xeuugli x18d9i69 x4uap5 xkhd6sd xexx8yu x10l6tqk x17qophe x13vifvy x1ja2u2z\"><a class=\"x1i10hfl xjbqb8w x6umtig x1b1mbwd xaqea5y xav7gou x9f619 x1ypdohk xe8uvvx xdj266r x11i5rnm xat24cr x1mh8g0r xexx8yu x4uap5 x18d9i69 xkhd6sd x16tdsg8 x1hl2dhg xggy1nq x1a2a7pz x1heor9g xt0b8zv x1lliihq x5yr21d x1n2onr6 xh8yej3\" tabindex=\"0\" role=\"link\" href=\"https:\/\/www.facebook.com\/photo.php?fbid=779259044207659&amp;set=pb.100063707104238.-2207520000&amp;type=3\"><img decoding=\"async\" class=\"xzg4506 xycxndf xua58t2 x4xrfw5 x1lq5wgf xgqcy7u x30kzoy x9jhf4c x9f619 x5yr21d xl1xv1r xh8yej3\" src=\"https:\/\/scontent-ham3-1.xx.fbcdn.net\/v\/t39.30808-6\/382724480_779259034207660_561594270780472878_n.jpg?stp=dst-jpg_p206x206&amp;_nc_cat=111&amp;ccb=1-7&amp;_nc_sid=0df3a7&amp;_nc_ohc=_ah7LWZ3sa8AX9OVpX6&amp;_nc_ht=scontent-ham3-1.xx&amp;oh=00_AfB60ZWqF0cGq5fILEPqGGJuqHCeW-IFOsb_Nr-46UL1CA&amp;oe=6518ACB3\" alt=\"Ist m\u00f6glicherweise ein Bild von Text \u201eInterkulturelles Herbstfest 28. September 15.00 Uhr friedland Garten Inmitten der fr\u00fchherbstlichen Pracht des FriedlandGartens gibt es neben Musik, Tanz und Spiel viele weitere tolle Angebote f\u00fcr Jung und Alt. Au\u00dferdem kann sich jeder und jede auf ein Kuchen- und Spezialit\u00e4tenbuffet freuen, das von Bewohner:innen des Grenzdurchgangslagers zubereitet wird. Bei Lagerfeuer und Stockbrot soll das Fest einen gem\u00fctlichen Ausklang finden. FRIEDLAND\u201c\" \/><\/a><\/p>\n<div class=\"x1wa3icf x1923su1 x12nagc x10l6tqk\">\n<div class=\"xw3qccf\"><\/div>\n<\/div>\n<\/div>\n<\/div>\n<\/div>\n<div class=\"x9f619 x1r8uery x1iyjqo2 x6ikm8r x10wlt62 x1n2onr6\">\n<div class=\"xqtp20y x1n2onr6 xh8yej3\">\n<div class=\"x1qjc9v5 x1q0q8m5 x1qhh985 xu3j5b3 xcfux6l x26u7qi xm0m39n x13fuv20 x972fbf x1ey2m1c x9f619 x78zum5 xds687c xdt5ytf x1iyjqo2 xs83m0k x1qughib xat24cr x11i5rnm x1mh8g0r xdj266r x2lwn1j xeuugli x18d9i69 x4uap5 xkhd6sd xexx8yu x10l6tqk x17qophe x13vifvy x1ja2u2z\"><a class=\"x1i10hfl xjbqb8w x6umtig x1b1mbwd xaqea5y xav7gou x9f619 x1ypdohk xe8uvvx xdj266r x11i5rnm xat24cr x1mh8g0r xexx8yu x4uap5 x18d9i69 xkhd6sd x16tdsg8 x1hl2dhg xggy1nq x1a2a7pz x1heor9g xt0b8zv x1lliihq x5yr21d x1n2onr6 xh8yej3\" tabindex=\"0\" role=\"link\" href=\"https:\/\/www.facebook.com\/photo.php?fbid=779259037540993&amp;set=pb.100063707104238.-2207520000&amp;type=3\"><img decoding=\"async\" class=\"xzg4506 xycxndf xua58t2 x4xrfw5 x1lq5wgf xgqcy7u x30kzoy x9jhf4c x9f619 x5yr21d xl1xv1r xh8yej3\" src=\"https:\/\/scontent-ham3-1.xx.fbcdn.net\/v\/t39.30808-6\/381070139_779259020874328_4560452646923768848_n.jpg?stp=dst-jpg_p206x206&amp;_nc_cat=103&amp;ccb=1-7&amp;_nc_sid=0df3a7&amp;_nc_ohc=4zSkR_mbA80AX9SyGvW&amp;_nc_ht=scontent-ham3-1.xx&amp;oh=00_AfBf9QbwLs9hlvi8Dm9YTO_FBOaB0SR8e6SfncXZkYpeXw&amp;oe=6518971F\" alt=\"Ist m\u00f6glicherweise ein Bild von Klarinette, Klavier und Text \u201eMusik Workshop 27. September 13.30- 15.00 Uhr Haus 20 Der Musiker Kerst Sikkema wird am Klavier in den Nachmittag einstimmen. Anschlie\u00dfend ist die B\u00fchne frei f\u00fcr alle die in Wort, Gesang oder Tanz Ausdruck finden wollen. Kerst Sikkema begleitet die Beitr\u00e4ge am Klavier mit improvisierten Impulsen. FRIEDLAND\u201c\" \/><\/a><\/p>\n<div class=\"x1wa3icf x1923su1 x12nagc x10l6tqk\">\n<div class=\"xw3qccf\"><\/div>\n<\/div>\n<\/div>\n<\/div>\n<\/div>\n<div class=\"x9f619 x1r8uery x1iyjqo2 x6ikm8r x10wlt62 x1n2onr6\">\n<div class=\"xqtp20y x1n2onr6 xh8yej3\">\n<div class=\"x1qjc9v5 x1q0q8m5 x1qhh985 xu3j5b3 xcfux6l x26u7qi xm0m39n x13fuv20 x972fbf x1ey2m1c x9f619 x78zum5 xds687c xdt5ytf x1iyjqo2 xs83m0k x1qughib xat24cr x11i5rnm x1mh8g0r xdj266r x2lwn1j xeuugli x18d9i69 x4uap5 xkhd6sd xexx8yu x10l6tqk x17qophe x13vifvy x1ja2u2z\"><a class=\"x1i10hfl xjbqb8w x6umtig x1b1mbwd xaqea5y xav7gou x9f619 x1ypdohk xe8uvvx xdj266r x11i5rnm xat24cr x1mh8g0r xexx8yu x4uap5 x18d9i69 xkhd6sd x16tdsg8 x1hl2dhg xggy1nq x1a2a7pz x1heor9g xt0b8zv x1lliihq x5yr21d x1n2onr6 xh8yej3\" tabindex=\"0\" role=\"link\" href=\"https:\/\/www.facebook.com\/photo.php?fbid=779258837541013&amp;set=pb.100063707104238.-2207520000&amp;type=3\"><img decoding=\"async\" class=\"xzg4506 xycxndf xua58t2 x4xrfw5 x1lq5wgf xgqcy7u x30kzoy x9jhf4c x9f619 x5yr21d xl1xv1r xh8yej3\" src=\"https:\/\/scontent-ham3-1.xx.fbcdn.net\/v\/t39.30808-6\/382753926_779258830874347_1980338858761441682_n.jpg?stp=dst-jpg_p206x206&amp;_nc_cat=101&amp;ccb=1-7&amp;_nc_sid=0df3a7&amp;_nc_ohc=Yos0nzEsAv8AX9hh_U2&amp;_nc_ht=scontent-ham3-1.xx&amp;oh=00_AfB6fAx58BW_U_lZFIiTdMTaeUzcuqyqD3cZ2rjtuDaeqA&amp;oe=65189247\" alt=\"Ist m\u00f6glicherweise ein Bild von \u200eeine oder mehrere Personen und \u200eText \u201e\u200eFriedl\u00e4nder Interkulturelle Woche \u0627\u0644\u062b\u0642\u0627\u0641\u0627\u062a \u0623\u0633\u0628\u0648\u0639 Intercultural Week HeAe\u043bR me\u0436Ky\u043bbTypHoro TypHoro o6weH\u0438R Semaine Interculturelle K\u00fclt\u00fcrlerarasi K\u00fclt\u00fcrlerarasi Hafta Semana Intercultural 27.-30. 27. September FRIEDLAND\u200e\u201c\u200e\u200e\" \/><\/a><\/div>\n<\/div>\n<\/div>\n<\/div>\n<\/div>\n<\/div>\n<\/div>\n<\/div>\n<\/div>\n<\/blockquote>\n","protected":false},"excerpt":{"rendered":"<p>(Quelle: https:\/\/www.facebook.com\/MuseumFriedland\/posts\/pfbid02BgZG1pbUaK94rQ4jsKah8Px3sYU7wioJUCyZL613AWmyzbhwKPmPEQeQubmMz5Wsl) Museum Friedland (23. September 2023) Morgen beginnt offiziell die &#8222;Interkulturelle Woche 2023&#8220;. Bundesweit beteiligen sich zahlreiche Institutionen, Vereine, B\u00fcndnisse und K\u00fcnstler:innen mit verschiedenen Veranstaltungen und Aktionen. In diesem Rahmen haben wir auch in Friedland ein kleines, aber vielf\u00e4ltiges Programm organisiert, das wir Euch in diesem Post vorstellen m\u00f6chten und zu dem Ihr alle &#8230; <a title=\"Museum Friedland: Programm &#8222;Interkulturelle Woche 2023&#8220;\" class=\"read-more\" href=\"https:\/\/rt-europaallee.de\/wordpress\/2023\/09\/museum-friedland-programm-interkulturelle-woche-2023\/\" aria-label=\"Mehr Informationen \u00fcber Museum Friedland: Programm &#8222;Interkulturelle Woche 2023&#8220;\">Weiterlesen<\/a><\/p>\n","protected":false},"author":3,"featured_media":0,"comment_status":"closed","ping_status":"open","sticky":false,"template":"","format":"standard","meta":{"footnotes":""},"categories":[1],"tags":[],"class_list":["post-15046","post","type-post","status-publish","format-standard","hentry","category-allgemein"],"_links":{"self":[{"href":"https:\/\/rt-europaallee.de\/wordpress\/wp-json\/wp\/v2\/posts\/15046","targetHints":{"allow":["GET"]}}],"collection":[{"href":"https:\/\/rt-europaallee.de\/wordpress\/wp-json\/wp\/v2\/posts"}],"about":[{"href":"https:\/\/rt-europaallee.de\/wordpress\/wp-json\/wp\/v2\/types\/post"}],"author":[{"embeddable":true,"href":"https:\/\/rt-europaallee.de\/wordpress\/wp-json\/wp\/v2\/users\/3"}],"replies":[{"embeddable":true,"href":"https:\/\/rt-europaallee.de\/wordpress\/wp-json\/wp\/v2\/comments?post=15046"}],"version-history":[{"count":1,"href":"https:\/\/rt-europaallee.de\/wordpress\/wp-json\/wp\/v2\/posts\/15046\/revisions"}],"predecessor-version":[{"id":15047,"href":"https:\/\/rt-europaallee.de\/wordpress\/wp-json\/wp\/v2\/posts\/15046\/revisions\/15047"}],"wp:attachment":[{"href":"https:\/\/rt-europaallee.de\/wordpress\/wp-json\/wp\/v2\/media?parent=15046"}],"wp:term":[{"taxonomy":"category","embeddable":true,"href":"https:\/\/rt-europaallee.de\/wordpress\/wp-json\/wp\/v2\/categories?post=15046"},{"taxonomy":"post_tag","embeddable":true,"href":"https:\/\/rt-europaallee.de\/wordpress\/wp-json\/wp\/v2\/tags?post=15046"}],"curies":[{"name":"wp","href":"https:\/\/api.w.org\/{rel}","templated":true}]}}