{"id":15052,"date":"2023-09-28T20:13:54","date_gmt":"2023-09-28T18:13:54","guid":{"rendered":"http:\/\/rt-europaallee.org\/wordpress\/?p=15052"},"modified":"2023-09-28T20:13:54","modified_gmt":"2023-09-28T18:13:54","slug":"land-niedersachsen-foerdert-den-klinikum-neubau-der-universitaetsmedizin-goettingen-umg","status":"publish","type":"post","link":"https:\/\/rt-europaallee.de\/wordpress\/2023\/09\/land-niedersachsen-foerdert-den-klinikum-neubau-der-universitaetsmedizin-goettingen-umg\/","title":{"rendered":"Land Niedersachsen f\u00f6rdert den Klinikum-Neubau der Universit\u00e4tsmedizin G\u00f6ttingen &#8211; UMG"},"content":{"rendered":"<p>(Quelle: <a href=\"https:\/\/www.facebook.com\/permalink.php?story_fbid=pfbid02Rwc6s6Uvo5mFY9WYNMJMfDmZvvZKzyJn1Qse1dfyeX93gZtEWjiHRFrhfp7eV6ZKl&amp;id=100063807001765&amp;notif_id=1695920123607391&amp;notif_t=notify_me_page&amp;ref=notif\">https:\/\/www.facebook.com\/permalink.php?story_fbid=pfbid02Rwc6s6Uvo5mFY9WYNMJMfDmZvvZKzyJn1Qse1dfyeX93gZtEWjiHRFrhfp7eV6ZKl&amp;id=100063807001765&amp;notif_id=1695920123607391&amp;notif_t=notify_me_page&amp;ref=notif<\/a>)<\/p>\n<blockquote>\n<div class=\"xu06os2 x1ok221b\">\n<h3 id=\":R1al9aqqd9emhpapd5aq:\" class=\"x1heor9g x1qlqyl8 x1pd3egz x1a2a7pz x1gslohp x1yc453h\"><span class=\"xt0psk2\"><a class=\"x1i10hfl xjbqb8w x6umtig x1b1mbwd xaqea5y xav7gou x9f619 x1ypdohk xt0psk2 xe8uvvx xdj266r x11i5rnm xat24cr x1mh8g0r xexx8yu x4uap5 x18d9i69 xkhd6sd x16tdsg8 x1hl2dhg xggy1nq x1a2a7pz xt0b8zv xzsf02u x1s688f\" tabindex=\"0\" role=\"link\" href=\"https:\/\/www.facebook.com\/profile.php?id=100063807001765&amp;__cft__[0]=AZWnXhjoGB0Xtwo7TG80uIlSfiD83UlERhTorV_QlX8WuFr0YeI2Aa1mJmBRdB60zD-olPwTHKw1QbQFIT0QUjllLaa9orVdRX1y2R337Cqcv4P6bFXtjyz8jdOwxv2VVpAxM8AQsZsXjSlgU6FOnw11&amp;__tn__=-UC%2CP-R\"><strong>Universit\u00e4tsmedizin G\u00f6ttingen &#8211; UMG<\/strong><\/a><\/span><\/h3>\n<\/div>\n<div class=\"\" dir=\"auto\">\n<div id=\":R1al9aqqd9emhpapd5aqH2:\" class=\"x1iorvi4 x1pi30zi x1l90r2v x1swvt13\" data-ad-comet-preview=\"message\" data-ad-preview=\"message\">\n<div class=\"x78zum5 xdt5ytf xz62fqu x16ldp7u\">\n<div class=\"xu06os2 x1ok221b\">\n<div class=\"xdj266r x11i5rnm xat24cr x1mh8g0r x1vvkbs x126k92a\">\n<div dir=\"auto\">Der Ausschuss f\u00fcr Haushalt und Finanzen des Nieders\u00e4chsischen Landtages hat den neu erarbeiteten Planungsansatz am Mittwoch, dem 27. September 2023, beschlossen. Niedersachsens Wissenschaftsminister <a class=\"x1i10hfl xjbqb8w x6umtig x1b1mbwd xaqea5y xav7gou x9f619 x1ypdohk xt0psk2 xe8uvvx xdj266r x11i5rnm xat24cr x1mh8g0r xexx8yu x4uap5 x18d9i69 xkhd6sd x16tdsg8 x1hl2dhg xggy1nq x1a2a7pz xt0b8zv x1qq9wsj xo1l8bm\" tabindex=\"0\" role=\"link\" href=\"https:\/\/www.facebook.com\/FMohrs?__cft__[0]=AZWnXhjoGB0Xtwo7TG80uIlSfiD83UlERhTorV_QlX8WuFr0YeI2Aa1mJmBRdB60zD-olPwTHKw1QbQFIT0QUjllLaa9orVdRX1y2R337Cqcv4P6bFXtjyz8jdOwxv2VVpAxM8AQsZsXjSlgU6FOnw11&amp;__tn__=-]K-R\"><span class=\"xt0psk2\">Falko Mohrs<\/span><\/a> \u00fcberbrachte die gute Nachricht zu den F\u00f6rderma\u00dfnahmen des Landes f\u00fcr die beschleunigten Planungsschritte am Donnerstag, dem 28. September 2023, in G\u00f6ttingen. Damit stehen der Baugesellschaft der UMG (BauG UMG) insgesamt 1.130,4 Millionen Euro aus dem Sonderverm\u00f6gen des Landes Niedersachsen f\u00fcr alle Bauma\u00dfnahmen der Baustufen 1 und 2 des Klinikum-Neubaus zur Verf\u00fcgung.<\/div>\n<\/div>\n<div class=\"x11i5rnm xat24cr x1mh8g0r x1vvkbs xtlvy1s x126k92a\">\n<div dir=\"auto\">Urspr\u00fcnglich sah das Eine-Milliarde-Konzept des Sonderverm\u00f6gens des Landes Niedersachsen f\u00fcr den Klinikum-Neubau der UMG drei Baustufen mit einer Fertigstellung im Jahr 2035 vor. Die Schwierigkeit hierbei: Das bestehende Bettenhaus 1 w\u00fcrde der Realisierung der Baustufe 3, dem geplanten Zentrum f\u00fcr Bildgebende Diagnostik, im Weg stehen. Aus diesem Grund hat die BauG UMG in Abstimmung mit der Dachgesellschaft Bauvorhaben Hochschulmedizin Niedersachsen (DBHN) und dem Vorstand der UMG ein neues Konzept entwickelt. Es besteht jetzt aus nur noch zwei Baustufen und integriert die Bildgebende Diagnostik in die Baustufe 1.<\/div>\n<\/div>\n<div class=\"x11i5rnm xat24cr x1mh8g0r x1vvkbs xtlvy1s x126k92a\">\n<div dir=\"auto\">Die erste Baustufe (Operatives Zentrum, Herz-, Neuro- und Notfallzentrum) hat auf einer Grundfl\u00e4che von rund 118.500 Quadratmetern und einer Nutzfl\u00e4che von rund 51.500 Quadratmetern Raum f\u00fcr 624 Betten, davon 204 Intensivpflegebetten, und 31 OP-S\u00e4le. Das Eltern-Kind-Zentrum, die zweite Baustufe, erstreckt sich auf einer Grundfl\u00e4che von rund 38.000 Quadratmetern und einer Nutzfl\u00e4che von zirka 16.500 Quadratmetern. Hier werden 172 Betten, davon 50 ntensivpflegebetten, und sechs Standard-OP-S\u00e4le untergebracht.<\/div>\n<\/div>\n<div class=\"x11i5rnm xat24cr x1mh8g0r x1vvkbs xtlvy1s x126k92a\">\n<div dir=\"auto\">Mehr Infos unter: <a class=\"x1i10hfl xjbqb8w x6umtig x1b1mbwd xaqea5y xav7gou x9f619 x1ypdohk xt0psk2 xe8uvvx xdj266r x11i5rnm xat24cr x1mh8g0r xexx8yu x4uap5 x18d9i69 xkhd6sd x16tdsg8 x1hl2dhg xggy1nq x1a2a7pz xt0b8zv x1fey0fg\" tabindex=\"0\" role=\"link\" href=\"https:\/\/www.umg.eu\/news-detail\/news-detail\/detail\/news\/hoeher-schneller-kompakter-beschleunigung-und-prozessverbesserungen-beim-klinikum-neubau-der-umg\/?fbclid=IwAR1K3pmj4mS3dPX_1dr0XfPzhg4Bhl_EjYdaRNuabiJRijmZJezsMOuEKqE\" target=\"_blank\" rel=\"nofollow noopener noreferrer\">https:\/\/www.umg.eu\/&#8230;\/hoeher-schneller-kompakter&#8230;\/<\/a><\/div>\n<\/div>\n<div class=\"x11i5rnm xat24cr x1mh8g0r x1vvkbs xtlvy1s x126k92a\">\n<div dir=\"auto\"><a class=\"x1i10hfl xjbqb8w x6umtig x1b1mbwd xaqea5y xav7gou x9f619 x1ypdohk xt0psk2 xe8uvvx xdj266r x11i5rnm xat24cr x1mh8g0r xexx8yu x4uap5 x18d9i69 xkhd6sd x16tdsg8 x1hl2dhg xggy1nq x1a2a7pz xt0b8zv x1qq9wsj xo1l8bm\" tabindex=\"0\" role=\"link\" href=\"https:\/\/www.facebook.com\/hashtag\/teamumg?__eep__=6&amp;__cft__[0]=AZWnXhjoGB0Xtwo7TG80uIlSfiD83UlERhTorV_QlX8WuFr0YeI2Aa1mJmBRdB60zD-olPwTHKw1QbQFIT0QUjllLaa9orVdRX1y2R337Cqcv4P6bFXtjyz8jdOwxv2VVpAxM8AQsZsXjSlgU6FOnw11&amp;__tn__=*NK-R\">#TeamUMG<\/a> <a class=\"x1i10hfl xjbqb8w x6umtig x1b1mbwd xaqea5y xav7gou x9f619 x1ypdohk xt0psk2 xe8uvvx xdj266r x11i5rnm xat24cr x1mh8g0r xexx8yu x4uap5 x18d9i69 xkhd6sd x16tdsg8 x1hl2dhg xggy1nq x1a2a7pz xt0b8zv x1qq9wsj xo1l8bm\" tabindex=\"0\" role=\"link\" href=\"https:\/\/www.facebook.com\/hashtag\/uniklinik?__eep__=6&amp;__cft__[0]=AZWnXhjoGB0Xtwo7TG80uIlSfiD83UlERhTorV_QlX8WuFr0YeI2Aa1mJmBRdB60zD-olPwTHKw1QbQFIT0QUjllLaa9orVdRX1y2R337Cqcv4P6bFXtjyz8jdOwxv2VVpAxM8AQsZsXjSlgU6FOnw11&amp;__tn__=*NK-R\">#uniklinik<\/a> <a class=\"x1i10hfl xjbqb8w x6umtig x1b1mbwd xaqea5y xav7gou x9f619 x1ypdohk xt0psk2 xe8uvvx xdj266r x11i5rnm xat24cr x1mh8g0r xexx8yu x4uap5 x18d9i69 xkhd6sd x16tdsg8 x1hl2dhg xggy1nq x1a2a7pz xt0b8zv x1qq9wsj xo1l8bm\" tabindex=\"0\" role=\"link\" href=\"https:\/\/www.facebook.com\/hashtag\/klinikum?__eep__=6&amp;__cft__[0]=AZWnXhjoGB0Xtwo7TG80uIlSfiD83UlERhTorV_QlX8WuFr0YeI2Aa1mJmBRdB60zD-olPwTHKw1QbQFIT0QUjllLaa9orVdRX1y2R337Cqcv4P6bFXtjyz8jdOwxv2VVpAxM8AQsZsXjSlgU6FOnw11&amp;__tn__=*NK-R\">#klinikum<\/a> <a class=\"x1i10hfl xjbqb8w x6umtig x1b1mbwd xaqea5y xav7gou x9f619 x1ypdohk xt0psk2 xe8uvvx xdj266r x11i5rnm xat24cr x1mh8g0r xexx8yu x4uap5 x18d9i69 xkhd6sd x16tdsg8 x1hl2dhg xggy1nq x1a2a7pz xt0b8zv x1qq9wsj xo1l8bm\" tabindex=\"0\" role=\"link\" href=\"https:\/\/www.facebook.com\/hashtag\/krankenhaus?__eep__=6&amp;__cft__[0]=AZWnXhjoGB0Xtwo7TG80uIlSfiD83UlERhTorV_QlX8WuFr0YeI2Aa1mJmBRdB60zD-olPwTHKw1QbQFIT0QUjllLaa9orVdRX1y2R337Cqcv4P6bFXtjyz8jdOwxv2VVpAxM8AQsZsXjSlgU6FOnw11&amp;__tn__=*NK-R\">#krankenhaus<\/a> <a class=\"x1i10hfl xjbqb8w x6umtig x1b1mbwd xaqea5y xav7gou x9f619 x1ypdohk xt0psk2 xe8uvvx xdj266r x11i5rnm xat24cr x1mh8g0r xexx8yu x4uap5 x18d9i69 xkhd6sd x16tdsg8 x1hl2dhg xggy1nq x1a2a7pz xt0b8zv x1qq9wsj xo1l8bm\" tabindex=\"0\" role=\"link\" href=\"https:\/\/www.facebook.com\/hashtag\/hospital?__eep__=6&amp;__cft__[0]=AZWnXhjoGB0Xtwo7TG80uIlSfiD83UlERhTorV_QlX8WuFr0YeI2Aa1mJmBRdB60zD-olPwTHKw1QbQFIT0QUjllLaa9orVdRX1y2R337Cqcv4P6bFXtjyz8jdOwxv2VVpAxM8AQsZsXjSlgU6FOnw11&amp;__tn__=*NK-R\">#hospital<\/a> <a class=\"x1i10hfl xjbqb8w x6umtig x1b1mbwd xaqea5y xav7gou x9f619 x1ypdohk xt0psk2 xe8uvvx xdj266r x11i5rnm xat24cr x1mh8g0r xexx8yu x4uap5 x18d9i69 xkhd6sd x16tdsg8 x1hl2dhg xggy1nq x1a2a7pz xt0b8zv x1qq9wsj xo1l8bm\" tabindex=\"0\" role=\"link\" href=\"https:\/\/www.facebook.com\/hashtag\/healthcare?__eep__=6&amp;__cft__[0]=AZWnXhjoGB0Xtwo7TG80uIlSfiD83UlERhTorV_QlX8WuFr0YeI2Aa1mJmBRdB60zD-olPwTHKw1QbQFIT0QUjllLaa9orVdRX1y2R337Cqcv4P6bFXtjyz8jdOwxv2VVpAxM8AQsZsXjSlgU6FOnw11&amp;__tn__=*NK-R\">#healthcare<\/a> <a class=\"x1i10hfl xjbqb8w x6umtig x1b1mbwd xaqea5y xav7gou x9f619 x1ypdohk xt0psk2 xe8uvvx xdj266r x11i5rnm xat24cr x1mh8g0r xexx8yu x4uap5 x18d9i69 xkhd6sd x16tdsg8 x1hl2dhg xggy1nq x1a2a7pz xt0b8zv x1qq9wsj xo1l8bm\" tabindex=\"0\" role=\"link\" href=\"https:\/\/www.facebook.com\/hashtag\/gesundheit?__eep__=6&amp;__cft__[0]=AZWnXhjoGB0Xtwo7TG80uIlSfiD83UlERhTorV_QlX8WuFr0YeI2Aa1mJmBRdB60zD-olPwTHKw1QbQFIT0QUjllLaa9orVdRX1y2R337Cqcv4P6bFXtjyz8jdOwxv2VVpAxM8AQsZsXjSlgU6FOnw11&amp;__tn__=*NK-R\">#gesundheit<\/a> <a class=\"x1i10hfl xjbqb8w x6umtig x1b1mbwd xaqea5y xav7gou x9f619 x1ypdohk xt0psk2 xe8uvvx xdj266r x11i5rnm xat24cr x1mh8g0r xexx8yu x4uap5 x18d9i69 xkhd6sd x16tdsg8 x1hl2dhg xggy1nq x1a2a7pz xt0b8zv x1qq9wsj xo1l8bm\" tabindex=\"0\" role=\"link\" href=\"https:\/\/www.facebook.com\/hashtag\/neubau?__eep__=6&amp;__cft__[0]=AZWnXhjoGB0Xtwo7TG80uIlSfiD83UlERhTorV_QlX8WuFr0YeI2Aa1mJmBRdB60zD-olPwTHKw1QbQFIT0QUjllLaa9orVdRX1y2R337Cqcv4P6bFXtjyz8jdOwxv2VVpAxM8AQsZsXjSlgU6FOnw11&amp;__tn__=*NK-R\">#neubau<\/a><\/div>\n<div dir=\"auto\"><\/div>\n<div dir=\"auto\"><img decoding=\"async\" class=\"x1bwycvy x193iq5w x4fas0m x19kjcj4\" src=\"https:\/\/scontent-ham3-1.xx.fbcdn.net\/v\/t39.30808-6\/384224623_786879946782232_9061560589328820175_n.jpg?_nc_cat=101&amp;ccb=1-7&amp;_nc_sid=49d041&amp;_nc_ohc=Sp5xtr3St94AX8ZnOxG&amp;_nc_ht=scontent-ham3-1.xx&amp;oh=00_AfCzD9A9J2xkxlZ6HMeUB0EDsUq1FYwIP2BKiJu8DiELmA&amp;oe=651A0A90\" alt=\"Keine Fotobeschreibung verf\u00fcgbar.\" data-visualcompletion=\"media-vc-image\" \/><\/div>\n<div dir=\"auto\">(<a href=\"https:\/\/www.facebook.com\/photo\/?fbid=786879973448896&amp;set=pcb.786882556781971\">https:\/\/www.facebook.com\/photo\/?fbid=786879973448896&amp;set=pcb.786882556781971<\/a>)<\/div>\n<\/div>\n<\/div>\n<\/div>\n<\/div>\n<\/div>\n<\/blockquote>\n<div dir=\"auto\"><\/div>\n<p><strong>Weitere Fotos siehe:<\/strong><\/p>\n<div dir=\"auto\"><a href=\"https:\/\/www.facebook.com\/permalink.php?story_fbid=pfbid02Rwc6s6Uvo5mFY9WYNMJMfDmZvvZKzyJn1Qse1dfyeX93gZtEWjiHRFrhfp7eV6ZKl&amp;id=100063807001765&amp;notif_id=1695920123607391&amp;notif_t=notify_me_page&amp;ref=notif\">https:\/\/www.facebook.com\/permalink.php?story_fbid=pfbid02Rwc6s6Uvo5mFY9WYNMJMfDmZvvZKzyJn1Qse1dfyeX93gZtEWjiHRFrhfp7eV6ZKl&amp;id=100063807001765&amp;notif_id=1695920123607391&amp;notif_t=notify_me_page&amp;ref=notif<\/a><\/div>\n","protected":false},"excerpt":{"rendered":"<p>(Quelle: https:\/\/www.facebook.com\/permalink.php?story_fbid=pfbid02Rwc6s6Uvo5mFY9WYNMJMfDmZvvZKzyJn1Qse1dfyeX93gZtEWjiHRFrhfp7eV6ZKl&amp;id=100063807001765&amp;notif_id=1695920123607391&amp;notif_t=notify_me_page&amp;ref=notif) Universit\u00e4tsmedizin G\u00f6ttingen &#8211; UMG Der Ausschuss f\u00fcr Haushalt und Finanzen des Nieders\u00e4chsischen Landtages hat den neu erarbeiteten Planungsansatz am Mittwoch, dem 27. September 2023, beschlossen. Niedersachsens Wissenschaftsminister Falko Mohrs \u00fcberbrachte die gute Nachricht zu den F\u00f6rderma\u00dfnahmen des Landes f\u00fcr die beschleunigten Planungsschritte am Donnerstag, dem 28. September 2023, in G\u00f6ttingen. Damit stehen der &#8230; <a title=\"Land Niedersachsen f\u00f6rdert den Klinikum-Neubau der Universit\u00e4tsmedizin G\u00f6ttingen &#8211; UMG\" class=\"read-more\" href=\"https:\/\/rt-europaallee.de\/wordpress\/2023\/09\/land-niedersachsen-foerdert-den-klinikum-neubau-der-universitaetsmedizin-goettingen-umg\/\" aria-label=\"Mehr Informationen \u00fcber Land Niedersachsen f\u00f6rdert den Klinikum-Neubau der Universit\u00e4tsmedizin G\u00f6ttingen &#8211; UMG\">Weiterlesen<\/a><\/p>\n","protected":false},"author":3,"featured_media":0,"comment_status":"closed","ping_status":"open","sticky":false,"template":"","format":"standard","meta":{"footnotes":""},"categories":[1],"tags":[],"class_list":["post-15052","post","type-post","status-publish","format-standard","hentry","category-allgemein"],"_links":{"self":[{"href":"https:\/\/rt-europaallee.de\/wordpress\/wp-json\/wp\/v2\/posts\/15052","targetHints":{"allow":["GET"]}}],"collection":[{"href":"https:\/\/rt-europaallee.de\/wordpress\/wp-json\/wp\/v2\/posts"}],"about":[{"href":"https:\/\/rt-europaallee.de\/wordpress\/wp-json\/wp\/v2\/types\/post"}],"author":[{"embeddable":true,"href":"https:\/\/rt-europaallee.de\/wordpress\/wp-json\/wp\/v2\/users\/3"}],"replies":[{"embeddable":true,"href":"https:\/\/rt-europaallee.de\/wordpress\/wp-json\/wp\/v2\/comments?post=15052"}],"version-history":[{"count":1,"href":"https:\/\/rt-europaallee.de\/wordpress\/wp-json\/wp\/v2\/posts\/15052\/revisions"}],"predecessor-version":[{"id":15053,"href":"https:\/\/rt-europaallee.de\/wordpress\/wp-json\/wp\/v2\/posts\/15052\/revisions\/15053"}],"wp:attachment":[{"href":"https:\/\/rt-europaallee.de\/wordpress\/wp-json\/wp\/v2\/media?parent=15052"}],"wp:term":[{"taxonomy":"category","embeddable":true,"href":"https:\/\/rt-europaallee.de\/wordpress\/wp-json\/wp\/v2\/categories?post=15052"},{"taxonomy":"post_tag","embeddable":true,"href":"https:\/\/rt-europaallee.de\/wordpress\/wp-json\/wp\/v2\/tags?post=15052"}],"curies":[{"name":"wp","href":"https:\/\/api.w.org\/{rel}","templated":true}]}}