{"id":15062,"date":"2023-10-04T12:57:08","date_gmt":"2023-10-04T10:57:08","guid":{"rendered":"http:\/\/rt-europaallee.org\/wordpress\/?p=15062"},"modified":"2023-10-04T12:57:08","modified_gmt":"2023-10-04T10:57:08","slug":"badeparadies-eiswiese-feiert-25-jaehriges-bestehen","status":"publish","type":"post","link":"https:\/\/rt-europaallee.de\/wordpress\/2023\/10\/badeparadies-eiswiese-feiert-25-jaehriges-bestehen\/","title":{"rendered":"\u201eBadeparadies Eiswiese\u201c feiert 25-j\u00e4hriges Bestehen"},"content":{"rendered":"<p>(Quelle: <a href=\"https:\/\/www.badeparadies.de\/aktuelles\/aktuelles\/wir-feiern-25-jahre-badeparadies-vom-02-0810\">https:\/\/www.badeparadies.de\/aktuelles\/aktuelles\/wir-feiern-25-jahre-badeparadies-vom-02-0810<\/a>)<\/p>\n<blockquote>\n<div class=\"body-bg\">\n<div id=\"page-content\" class=\"bp-page-content main-section\">\n<div class=\"container\">\n<div class=\"section section-default\">\n<div id=\"c1004\" class=\"frame frame-default frame-type-textpic frame-layout-0\"><header>\n<div class=\"h2-panel\">\n<h2 class=\"\"><a href=\"https:\/\/www.badeparadies.de\/aktuelles\/aktuelles\/wir-feiern-25-jahre-badeparadies-vom-02-0810\">Wir feiern 25 Jahre Badeparadies Eiswiese vom 02.-08.10.<\/a><\/h2>\n<\/div>\n<p class=\"\"><time datetime=\"2023-09-15\"> September 15, 2023 <\/time><\/p>\n<\/header>\n<div class=\"ce-textpic ce-left ce-intext\">\n<div class=\"ce-gallery\" data-ce-columns=\"1\" data-ce-images=\"1\">\n<div class=\"ce-row\">\n<div class=\"ce-column\">\n<figure class=\"image\"><a class=\"jnlightbox\" href=\"https:\/\/www.badeparadies.de\/fileadmin\/_processed_\/0\/8\/csm_20230830_VOR_BASTA_Social_Media_25_Jahre_Badeparadies_Eiswiese_Version1_756b719240.jpg\" rel=\"lightbox[lb1004]\" data-lightbox=\"lightbox-1004\"> <img loading=\"lazy\" decoding=\"async\" class=\"image-embed-item\" src=\"https:\/\/www.badeparadies.de\/fileadmin\/_processed_\/0\/8\/csm_20230830_VOR_BASTA_Social_Media_25_Jahre_Badeparadies_Eiswiese_Version1_ed295cb926.jpg\" alt=\"\" width=\"200\" height=\"200\" \/> <\/a><\/figure>\n<\/div>\n<\/div>\n<\/div>\n<div class=\"ce-bodytext\">\n<p>Am <strong>25.09.1998 er\u00f6ffnete das Badeparadies Eiswiese<\/strong> seine T\u00fcren und Drehkreuze am Windausweg. Das Stadtbad am Stumpfebiel in der Innenstadt war nicht mehr zeitgem\u00e4\u00df (Schlie\u00dfung 1998, Abriss 2002), so dass sich das damals noch &#8222;Sport und B\u00e4deramt der Stadt G\u00f6ttingen&#8220; bereits 1994 erste Gedanken \u00fcber ein neues Freizeitbad machte. Im Fr\u00fchjahr 1997 begann der Bau auf der Eiswiese, gut 1,5 Jahre danach die Erfolgsgeschichte des Badeparadieses, denn bereits im ersten vollen Betriebsjahr z\u00e4hlte man mehr als 500.000 G\u00e4ste, ausgegangen war man von 350.000 Besucher:innen pro Jahr. Es folgten zahlreiche Erweiterungen mit dem Bau der Doppel-Maa-Sauna 2003, dem Anbau des Gruppenbades mit Lehrschwimmbecken 2004 sowie der Erweiterung des Saunagartens und der Sanierung der Walkem\u00fchle 2010. Nach der Schlie\u00dfung des Therapiebeckens im Seniorenzentrum am Ingeborg-Nahnsen-Platz erfolge 2014 der Anbau mit h\u00f6henverstellbarem Bewegungsbecken, 2018 wurden Rutschenturm und Ruhepavillon saniert. Die gr\u00f6\u00dfte Umbauma\u00dfnahme erfolgte 2020 bis 2021 mit der Sanierung des Innenbereichs der Saunawelt. Wir freuen uns, dass wir durchschnittlich etwa 600.000 G\u00e4ste pro Jahr in Wasser- und Saunawelt (die beiden Corona-Jahre 2020 und 2021 ausgenommen) z\u00e4hlen und m\u00f6chten dies gerne mit Ihnen feiern. <strong>Vom 02. &#8211; 08.10. wird es daher viele tolle Aktionen im Foyer, der Sauna und der Schwimmhalle geben und wir freuen uns, wenn Sie als unsere treuen G\u00e4ste dabei sind.<\/strong><\/p>\n<p><strong>Programm in der Wasserwelt<br \/>Montag, 02.10.: <\/strong>Lichtshow (10-22 Uhr, Sportbecken), Tammo F\u00f6rster (19-21 Uhr)<br \/><strong>Dienstag, 03.10.:<\/strong> Meerjungfrauen-Schnupperkurse (14-18 Uhr, Bewegungsbecken)<br \/><strong>Mittwoch, 04.10.: <\/strong>Rutschmeisterschaften (16-20 Uhr, Rutschenturm)<br \/><strong>Donnerstag, 05.10.:<\/strong> Kinoabend &#8222;Freibad&#8220; (17.30 Uhr) und &#8222;Der wei\u00dfe Hai&#8220; (19.30 Uhr, Sportbecken)<br \/><strong>Freitag, 06.10.: <\/strong>Kinoabend &#8222;Findet Nemo&#8220; (17.30 Uhr), &#8222;Baywatch&#8220; (19.30 Uhr, Kommunikationsbecken)<br \/><strong>Samstag, 07.10.: <\/strong>Candlenight-Schwimmen (ab 20 Uhr, alle Becken)<br \/><strong>Sonntag, 08.10.: <\/strong>Mega-Pool-Party mit Wasserattraktionen (13-17 Uhr, Sportbecken)<\/p>\n<p><strong>Programm in der Saunawelt<\/strong><br \/><strong>Montag, 02.10.:\u00a0<\/strong> Im Gl\u00fcck baden &#8211; Stille Hunde (18 Uhr, Ruhepavillon)<br \/><strong>Dienstag, 03.10.:<\/strong> GSO-Streich-Quartett (18 Uhr, Ruhepavillon)<br \/><strong>Mittwoch, 04.10.: <\/strong>JT-Ensemble (18 Uhr, Ruhepavillon)<br \/><strong>Donnerstag, 05.10.:<\/strong> Americana-Folk-Duo &#8222;The Flat Shoals&#8220; (18 Uhr, Ruhepavillon)<br \/><strong>Freitag, 06.10.: <\/strong>Akkordeon-Musik von Wassili Geiger (18 Uhr, Ruhepavillon)<br \/><strong>Samstag, 07.10.:<\/strong> Lange-Sauna-Nacht mit Feuershow &#8222;Synfonie on Fire&#8220; und Jubil\u00e4umsfeuerwerk<br \/><strong>Sonntag, 08.10.:<\/strong> Piano-Musik von Wassili Geiger (18 Uhr, Ruhepavillon)<\/p>\n<p><strong>Programm im Gruppenbad<\/strong><br \/><strong>Montag, 02.10.:\u00a0<\/strong> Kinderspa\u00df mit Wasserattraktionen (15-17 Uhr)<br \/><strong>Dienstag, 03.10.:<\/strong> Kinderspa\u00df mit Wasserattraktionen (15-17 Uhr)<\/p>\n<\/div>\n<\/div>\n<\/div>\n<\/div>\n<\/div>\n<\/div>\n<\/div>\n<div class=\"container\">\n<div id=\"c613\" class=\"frame frame-default frame-type-div frame-layout-0\">\u00a0<\/div>\n<div class=\"row \">\n<div class=\"col-lg-8   \">\n<div id=\"c614\" class=\"frame frame-default frame-type-image frame-layout-0\">\n<div class=\"ce-image ce-left ce-above\">\u00a0<\/div>\n<\/div>\n<\/div>\n<\/div>\n<\/div>\n<\/blockquote>\n\n\n<p><\/p>\n","protected":false},"excerpt":{"rendered":"<p>(Quelle: https:\/\/www.badeparadies.de\/aktuelles\/aktuelles\/wir-feiern-25-jahre-badeparadies-vom-02-0810) Wir feiern 25 Jahre Badeparadies Eiswiese vom 02.-08.10. September 15, 2023 Am 25.09.1998 er\u00f6ffnete das Badeparadies Eiswiese seine T\u00fcren und Drehkreuze am Windausweg. Das Stadtbad am Stumpfebiel in der Innenstadt war nicht mehr zeitgem\u00e4\u00df (Schlie\u00dfung 1998, Abriss 2002), so dass sich das damals noch &#8222;Sport und B\u00e4deramt der Stadt G\u00f6ttingen&#8220; bereits 1994 erste &#8230; <a title=\"\u201eBadeparadies Eiswiese\u201c feiert 25-j\u00e4hriges Bestehen\" class=\"read-more\" href=\"https:\/\/rt-europaallee.de\/wordpress\/2023\/10\/badeparadies-eiswiese-feiert-25-jaehriges-bestehen\/\" aria-label=\"Mehr Informationen \u00fcber \u201eBadeparadies Eiswiese\u201c feiert 25-j\u00e4hriges Bestehen\">Weiterlesen<\/a><\/p>\n","protected":false},"author":3,"featured_media":0,"comment_status":"closed","ping_status":"open","sticky":false,"template":"","format":"standard","meta":{"footnotes":""},"categories":[1],"tags":[],"class_list":["post-15062","post","type-post","status-publish","format-standard","hentry","category-allgemein"],"_links":{"self":[{"href":"https:\/\/rt-europaallee.de\/wordpress\/wp-json\/wp\/v2\/posts\/15062","targetHints":{"allow":["GET"]}}],"collection":[{"href":"https:\/\/rt-europaallee.de\/wordpress\/wp-json\/wp\/v2\/posts"}],"about":[{"href":"https:\/\/rt-europaallee.de\/wordpress\/wp-json\/wp\/v2\/types\/post"}],"author":[{"embeddable":true,"href":"https:\/\/rt-europaallee.de\/wordpress\/wp-json\/wp\/v2\/users\/3"}],"replies":[{"embeddable":true,"href":"https:\/\/rt-europaallee.de\/wordpress\/wp-json\/wp\/v2\/comments?post=15062"}],"version-history":[{"count":1,"href":"https:\/\/rt-europaallee.de\/wordpress\/wp-json\/wp\/v2\/posts\/15062\/revisions"}],"predecessor-version":[{"id":15063,"href":"https:\/\/rt-europaallee.de\/wordpress\/wp-json\/wp\/v2\/posts\/15062\/revisions\/15063"}],"wp:attachment":[{"href":"https:\/\/rt-europaallee.de\/wordpress\/wp-json\/wp\/v2\/media?parent=15062"}],"wp:term":[{"taxonomy":"category","embeddable":true,"href":"https:\/\/rt-europaallee.de\/wordpress\/wp-json\/wp\/v2\/categories?post=15062"},{"taxonomy":"post_tag","embeddable":true,"href":"https:\/\/rt-europaallee.de\/wordpress\/wp-json\/wp\/v2\/tags?post=15062"}],"curies":[{"name":"wp","href":"https:\/\/api.w.org\/{rel}","templated":true}]}}