{"id":15068,"date":"2023-10-09T18:44:09","date_gmt":"2023-10-09T16:44:09","guid":{"rendered":"http:\/\/rt-europaallee.org\/wordpress\/?p=15068"},"modified":"2023-10-09T18:44:09","modified_gmt":"2023-10-09T16:44:09","slug":"info-vom-weststadtzentrum-goettingen-schach-beim-esv-rot-weiss-goettingen-e-v","status":"publish","type":"post","link":"https:\/\/rt-europaallee.de\/wordpress\/2023\/10\/info-vom-weststadtzentrum-goettingen-schach-beim-esv-rot-weiss-goettingen-e-v\/","title":{"rendered":"Info vom Weststadtzentrum G\u00f6ttingen: Schach beim  ESV Rot-Wei\u00df G\u00f6ttingen e.V."},"content":{"rendered":"<p>(Quelle: <a href=\"https:\/\/www.facebook.com\/WeZetGoettingen\/posts\/pfbid0deu9UCngSY34sChrGFe3EgYuJ2V8wgJDkimkvuKbLzruBbAgHgaoUGxKvjPQ8VvNl?notif_id=1696865216512667&amp;notif_t=notify_me_page&amp;ref=notif\">https:\/\/www.facebook.com\/WeZetGoettingen\/posts\/pfbid0deu9UCngSY34sChrGFe3EgYuJ2V8wgJDkimkvuKbLzruBbAgHgaoUGxKvjPQ8VvNl?notif_id=1696865216512667&amp;notif_t=notify_me_page&amp;ref=notif<\/a>)<\/p>\n<blockquote>\n<h3 class=\"x1heor9g x1qlqyl8 x1pd3egz x1a2a7pz x1gslohp\"><span class=\"x193iq5w xeuugli x13faqbe x1vvkbs x1xmvt09 x6prxxf xvq8zen xo1l8bm xi81zsa\"><span class=\"xt0psk2\"><a class=\"x1i10hfl xjbqb8w x6umtig x1b1mbwd xaqea5y xav7gou x9f619 x1ypdohk xt0psk2 xe8uvvx xdj266r x11i5rnm xat24cr x1mh8g0r xexx8yu x4uap5 x18d9i69 xkhd6sd x16tdsg8 x1hl2dhg xggy1nq x1a2a7pz xt0b8zv xzsf02u x1s688f\" tabindex=\"0\" role=\"link\" href=\"https:\/\/www.facebook.com\/WeZetGoettingen?__cft__[0]=AZWzZEnn2wzHC2tvHxFmg0hQ1AYzuw6WYFEHioNU0R5Amx4rUDqYunaqizIoG10KFpuxu5epeCuVpAD6_qwbVzGyuEvitof9HcJKSPn3RpIJjF_qadQGL4bnSP0E0xygLy2C0QuwZ172UdrPWRaZJ4qX&amp;__tn__=-UC*F\">Weststadtzentrum G\u00f6ttingen<\/a><\/span><\/span><\/h3>\n<p><img decoding=\"async\" class=\"x1bwycvy x193iq5w x4fas0m x19kjcj4\" src=\"https:\/\/scontent-ham3-1.xx.fbcdn.net\/v\/t39.30808-6\/387764402_718189400349495_2853075840613350697_n.jpg?_nc_cat=101&amp;ccb=1-7&amp;_nc_sid=49d041&amp;_nc_ohc=raOv2wziLP4AX-PGIL7&amp;_nc_ht=scontent-ham3-1.xx&amp;oh=00_AfAJBRvd4d4--1AVB2xq2ebUW7HO9Wk6hskf6KJPbu3r_g&amp;oe=652930AD\" alt=\"Ist m\u00f6glicherweise ein Bild von Text\" data-visualcompletion=\"media-vc-image\" \/><\/p>\n<p>(<a href=\"https:\/\/www.facebook.com\/photo\/?fbid=718189410349494&amp;set=a.465521218949649\">https:\/\/www.facebook.com\/photo\/?fbid=718189410349494&amp;set=a.465521218949649<\/a>)<\/p><\/blockquote>\n","protected":false},"excerpt":{"rendered":"<p>(Quelle: https:\/\/www.facebook.com\/WeZetGoettingen\/posts\/pfbid0deu9UCngSY34sChrGFe3EgYuJ2V8wgJDkimkvuKbLzruBbAgHgaoUGxKvjPQ8VvNl?notif_id=1696865216512667&amp;notif_t=notify_me_page&amp;ref=notif) Weststadtzentrum G\u00f6ttingen (https:\/\/www.facebook.com\/photo\/?fbid=718189410349494&amp;set=a.465521218949649)<\/p>\n","protected":false},"author":3,"featured_media":0,"comment_status":"closed","ping_status":"open","sticky":false,"template":"","format":"standard","meta":{"footnotes":""},"categories":[1],"tags":[],"class_list":["post-15068","post","type-post","status-publish","format-standard","hentry","category-allgemein"],"_links":{"self":[{"href":"https:\/\/rt-europaallee.de\/wordpress\/wp-json\/wp\/v2\/posts\/15068","targetHints":{"allow":["GET"]}}],"collection":[{"href":"https:\/\/rt-europaallee.de\/wordpress\/wp-json\/wp\/v2\/posts"}],"about":[{"href":"https:\/\/rt-europaallee.de\/wordpress\/wp-json\/wp\/v2\/types\/post"}],"author":[{"embeddable":true,"href":"https:\/\/rt-europaallee.de\/wordpress\/wp-json\/wp\/v2\/users\/3"}],"replies":[{"embeddable":true,"href":"https:\/\/rt-europaallee.de\/wordpress\/wp-json\/wp\/v2\/comments?post=15068"}],"version-history":[{"count":1,"href":"https:\/\/rt-europaallee.de\/wordpress\/wp-json\/wp\/v2\/posts\/15068\/revisions"}],"predecessor-version":[{"id":15069,"href":"https:\/\/rt-europaallee.de\/wordpress\/wp-json\/wp\/v2\/posts\/15068\/revisions\/15069"}],"wp:attachment":[{"href":"https:\/\/rt-europaallee.de\/wordpress\/wp-json\/wp\/v2\/media?parent=15068"}],"wp:term":[{"taxonomy":"category","embeddable":true,"href":"https:\/\/rt-europaallee.de\/wordpress\/wp-json\/wp\/v2\/categories?post=15068"},{"taxonomy":"post_tag","embeddable":true,"href":"https:\/\/rt-europaallee.de\/wordpress\/wp-json\/wp\/v2\/tags?post=15068"}],"curies":[{"name":"wp","href":"https:\/\/api.w.org\/{rel}","templated":true}]}}