{"id":15084,"date":"2023-10-12T16:40:04","date_gmt":"2023-10-12T14:40:04","guid":{"rendered":"http:\/\/rt-europaallee.org\/wordpress\/?p=15084"},"modified":"2023-10-13T01:50:27","modified_gmt":"2023-10-12T23:50:27","slug":"stellungnahme-vom-integrationsrat-goettingen","status":"publish","type":"post","link":"https:\/\/rt-europaallee.de\/wordpress\/2023\/10\/stellungnahme-vom-integrationsrat-goettingen\/","title":{"rendered":"Stellungnahme vom Integrationsrat G\u00f6ttingen zum Angriff der Hamas"},"content":{"rendered":"\n<p><\/p>\n\n\n<p>(Quelle: <a href=\"https:\/\/www.facebook.com\/irina.schnar.5\/posts\/pfbid0ZzvbBmQXqHqVtDiFGoVUqVMrM2KMq5CZjVp553UvTAVkG3Hjf5677yGFQzMsrNqpl\">https:\/\/www.facebook.com\/irina.schnar.5\/posts\/pfbid0ZzvbBmQXqHqVtDiFGoVUqVMrM2KMq5CZjVp553UvTAVkG3Hjf5677yGFQzMsrNqpl<\/a>)<\/p>\n<blockquote>\n<div class=\"x78zum5 xqtp20y x1emribx\">\n<h3 class=\"x1vqgdyp x1n2onr6 x100vrsf\"><a class=\"x1i10hfl xjbqb8w x6umtig x1b1mbwd xaqea5y xav7gou x9f619 x1ypdohk xt0psk2 xe8uvvx xdj266r x11i5rnm xat24cr x1mh8g0r xexx8yu x4uap5 x18d9i69 xkhd6sd x16tdsg8 x1hl2dhg xggy1nq x1a2a7pz xt0b8zv xzsf02u x1s688f\" style=\"font-family: Roboto, sans-serif; font-size: 30px;\" tabindex=\"0\" role=\"link\" href=\"https:\/\/www.facebook.com\/irina.schnar.5?__cft__[0]=AZU3WKVqeGa-9LZQjRa3zR1CdVAegZ0Xer5zlFrxDa_bQrX0MiNczXXYHFhDlZFArChiZn4mAH8OHB3J_jW9qfhXSU99n0-TGacyoRdetpVlO5Uj8-zr5cjHnO7YEiJ3EqM&amp;__tn__=-UC%2CP-R\"><strong>Irina Schnar<\/strong><\/a><\/h3>\n<\/div>\n<div class=\"\" dir=\"auto\">\n<div id=\":R1al9aqqd9emhpapd5aqH2:\" class=\"x1iorvi4 x1pi30zi x1l90r2v x1swvt13\" data-ad-comet-preview=\"message\" data-ad-preview=\"message\">\n<div class=\"x78zum5 xdt5ytf xz62fqu x16ldp7u\">\n<div class=\"xu06os2 x1ok221b\">\n<div class=\"xdj266r x11i5rnm xat24cr x1mh8g0r x1vvkbs x126k92a\">\n<div dir=\"auto\"><span class=\"x3nfvp2 x1j61x8r x1fcty0u xdj266r xhhsvwb xat24cr xgzva0m xxymvpz xlup9mm x1kky2od\"><span class=\"x193iq5w xeuugli x13faqbe x1vvkbs x1xmvt09 x1lliihq x1s928wv xhkezso x1gmr53x x1cpjm7i x1fgarty x1943h6x xudqn12 x3x7a5m x6prxxf xvq8zen xo1l8bm xzsf02u x1yc453h\" dir=\"auto\">Stellungnahme des Integrationsrats G\u00f6ttingen bez\u00fcglich des Angriffs der Hamas auf die j\u00fcdische Bev\u00f6lkerung in Israel<\/span><\/span><\/div>\n<div dir=\"auto\">\u00a0<\/div>\n<div dir=\"auto\">\u00a0<\/div>\n<\/div>\n<div dir=\"auto\"><img decoding=\"async\" class=\"x85a59c x193iq5w x4fas0m x19kjcj4\" src=\"https:\/\/scontent-ham3-1.xx.fbcdn.net\/v\/t39.30808-6\/387170290_1514515139303710_1054216498120431681_n.jpg?_nc_cat=101&amp;ccb=1-7&amp;_nc_sid=5f2048&amp;_nc_ohc=cTvGvqOuGsQAX89vI6t&amp;_nc_ht=scontent-ham3-1.xx&amp;oh=00_AfDegX7crVsYchSP71msqryIL-fJjQ2ijU7_4Ia-aE8qNg&amp;oe=652DFC2D\" alt=\"Ist m\u00f6glicherweise eine Grafik von Blaupause und Text\" data-visualcompletion=\"media-vc-image\" \/><\/div>\n<div dir=\"auto\">(<a href=\"https:\/\/www.facebook.com\/photo?fbid=1514515079303716&amp;set=pcb.1514515122637045\">https:\/\/www.facebook.com\/photo?fbid=1514515079303716&amp;set=pcb.1514515122637045<\/a>)<\/div>\n<div dir=\"auto\">\u00a0<\/div>\n<div dir=\"auto\"><img decoding=\"async\" class=\"x1bwycvy x193iq5w x4fas0m x19kjcj4\" src=\"https:\/\/scontent-ham3-1.xx.fbcdn.net\/v\/t39.30808-6\/391691044_1515590162529541_3812052377562430681_n.jpg?_nc_cat=109&amp;ccb=1-7&amp;_nc_sid=5614bc&amp;_nc_ohc=SLaivneWSbMAX-J4ezO&amp;_nc_ht=scontent-ham3-1.xx&amp;oh=00_AfCP0_ftzImfPfPkhCj0uISNsVTCG68DddsmCN7n-z8gfQ&amp;oe=652DC473\" alt=\"Ist m\u00f6glicherweise eine Grafik von Text\" data-visualcompletion=\"media-vc-image\" \/><\/div>\n<div dir=\"auto\">(<a href=\"https:\/\/www.facebook.com\/photo?fbid=1514515105970380&amp;set=pcb.1514515122637045\">https:\/\/www.facebook.com\/photo?fbid=1514515105970380&amp;set=pcb.1514515122637045<\/a>)<\/div>\n<\/div>\n<\/div>\n<\/div>\n<\/div>\n<\/blockquote>","protected":false},"excerpt":{"rendered":"<p>(Quelle: https:\/\/www.facebook.com\/irina.schnar.5\/posts\/pfbid0ZzvbBmQXqHqVtDiFGoVUqVMrM2KMq5CZjVp553UvTAVkG3Hjf5677yGFQzMsrNqpl) Irina Schnar Stellungnahme des Integrationsrats G\u00f6ttingen bez\u00fcglich des Angriffs der Hamas auf die j\u00fcdische Bev\u00f6lkerung in Israel \u00a0 \u00a0 (https:\/\/www.facebook.com\/photo?fbid=1514515079303716&amp;set=pcb.1514515122637045) \u00a0 (https:\/\/www.facebook.com\/photo?fbid=1514515105970380&amp;set=pcb.1514515122637045)<\/p>\n","protected":false},"author":3,"featured_media":0,"comment_status":"closed","ping_status":"open","sticky":false,"template":"","format":"standard","meta":{"footnotes":""},"categories":[1],"tags":[],"class_list":["post-15084","post","type-post","status-publish","format-standard","hentry","category-allgemein"],"_links":{"self":[{"href":"https:\/\/rt-europaallee.de\/wordpress\/wp-json\/wp\/v2\/posts\/15084","targetHints":{"allow":["GET"]}}],"collection":[{"href":"https:\/\/rt-europaallee.de\/wordpress\/wp-json\/wp\/v2\/posts"}],"about":[{"href":"https:\/\/rt-europaallee.de\/wordpress\/wp-json\/wp\/v2\/types\/post"}],"author":[{"embeddable":true,"href":"https:\/\/rt-europaallee.de\/wordpress\/wp-json\/wp\/v2\/users\/3"}],"replies":[{"embeddable":true,"href":"https:\/\/rt-europaallee.de\/wordpress\/wp-json\/wp\/v2\/comments?post=15084"}],"version-history":[{"count":3,"href":"https:\/\/rt-europaallee.de\/wordpress\/wp-json\/wp\/v2\/posts\/15084\/revisions"}],"predecessor-version":[{"id":15094,"href":"https:\/\/rt-europaallee.de\/wordpress\/wp-json\/wp\/v2\/posts\/15084\/revisions\/15094"}],"wp:attachment":[{"href":"https:\/\/rt-europaallee.de\/wordpress\/wp-json\/wp\/v2\/media?parent=15084"}],"wp:term":[{"taxonomy":"category","embeddable":true,"href":"https:\/\/rt-europaallee.de\/wordpress\/wp-json\/wp\/v2\/categories?post=15084"},{"taxonomy":"post_tag","embeddable":true,"href":"https:\/\/rt-europaallee.de\/wordpress\/wp-json\/wp\/v2\/tags?post=15084"}],"curies":[{"name":"wp","href":"https:\/\/api.w.org\/{rel}","templated":true}]}}